{"id":14010,"date":"2023-09-03T10:01:00","date_gmt":"2023-09-03T09:01:00","guid":{"rendered":"http:\/\/culturaliagz.com\/?p=14010"},"modified":"2023-09-02T22:37:38","modified_gmt":"2023-09-02T21:37:38","slug":"proxeccion-do-documental-maria-casares-a-muller-que-viviu-mil-vidas-de-xavier-villaverde-no-auditorio-municipal-de-vilalba","status":"publish","type":"post","link":"http:\/\/culturaliagz.com\/?p=14010","title":{"rendered":"Proxecci\u00f3n do documental\u00a0MAR\u00cdA CASARES, A MULLER QUE VIVIU MIL VIDAS,\u00a0de\u00a0Xavier Villaverde, no Auditorio Municipal de Vilalba"},"content":{"rendered":"\n<p><\/p>\n\n\n<div class=\"wp-block-image\">\n<figure class=\"aligncenter size-large is-resized\"><a href=\"http:\/\/culturaliagz.com\/wp-content\/uploads\/2023\/09\/Cartel-A3-Depu-Lugo-scaled.jpeg\" target=\"_blank\" rel=\"noreferrer noopener\"><img loading=\"lazy\" decoding=\"async\" src=\"http:\/\/culturaliagz.com\/wp-content\/uploads\/2023\/09\/Cartel-A3-Depu-Lugo-724x1024.jpeg\" alt=\"\" class=\"wp-image-14011\" width=\"749\" height=\"1059\"\/><\/a><\/figure>\n<\/div>\n\n\n<p><\/p>\n\n\n\n<p><\/p>\n\n\n\n<p><\/p>\n\n\n\n<p class=\"has-text-align-justify\">O <a rel=\"noreferrer noopener\" href=\"https:\/\/estudoschairegos.gal\/\" target=\"_blank\">Instituto de Estudos Chairegos (IESCHA)<\/a>, en colaboraci\u00f3n coa Academia Galega do Audiovisual, coa \u00c1rea de Cultura Vicepresidencia da Deputaci\u00f3n de Lugo e co Concello de Vilalba, organiza a proxecci\u00f3n do documental&nbsp;<strong><a rel=\"noreferrer noopener\" href=\"https:\/\/estudoschairegos.gal\/ciclo-premios-mestre-mateo-proxeccion-do-documental-ganador-maria-casares-a-muller-queviviu-mil-vidas-de-xavier-villaverde-auditorio-municipal-10-09-2023-2000-horas\/\" target=\"_blank\">MAR\u00cdA CASARES, A MULLER QUE VIVIU MIL VIDAS<\/a>,<\/strong>&nbsp;de&nbsp;<strong><em>Xavier Villaverde,<\/em><\/strong>&nbsp;continuando as\u00ed coa programaci\u00f3n do&nbsp;<strong>CICLO MESTRE MATEO <\/strong>que durante o ano&nbsp;<strong>2023<\/strong>&nbsp;br\u00edndanos a oportunidade de poder disfrutar das pel\u00edculas finalistas (documentais e longametraxes) dos<strong>&nbsp;XXI PREMIOS MESTRE MATEO.&nbsp;<\/strong><\/p>\n\n\n\n<p class=\"has-text-align-justify\">Esta terceira proxecci\u00f3n ter\u00e1 lugar no&nbsp;<strong><em>Auditorio Municipal de Vilalba<\/em><\/strong>&nbsp;o&nbsp;<strong>DOMINGO 10 DE SETEMBRO DE 2023<\/strong>, \u00e1s&nbsp;<strong>20:00H.<\/strong><\/p>\n\n\n\n<p><\/p>\n\n\n\n<p>&nbsp;<\/p>\n\n\n<a href=\"http:\/\/culturaliagz.com\/wp-content\/uploads\/2023\/09\/NOTA_INFORMATIVA_MARIA-CASARES.pdf\" class=\"pdfemb-viewer\" style=\"\" data-width=\"max\" data-height=\"max\" data-toolbar=\"bottom\" data-toolbar-fixed=\"off\">NOTA_INFORMATIVA_MARIA-CASARES<\/a>\n<p class=\"wp-block-pdfemb-pdf-embedder-viewer\"><\/p>\n","protected":false},"excerpt":{"rendered":"<p>O Instituto de Estudos Chairegos (IESCHA), en colaboraci\u00f3n coa Academia Galega do Audiovisual, coa \u00c1rea de Cultura Vicepresidencia da Deputaci\u00f3n de Lugo e co Concello de Vilalba, organiza a proxecci\u00f3n [&hellip;]<\/p>\n","protected":false},"author":1,"featured_media":0,"comment_status":"open","ping_status":"open","sticky":false,"template":"","format":"standard","meta":{"_et_pb_use_builder":"","_et_pb_old_content":"","_et_gb_content_width":"","_jetpack_memberships_contains_paid_content":false,"footnotes":""},"categories":[23,7,6,57,1],"tags":[800,769,313,30,234,1796,1797],"class_list":["post-14010","post","type-post","status-publish","format-standard","hentry","category-autoresas","category-creacion","category-novas","category-outras-artes","category-xeral","tag-academia-galega-do-audiovisual","tag-area-de-cultura-vicepresidencia-da-deputacion-provincial-de-lugo","tag-auditorio-municipal-de-vilalba","tag-concello-de-vilalba","tag-iescha","tag-maria-casares-a-muller-que-viviu-mil-vidas","tag-xavier-villaverde"],"jetpack_featured_media_url":"","jetpack_sharing_enabled":true,"_links":{"self":[{"href":"http:\/\/culturaliagz.com\/index.php?rest_route=\/wp\/v2\/posts\/14010","targetHints":{"allow":["GET"]}}],"collection":[{"href":"http:\/\/culturaliagz.com\/index.php?rest_route=\/wp\/v2\/posts"}],"about":[{"href":"http:\/\/culturaliagz.com\/index.php?rest_route=\/wp\/v2\/types\/post"}],"author":[{"embeddable":true,"href":"http:\/\/culturaliagz.com\/index.php?rest_route=\/wp\/v2\/users\/1"}],"replies":[{"embeddable":true,"href":"http:\/\/culturaliagz.com\/index.php?rest_route=%2Fwp%2Fv2%2Fcomments&post=14010"}],"version-history":[{"count":5,"href":"http:\/\/culturaliagz.com\/index.php?rest_route=\/wp\/v2\/posts\/14010\/revisions"}],"predecessor-version":[{"id":14017,"href":"http:\/\/culturaliagz.com\/index.php?rest_route=\/wp\/v2\/posts\/14010\/revisions\/14017"}],"wp:attachment":[{"href":"http:\/\/culturaliagz.com\/index.php?rest_route=%2Fwp%2Fv2%2Fmedia&parent=14010"}],"wp:term":[{"taxonomy":"category","embeddable":true,"href":"http:\/\/culturaliagz.com\/index.php?rest_route=%2Fwp%2Fv2%2Fcategories&post=14010"},{"taxonomy":"post_tag","embeddable":true,"href":"http:\/\/culturaliagz.com\/index.php?rest_route=%2Fwp%2Fv2%2Ftags&post=14010"}],"curies":[{"name":"wp","href":"https:\/\/api.w.org\/{rel}","templated":true}]}}