{"id":13851,"date":"2023-08-10T23:16:21","date_gmt":"2023-08-10T22:16:21","guid":{"rendered":"http:\/\/culturaliagz.com\/?p=13851"},"modified":"2023-08-10T23:17:26","modified_gmt":"2023-08-10T22:17:26","slug":"o-10o-noia-harp-fest-despidese-cunha-chea-de-momentos-que-quedaran-no-noso-maxin-para-sempre","status":"publish","type":"post","link":"http:\/\/culturaliagz.com\/?p=13851","title":{"rendered":"O 10\u00ba Noia Harp Fest desp\u00eddese &#8220;cunha chea de momentos que quedar\u00e1n no noso max\u00edn para sempre&#8221;"},"content":{"rendered":"<div class=\"wp-block-image\">\n<figure class=\"aligncenter size-large\"><a href=\"http:\/\/culturaliagz.com\/wp-content\/uploads\/2023\/08\/20230806-SonDeSeu-no-Noia-Harp-Fest-1.jpeg\" target=\"_blank\" rel=\"noreferrer noopener\"><img loading=\"lazy\" decoding=\"async\" width=\"1024\" height=\"683\" src=\"http:\/\/culturaliagz.com\/wp-content\/uploads\/2023\/08\/20230806-SonDeSeu-no-Noia-Harp-Fest-1-1024x683.jpeg\" alt=\"\" class=\"wp-image-13852\" srcset=\"http:\/\/culturaliagz.com\/wp-content\/uploads\/2023\/08\/20230806-SonDeSeu-no-Noia-Harp-Fest-1-980x653.jpeg 980w, http:\/\/culturaliagz.com\/wp-content\/uploads\/2023\/08\/20230806-SonDeSeu-no-Noia-Harp-Fest-1-480x320.jpeg 480w\" sizes=\"auto, (min-width: 0px) and (max-width: 480px) 480px, (min-width: 481px) and (max-width: 980px) 980px, (min-width: 981px) 1024px, 100vw\" \/><\/a><\/figure>\n<\/div>\n\n\n<p><\/p>\n\n\n\n<p><\/p>\n\n\n\n<p class=\"has-text-align-justify\"><strong>O director do Festival Internacional de Arpa Vila de Noia, Rodrigo Roman\u00ed,&nbsp;salienta o apoio do p\u00fablico e o seu respecto absoluto \u00e1 interpretaci\u00f3n das e dos artistas que actuaron este ver\u00e1n no certame musical<\/strong><\/p>\n\n\n\n<p class=\"has-text-align-justify\"><strong>O festival acolleu do 3 ao 6 de agosto nove concertos de balde, nos cales&nbsp;<\/strong><strong>houbo tres estreas absolutas e nos que destacou a alta presenza de mulleres arpistas protagonistas, como foi o caso de&nbsp;<\/strong><strong>Laoise Kelly,<\/strong>&nbsp;<strong>Beatriz Cortes\u00e3o, Musg\u00f6, Elisabeth Cerra, Claudia Besn\u00e9, Bego\u00f1a Riob\u00f3 ou Beatriz Mart\u00ednez<\/strong><\/p>\n\n\n\n<p class=\"has-text-align-justify\"><strong><em>Hibrys, a<\/em>&nbsp;obra ga\u00f1adora do I Premio Portus Apostoli, promovido polo festival e polo Concello de Noia, ter\u00e1 percorrido internacional: estrearase en xu\u00f1o de 2024 en Arxentina<\/strong><\/p>\n\n\n\n<p><\/p>\n\n\n\n<figure class=\"wp-block-gallery has-nested-images columns-default is-cropped wp-block-gallery-1 is-layout-flex wp-block-gallery-is-layout-flex\">\n<figure class=\"wp-block-image size-large\"><a href=\"http:\/\/culturaliagz.com\/wp-content\/uploads\/2023\/08\/20230805-RFG-no-Noia-Harp-Fest-3.jpeg\" target=\"_blank\" rel=\"noreferrer noopener\"><img loading=\"lazy\" decoding=\"async\" width=\"1024\" height=\"683\" data-id=\"13856\" src=\"http:\/\/culturaliagz.com\/wp-content\/uploads\/2023\/08\/20230805-RFG-no-Noia-Harp-Fest-3-1024x683.jpeg\" alt=\"\" class=\"wp-image-13856\" srcset=\"http:\/\/culturaliagz.com\/wp-content\/uploads\/2023\/08\/20230805-RFG-no-Noia-Harp-Fest-3-980x653.jpeg 980w, http:\/\/culturaliagz.com\/wp-content\/uploads\/2023\/08\/20230805-RFG-no-Noia-Harp-Fest-3-480x320.jpeg 480w\" sizes=\"auto, (min-width: 0px) and (max-width: 480px) 480px, (min-width: 481px) and (max-width: 980px) 980px, (min-width: 981px) 1024px, 100vw\" \/><\/a><\/figure>\n\n\n\n<figure class=\"wp-block-image size-large\"><a href=\"http:\/\/culturaliagz.com\/wp-content\/uploads\/2023\/08\/20230806-SonDeSeu-no-Noia-Harp-Fest-2.jpeg\" target=\"_blank\" rel=\"noreferrer noopener\"><img loading=\"lazy\" decoding=\"async\" width=\"1024\" height=\"683\" data-id=\"13855\" src=\"http:\/\/culturaliagz.com\/wp-content\/uploads\/2023\/08\/20230806-SonDeSeu-no-Noia-Harp-Fest-2-1024x683.jpeg\" alt=\"\" class=\"wp-image-13855\" srcset=\"http:\/\/culturaliagz.com\/wp-content\/uploads\/2023\/08\/20230806-SonDeSeu-no-Noia-Harp-Fest-2-980x653.jpeg 980w, http:\/\/culturaliagz.com\/wp-content\/uploads\/2023\/08\/20230806-SonDeSeu-no-Noia-Harp-Fest-2-480x320.jpeg 480w\" sizes=\"auto, (min-width: 0px) and (max-width: 480px) 480px, (min-width: 481px) and (max-width: 980px) 980px, (min-width: 981px) 1024px, 100vw\" \/><\/a><\/figure>\n\n\n\n<figure class=\"wp-block-image size-large\"><a href=\"http:\/\/culturaliagz.com\/wp-content\/uploads\/2023\/08\/20230805-RFG-no-Noia-Harp-Fest-2.jpeg\" target=\"_blank\" rel=\"noreferrer noopener\"><img loading=\"lazy\" decoding=\"async\" width=\"1024\" height=\"683\" data-id=\"13857\" src=\"http:\/\/culturaliagz.com\/wp-content\/uploads\/2023\/08\/20230805-RFG-no-Noia-Harp-Fest-2-1024x683.jpeg\" alt=\"\" class=\"wp-image-13857\" srcset=\"http:\/\/culturaliagz.com\/wp-content\/uploads\/2023\/08\/20230805-RFG-no-Noia-Harp-Fest-2-980x653.jpeg 980w, http:\/\/culturaliagz.com\/wp-content\/uploads\/2023\/08\/20230805-RFG-no-Noia-Harp-Fest-2-480x320.jpeg 480w\" sizes=\"auto, (min-width: 0px) and (max-width: 480px) 480px, (min-width: 481px) and (max-width: 980px) 980px, (min-width: 981px) 1024px, 100vw\" \/><\/a><\/figure>\n\n\n\n<figure class=\"wp-block-image size-large\"><a href=\"http:\/\/culturaliagz.com\/wp-content\/uploads\/2023\/08\/20230806-Musgo-no-Noia-Harp-Fest.jpeg\" target=\"_blank\" rel=\"noreferrer noopener\"><img loading=\"lazy\" decoding=\"async\" width=\"1024\" height=\"683\" data-id=\"13854\" src=\"http:\/\/culturaliagz.com\/wp-content\/uploads\/2023\/08\/20230806-Musgo-no-Noia-Harp-Fest-1024x683.jpeg\" alt=\"\" class=\"wp-image-13854\" srcset=\"http:\/\/culturaliagz.com\/wp-content\/uploads\/2023\/08\/20230806-Musgo-no-Noia-Harp-Fest-980x653.jpeg 980w, http:\/\/culturaliagz.com\/wp-content\/uploads\/2023\/08\/20230806-Musgo-no-Noia-Harp-Fest-480x320.jpeg 480w\" sizes=\"auto, (min-width: 0px) and (max-width: 480px) 480px, (min-width: 481px) and (max-width: 980px) 980px, (min-width: 981px) 1024px, 100vw\" \/><\/a><\/figure>\n\n\n\n<figure class=\"wp-block-image size-large\"><a href=\"http:\/\/culturaliagz.com\/wp-content\/uploads\/2023\/08\/20230805-RFG-no-Noia-Harp-Fest-1.jpeg\" target=\"_blank\" rel=\"noreferrer noopener\"><img loading=\"lazy\" decoding=\"async\" width=\"1024\" height=\"683\" data-id=\"13853\" src=\"http:\/\/culturaliagz.com\/wp-content\/uploads\/2023\/08\/20230805-RFG-no-Noia-Harp-Fest-1-1024x683.jpeg\" alt=\"\" class=\"wp-image-13853\" srcset=\"http:\/\/culturaliagz.com\/wp-content\/uploads\/2023\/08\/20230805-RFG-no-Noia-Harp-Fest-1-980x653.jpeg 980w, http:\/\/culturaliagz.com\/wp-content\/uploads\/2023\/08\/20230805-RFG-no-Noia-Harp-Fest-1-480x320.jpeg 480w\" sizes=\"auto, (min-width: 0px) and (max-width: 480px) 480px, (min-width: 481px) and (max-width: 980px) 980px, (min-width: 981px) 1024px, 100vw\" \/><\/a><\/figure>\n<\/figure>\n\n\n\n<p><\/p>\n\n\n\n<p class=\"has-text-align-justify\">O <a href=\"https:\/\/noiaharpfest.gal\/\" target=\"_blank\" rel=\"noreferrer noopener\">Festival Internacional de Arpa Vila de Noia<\/a> pecha a s\u00faa d\u00e9cima edici\u00f3n cunha valoraci\u00f3n moi positiva. O director do evento, Rodrigo Roman\u00ed, destaca o \u00e9xito da celebraci\u00f3n nun ano moi especial, cando se cumpren dez anos desde o inicio do festival, as\u00ed como \u201cos grandes momentos que sempre lembraremos deste ver\u00e1n\u201d.&nbsp;<\/p>\n\n\n\n<p class=\"has-text-align-justify\">\u201cHoubo moitos momentos m\u00e1xicos nesta edici\u00f3n. Entre eles, esas noites da Praza do Tapal, cun p\u00fablico cun entusiasmo que rebordaba o espazo, e que cun silencio absoluto escoitou a estrea de&nbsp;<em>Hibrys<\/em>, coa Real Filharmon\u00eda de Galicia, ou que gozou da primeira escoita das novas suites interpretadas por SondeSeu\u201d, apunta Roman\u00ed. O director tam\u00e9n destaca a vertente social e educativa do evento, que se fixo efectiva especificamente coa celebraci\u00f3n da segunda edici\u00f3n do encontro do alumnado das escolas de arpa de Galicia na inauguraci\u00f3n do festival. \u201cFoi unha magn\u00edfica xornada de convivencia en Noia, con actividades de lecer e tam\u00e9n ensaios conxuntos. Este encontro exemplifica a raz\u00f3n de ser deste festival, que non \u00e9 outro que a celebraci\u00f3n da m\u00fasica arredor da arpa\u201d, asevera Roman\u00ed, quen engade: \u201cForon momentos moi felices, que nos animan a seguir traballando nas vindeiras ocasi\u00f3ns e que sen d\u00fabida, quedar\u00e1n para sempre no noso max\u00edn\u201d.&nbsp;<\/p>\n\n\n\n<p class=\"has-text-align-justify\">O Noia Harp Fest celebrouse do 3 ao 6 de agosto en Noia. Nove concertos de balde, con tres estreas absolutas &#8211;<em>Hibrys,<\/em> de Alejandro Civilotti, ga\u00f1adora da primeira edici\u00f3n do Premio Portus Apostoli promovido polo propio festival e o Concello de Noia; e as suites&nbsp;<em>Micelio&nbsp;<\/em>e&nbsp;<em>Escumas Atl\u00e1nticas,<\/em>&nbsp;escritas por Anxo Pintos e Rodrigo Roman\u00ed, respectivamente-, centraron un programa no que as mulleres arpistas foron protagonistas.&nbsp;<strong>Laoise Kelly, Beatriz Cortes\u00e3o, Musg\u00f6, Elisabeth Cerra e Claudia Besn\u00e9<\/strong>&nbsp;foron cabezas de cartel dun programa que tam\u00e9n contou coa presenza de&nbsp;<strong>Bego\u00f1a Riob\u00f3, Mary Macmaster e Beatriz Mart\u00ednez,&nbsp;<\/strong>bandas como&nbsp;<strong>The Pozzies,&nbsp;<\/strong>d\u00faos como o de&nbsp;<strong>Gilles Chabenat &amp; Daniela Heiderich;<\/strong>&nbsp;ou mesmo orquestras como a&nbsp;<strong>Real Filharmon\u00eda de Galicia<\/strong>&nbsp;e&nbsp;<strong>SonDeSeu.&nbsp;<\/strong><\/p>\n\n\n\n<p class=\"has-text-align-justify\">\u201cCelebramos os dez anos con moita ilusi\u00f3n e xa estamos pensando na seguinte edici\u00f3n, da que xa est\u00e1 convocado o&nbsp;<strong>II Premio Portus Apostoli de Composici\u00f3n,<\/strong>&nbsp;nesta ocasi\u00f3n para o fomento da creaci\u00f3n e promoci\u00f3n de obra para arpa e banda\u201d, exp\u00f3n Roman\u00ed, quen lembra que a obra ga\u00f1adora ser\u00e1 interpretada o ano que v\u00e9n pola banda municipal de m\u00fasica de Santiago coa colaboraci\u00f3n da banda de Noia. Ao f\u00edo, Rodrigo Roman\u00ed sinala que&nbsp;<strong>a peza ga\u00f1adora da primeira edici\u00f3n,&nbsp;<em>Hibrys,<\/em>&nbsp;ter\u00e1 percorrido internacional.&nbsp;<\/strong>\u201cA obra estrearase o 1 de xu\u00f1o de 2024 na localidade arxentina de Paran\u00e1, da man da Orquestra Sinf\u00f3nica Entre R\u00edos, baixo a direcci\u00f3n do espa\u00f1ol Jos\u00e9 Miguel Rodilla e con Florecia Arizpe como solista. Este feito confirma o obxectivo fundamental do certame, que non \u00e9 outro que ampliar o repertorio de obra para arpa e orquestra\u201d, confirma o director.&nbsp;&nbsp;<\/p>\n\n\n\n<p class=\"has-text-align-justify\">A d\u00e9cima edici\u00f3n do&nbsp;Noia Harp Fest, festival organizado pola asociaci\u00f3n hom\u00f3nima e Nalgures Produci\u00f3ns, contou co patrocinio da Xunta de Galicia a trav\u00e9s da Axencia Turismo de Galicia, do Concello de Noia e da distribuidora musical Altafonte. Tam\u00e9n colaboraron nesta edici\u00f3n o Liceo de Noia e a Asociaci\u00f3n de Espa\u00f1ola de Arpistas (AEDA). O web no que se pode ver o programa e toda a informaci\u00f3n desta edici\u00f3n, ademais das bases da segunda edici\u00f3n do Premio Internacional Portus Apostoli de Composici\u00f3n \u00e9&nbsp;<a href=\"http:\/\/www.noiaharpfest.gal\/\" target=\"_blank\" rel=\"noreferrer noopener\"><strong>www.noiaharpfest.gal<\/strong><\/a><strong>.&nbsp;<\/strong><\/p>\n\n\n\n<p><\/p>\n\n\n<a href=\"http:\/\/culturaliagz.com\/wp-content\/uploads\/2023\/08\/20230810-NP-Noia-Harp-Fest-BALANCE.pdf\" class=\"pdfemb-viewer\" style=\"\" data-width=\"max\" data-height=\"max\" data-toolbar=\"bottom\" data-toolbar-fixed=\"off\">20230810-NP-Noia-Harp-Fest-BALANCE<\/a>\n<p class=\"wp-block-pdfemb-pdf-embedder-viewer\"><\/p>\n","protected":false},"excerpt":{"rendered":"<p>O director do Festival Internacional de Arpa Vila de Noia, Rodrigo Roman\u00ed,&nbsp;salienta o apoio do p\u00fablico e o seu respecto absoluto \u00e1 interpretaci\u00f3n das e dos artistas que actuaron este [&hellip;]<\/p>\n","protected":false},"author":1,"featured_media":0,"comment_status":"open","ping_status":"open","sticky":false,"template":"","format":"standard","meta":{"_et_pb_use_builder":"","_et_pb_old_content":"","_et_gb_content_width":"","_jetpack_memberships_contains_paid_content":false,"footnotes":""},"categories":[23,7,6,57,1],"tags":[1155,1266],"class_list":["post-13851","post","type-post","status-publish","format-standard","hentry","category-autoresas","category-creacion","category-novas","category-outras-artes","category-xeral","tag-noia-harp-fest","tag-rodrigo-romani"],"jetpack_featured_media_url":"","jetpack_sharing_enabled":true,"_links":{"self":[{"href":"http:\/\/culturaliagz.com\/index.php?rest_route=\/wp\/v2\/posts\/13851","targetHints":{"allow":["GET"]}}],"collection":[{"href":"http:\/\/culturaliagz.com\/index.php?rest_route=\/wp\/v2\/posts"}],"about":[{"href":"http:\/\/culturaliagz.com\/index.php?rest_route=\/wp\/v2\/types\/post"}],"author":[{"embeddable":true,"href":"http:\/\/culturaliagz.com\/index.php?rest_route=\/wp\/v2\/users\/1"}],"replies":[{"embeddable":true,"href":"http:\/\/culturaliagz.com\/index.php?rest_route=%2Fwp%2Fv2%2Fcomments&post=13851"}],"version-history":[{"count":3,"href":"http:\/\/culturaliagz.com\/index.php?rest_route=\/wp\/v2\/posts\/13851\/revisions"}],"predecessor-version":[{"id":13861,"href":"http:\/\/culturaliagz.com\/index.php?rest_route=\/wp\/v2\/posts\/13851\/revisions\/13861"}],"wp:attachment":[{"href":"http:\/\/culturaliagz.com\/index.php?rest_route=%2Fwp%2Fv2%2Fmedia&parent=13851"}],"wp:term":[{"taxonomy":"category","embeddable":true,"href":"http:\/\/culturaliagz.com\/index.php?rest_route=%2Fwp%2Fv2%2Fcategories&post=13851"},{"taxonomy":"post_tag","embeddable":true,"href":"http:\/\/culturaliagz.com\/index.php?rest_route=%2Fwp%2Fv2%2Ftags&post=13851"}],"curies":[{"name":"wp","href":"https:\/\/api.w.org\/{rel}","templated":true}]}}