{"id":13823,"date":"2023-08-07T21:29:00","date_gmt":"2023-08-07T20:29:00","guid":{"rendered":"http:\/\/culturaliagz.com\/?p=13823"},"modified":"2023-08-07T22:14:41","modified_gmt":"2023-08-07T21:14:41","slug":"ruta-das-cruces-e-ruta-das-fontes-pola-parroquia-de-pino-en-cospeito","status":"publish","type":"post","link":"http:\/\/culturaliagz.com\/?p=13823","title":{"rendered":"Ruta das Cruces e Ruta das Fontes pola parroquia de Pino, en Cospeito"},"content":{"rendered":"\n<p><\/p>\n\n\n\n<figure class=\"wp-block-gallery has-nested-images columns-default is-cropped wp-block-gallery-1 is-layout-flex wp-block-gallery-is-layout-flex\">\n<figure class=\"wp-block-image size-large\"><a href=\"http:\/\/culturaliagz.com\/wp-content\/uploads\/2023\/08\/IMG_1270.jpeg\" target=\"_blank\" rel=\"noreferrer noopener\"><img loading=\"lazy\" decoding=\"async\" width=\"960\" height=\"960\" data-id=\"13825\" src=\"http:\/\/culturaliagz.com\/wp-content\/uploads\/2023\/08\/IMG_1270.jpeg\" alt=\"\" class=\"wp-image-13825\" srcset=\"http:\/\/culturaliagz.com\/wp-content\/uploads\/2023\/08\/IMG_1270.jpeg 960w, http:\/\/culturaliagz.com\/wp-content\/uploads\/2023\/08\/IMG_1270-480x480.jpeg 480w\" sizes=\"auto, (min-width: 0px) and (max-width: 480px) 480px, (min-width: 481px) 960px, 100vw\" \/><\/a><\/figure>\n\n\n\n<figure class=\"wp-block-image size-large\"><a href=\"http:\/\/culturaliagz.com\/wp-content\/uploads\/2023\/08\/IMG_1271.jpeg\" target=\"_blank\" rel=\"noreferrer noopener\"><img loading=\"lazy\" decoding=\"async\" width=\"960\" height=\"960\" data-id=\"13824\" src=\"http:\/\/culturaliagz.com\/wp-content\/uploads\/2023\/08\/IMG_1271.jpeg\" alt=\"\" class=\"wp-image-13824\" srcset=\"http:\/\/culturaliagz.com\/wp-content\/uploads\/2023\/08\/IMG_1271.jpeg 960w, http:\/\/culturaliagz.com\/wp-content\/uploads\/2023\/08\/IMG_1271-480x480.jpeg 480w\" sizes=\"auto, (min-width: 0px) and (max-width: 480px) 480px, (min-width: 481px) 960px, 100vw\" \/><\/a><\/figure>\n<\/figure>\n\n\n\n<p><\/p>\n\n\n\n<p><\/p>\n\n\n\n<p class=\"has-text-align-justify\">A <a rel=\"noreferrer noopener\" href=\"https:\/\/www.facebook.com\/asoc.devecinospino\/\" target=\"_blank\">Asociaci\u00f3n Recreativo Cultural de San Marti\u00f1o de Pino<\/a> (Cospeito) organiza para a pen\u00faltima semana do presente mes de agosto d\u00faas rutas por esta parroquia chairega. Tr\u00e1tase da <strong>Ruta das Cruces<\/strong> e da <strong>Ruta das Fontes<\/strong> que se desenvolver\u00e1n nas tardes do 22 e o 24 de agosto, respectivamente.<\/p>\n\n\n\n<p class=\"has-text-align-justify\">\u00c1mbalas rutas ser\u00e1n guiadas polo veci\u00f1o da propia parroquia de Pino, <em>Jos\u00e9 Manuel Pena Regueiro<\/em> <\/p>\n\n\n\n<p class=\"has-text-align-justify\">Para participar nas mesmas non ser\u00e1 precisa realizar inscrici\u00f3n previa. E ao final delas celebraranse pequenas merendas co alimento que leve cada participante. <\/p>\n","protected":false},"excerpt":{"rendered":"<p>A Asociaci\u00f3n Recreativo Cultural de San Marti\u00f1o de Pino (Cospeito) organiza para a pen\u00faltima semana do presente mes de agosto d\u00faas rutas por esta parroquia chairega. Tr\u00e1tase da Ruta das [&hellip;]<\/p>\n","protected":false},"author":1,"featured_media":0,"comment_status":"open","ping_status":"open","sticky":false,"template":"","format":"standard","meta":{"_et_pb_use_builder":"","_et_pb_old_content":"","_et_gb_content_width":"","_jetpack_memberships_contains_paid_content":false,"footnotes":""},"categories":[7,6,57,1],"tags":[580,1769,1770,1771],"class_list":["post-13823","post","type-post","status-publish","format-standard","hentry","category-creacion","category-novas","category-outras-artes","category-xeral","tag-asociacion-recreativo-cultural-de-san-martino-de-pino","tag-jose-manuel-pena-regueiro","tag-ruta-das-cruces","tag-ruta-das-fontes"],"jetpack_featured_media_url":"","jetpack_sharing_enabled":true,"_links":{"self":[{"href":"http:\/\/culturaliagz.com\/index.php?rest_route=\/wp\/v2\/posts\/13823","targetHints":{"allow":["GET"]}}],"collection":[{"href":"http:\/\/culturaliagz.com\/index.php?rest_route=\/wp\/v2\/posts"}],"about":[{"href":"http:\/\/culturaliagz.com\/index.php?rest_route=\/wp\/v2\/types\/post"}],"author":[{"embeddable":true,"href":"http:\/\/culturaliagz.com\/index.php?rest_route=\/wp\/v2\/users\/1"}],"replies":[{"embeddable":true,"href":"http:\/\/culturaliagz.com\/index.php?rest_route=%2Fwp%2Fv2%2Fcomments&post=13823"}],"version-history":[{"count":6,"href":"http:\/\/culturaliagz.com\/index.php?rest_route=\/wp\/v2\/posts\/13823\/revisions"}],"predecessor-version":[{"id":13832,"href":"http:\/\/culturaliagz.com\/index.php?rest_route=\/wp\/v2\/posts\/13823\/revisions\/13832"}],"wp:attachment":[{"href":"http:\/\/culturaliagz.com\/index.php?rest_route=%2Fwp%2Fv2%2Fmedia&parent=13823"}],"wp:term":[{"taxonomy":"category","embeddable":true,"href":"http:\/\/culturaliagz.com\/index.php?rest_route=%2Fwp%2Fv2%2Fcategories&post=13823"},{"taxonomy":"post_tag","embeddable":true,"href":"http:\/\/culturaliagz.com\/index.php?rest_route=%2Fwp%2Fv2%2Ftags&post=13823"}],"curies":[{"name":"wp","href":"https:\/\/api.w.org\/{rel}","templated":true}]}}