{"id":1382,"date":"2017-05-17T13:16:36","date_gmt":"2017-05-17T12:16:36","guid":{"rendered":"http:\/\/culturaliagz.com\/?p=1382"},"modified":"2017-05-17T13:17:29","modified_gmt":"2017-05-17T12:17:29","slug":"dia-das-letras-galegas","status":"publish","type":"post","link":"http:\/\/culturaliagz.com\/?p=1382","title":{"rendered":"D\u00cdA DAS LETRAS GALEGAS"},"content":{"rendered":"<p>\u00c1s veces, o noso pensamento emerxe dende os vales m\u00e1is fondos da memoria, onde se gardan as lembranzas que nos van acompa\u00f1ar por sempre, e podemos decatarnos do fonda e importante que \u00e9 a nosa fala. Cando lembro as cantigas de berce que con infinito amor me cantaba mi\u00f1a nai, cando era meni\u00f1a e ti\u00f1a medo \u00e1 escuridade, ou cando meu pai, agarrado \u00f3 arado tam\u00e9n falaba \u00e1s vacas na nosa fala&#8230; Eu crieime ouvindo esas tenras verbas no meu fogar, xentes humildes e labregas, (das que me sinto fel\u00edz de formar parte), nacidas no coraz\u00f3n da aldea, onde todo era moito m\u00e1is sinxelo, e non hab\u00eda perxuizos.<\/p>\n<p>Agardo e desexo con todo o meu sentimento, que non se esqueza de falar na l\u00edngoa galega, que se siga espallando cada vez m\u00e1is, non somentes aqu\u00ed na nosa terra, se non que chegue a ser unha l\u00edngoa importante e reco\u00f1ecida, ainda que sexa unha utop\u00eda m\u00e1is, coma tantas outras&#8230; Debemos ter esperanza, confiar en que se vendan moitos libros no noso idioma, que os galegos nos decatemos de que se n\u00f3s non o facemos, naide vai pelexar por n\u00f3s, seguiremos loitando por unha fala que nos representa, que d\u00ed como somos, que nos enche de morri\u00f1a, que non nos priva de falar outras l\u00edngoas, (creo que son perfectamente compatibles)<br \/>\n, pero que nos nosos pensamentos e no noso coraz\u00f3n, todos e cada un de n\u00f3s, levamos estas verbas agarimosas que nos acompa\u00f1aron \u00f3 longo da nosa nenez, por iso, loitemos porque non se perdan as nosas ra\u00edzes, a nosa enxebreza, a nosa matria, e por suposto A NOSA FALA.<img loading=\"lazy\" decoding=\"async\" class=\"aligncenter size-medium wp-image-1384\" src=\"http:\/\/culturaliagz.com\/wp-content\/uploads\/2017\/05\/18394-222x300.jpg\" alt=\"\" width=\"222\" height=\"300\" srcset=\"http:\/\/culturaliagz.com\/wp-content\/uploads\/2017\/05\/18394-222x300.jpg 222w, http:\/\/culturaliagz.com\/wp-content\/uploads\/2017\/05\/18394.jpg 365w\" sizes=\"auto, (max-width: 222px) 100vw, 222px\" \/><\/p>\n","protected":false},"excerpt":{"rendered":"<p>\u00c1s veces, o noso pensamento emerxe dende os vales m\u00e1is fondos da memoria, onde se gardan as lembranzas que nos van acompa\u00f1ar por sempre, e podemos decatarnos do fonda e [&hellip;]<\/p>\n","protected":false},"author":7,"featured_media":0,"comment_status":"open","ping_status":"open","sticky":false,"template":"","format":"standard","meta":{"_et_pb_use_builder":"","_et_pb_old_content":"","_et_gb_content_width":"","_jetpack_memberships_contains_paid_content":false,"footnotes":""},"categories":[7,1],"tags":[],"class_list":["post-1382","post","type-post","status-publish","format-standard","hentry","category-creacion","category-xeral"],"jetpack_featured_media_url":"","jetpack_sharing_enabled":true,"_links":{"self":[{"href":"http:\/\/culturaliagz.com\/index.php?rest_route=\/wp\/v2\/posts\/1382","targetHints":{"allow":["GET"]}}],"collection":[{"href":"http:\/\/culturaliagz.com\/index.php?rest_route=\/wp\/v2\/posts"}],"about":[{"href":"http:\/\/culturaliagz.com\/index.php?rest_route=\/wp\/v2\/types\/post"}],"author":[{"embeddable":true,"href":"http:\/\/culturaliagz.com\/index.php?rest_route=\/wp\/v2\/users\/7"}],"replies":[{"embeddable":true,"href":"http:\/\/culturaliagz.com\/index.php?rest_route=%2Fwp%2Fv2%2Fcomments&post=1382"}],"version-history":[{"count":1,"href":"http:\/\/culturaliagz.com\/index.php?rest_route=\/wp\/v2\/posts\/1382\/revisions"}],"predecessor-version":[{"id":1385,"href":"http:\/\/culturaliagz.com\/index.php?rest_route=\/wp\/v2\/posts\/1382\/revisions\/1385"}],"wp:attachment":[{"href":"http:\/\/culturaliagz.com\/index.php?rest_route=%2Fwp%2Fv2%2Fmedia&parent=1382"}],"wp:term":[{"taxonomy":"category","embeddable":true,"href":"http:\/\/culturaliagz.com\/index.php?rest_route=%2Fwp%2Fv2%2Fcategories&post=1382"},{"taxonomy":"post_tag","embeddable":true,"href":"http:\/\/culturaliagz.com\/index.php?rest_route=%2Fwp%2Fv2%2Ftags&post=1382"}],"curies":[{"name":"wp","href":"https:\/\/api.w.org\/{rel}","templated":true}]}}