{"id":13807,"date":"2023-08-07T15:23:27","date_gmt":"2023-08-07T14:23:27","guid":{"rendered":"http:\/\/culturaliagz.com\/?p=13807"},"modified":"2023-08-07T15:23:31","modified_gmt":"2023-08-07T14:23:31","slug":"hoxe-arranca-o-26o-salon-internacional-do-comic-da-coruna-vinetas-desde-o-atlantico-2023","status":"publish","type":"post","link":"http:\/\/culturaliagz.com\/?p=13807","title":{"rendered":"Hoxe arranca o\u00a026\u00ba Sal\u00f3n Internacional do C\u00f3mic da Coru\u00f1a \u201cVi\u00f1etas desde o Atl\u00e1ntico 2023\u201d"},"content":{"rendered":"\n<p><\/p>\n\n\n<div class=\"wp-block-image\">\n<figure class=\"aligncenter size-large\"><a href=\"http:\/\/culturaliagz.com\/wp-content\/uploads\/2023\/08\/Vinetas-Palexco-3957\u00a9VanessaRabade.jpeg\" target=\"_blank\" rel=\"noreferrer noopener\"><img loading=\"lazy\" decoding=\"async\" width=\"1024\" height=\"682\" src=\"http:\/\/culturaliagz.com\/wp-content\/uploads\/2023\/08\/Vinetas-Palexco-3957\u00a9VanessaRabade-1024x682.jpeg\" alt=\"\" class=\"wp-image-13808\" srcset=\"http:\/\/culturaliagz.com\/wp-content\/uploads\/2023\/08\/Vinetas-Palexco-3957\u00a9VanessaRabade-1024x682.jpeg 1024w, http:\/\/culturaliagz.com\/wp-content\/uploads\/2023\/08\/Vinetas-Palexco-3957\u00a9VanessaRabade-300x200.jpeg 300w, http:\/\/culturaliagz.com\/wp-content\/uploads\/2023\/08\/Vinetas-Palexco-3957\u00a9VanessaRabade-768x512.jpeg 768w, http:\/\/culturaliagz.com\/wp-content\/uploads\/2023\/08\/Vinetas-Palexco-3957\u00a9VanessaRabade-1536x1024.jpeg 1536w, http:\/\/culturaliagz.com\/wp-content\/uploads\/2023\/08\/Vinetas-Palexco-3957\u00a9VanessaRabade-1080x720.jpeg 1080w, http:\/\/culturaliagz.com\/wp-content\/uploads\/2023\/08\/Vinetas-Palexco-3957\u00a9VanessaRabade-1280x853.jpeg 1280w, http:\/\/culturaliagz.com\/wp-content\/uploads\/2023\/08\/Vinetas-Palexco-3957\u00a9VanessaRabade-980x653.jpeg 980w, http:\/\/culturaliagz.com\/wp-content\/uploads\/2023\/08\/Vinetas-Palexco-3957\u00a9VanessaRabade-480x320.jpeg 480w, http:\/\/culturaliagz.com\/wp-content\/uploads\/2023\/08\/Vinetas-Palexco-3957\u00a9VanessaRabade.jpeg 2000w\" sizes=\"auto, (max-width: 1024px) 100vw, 1024px\" \/><\/a><\/figure>\n<\/div>\n\n\n<p><\/p>\n\n\n\n<p class=\"has-text-align-justify\"><strong>Durante sete d\u00edas, at\u00e9 o\u00a0domingo 13 de agosto, a cidade herculina conv\u00e9rtese na capital universal da banda dese\u00f1ada, con m\u00e1is dun centenar de propostas: exposici\u00f3ns, sinaturas con autor\u00edas de referencia do sector, m\u00fasica, un ciclo de cinema de animaci\u00f3n, visitas, mesas redondas, etc.\u00a0<\/strong><\/p>\n\n\n\n<p class=\"has-text-align-justify\"><strong>Este luns, 7 de agosto, o programa de Vi\u00f1etas incl\u00fae, ademais da apertura das s\u00faas sete exposici\u00f3ns, o primeiro dos obradoiros infant\u00eds de Vi\u00f1etas Lab, no Palco da M\u00fasica dos Xard\u00edns de M\u00e9ndez N\u00fa\u00f1ez, \u00e1s&nbsp;19.00h, e o concerto ilustrado de Hongo, \u00e1s&nbsp;21.00h, no Teatro Col\u00f3n<\/strong><\/p>\n\n\n\n<p class=\"has-text-align-justify\"><strong>A R\u00faa da BD, que re\u00fanen a mellor selecci\u00f3n editorial de banda dese\u00f1ada de hoxe e de sempre, comezar\u00e1 a s\u00faa andaina de 18.00 a\u00a021.00h\u00a0e, nesta tarde de luns, contar\u00e1 coas sinaturas de Jorge Campos (Anaya), Paula Chesire (Fandogamia) e Javier Monja Potente e Frank Pe\u00f1as Arias (T-Raptor Editorial)<\/strong><\/p>\n\n\n\n<p class=\"has-text-align-justify\"><strong>A inauguraci\u00f3n oficial de Vi\u00f1etas desde o Atl\u00e1ntico 2023 ter\u00e1 lugar este luns, 7 de agosto, no exterior do Kiosco Alfonso, \u00e1s\u00a018.00h, coa presencia da alcaldesa da Coru\u00f1a, In\u00e9s Rey; o concelleiro de cultura, Gonzalo Castro; as autoras Laura P\u00e9rez Vernetti, Isa Feu, Marta Guerrero, Marika Vila e Elisa McCausland; o ilustrador Manel Cr\u00e1neo, autor do cartel de Vi\u00f1etas 2023; os comisarios Alberto Medina, Guillermo Cobo e Raquel Jimeno; e outras personalidades do universo da BD coru\u00f1esa, representantes da R\u00faa da BD e de asociaci\u00f3ns colaboradoras da cita como Coru\u00f1a Gr\u00e1fica e Autob\u00e1n<\/strong>\u00a0<\/p>\n\n\n\n<p><\/p>\n\n\n<div class=\"wp-block-image\">\n<figure class=\"aligncenter size-large\"><a href=\"http:\/\/culturaliagz.com\/wp-content\/uploads\/2023\/08\/Vinetas-3965\u00a9VanessaRabade.jpeg\" target=\"_blank\" rel=\"noreferrer noopener\"><img loading=\"lazy\" decoding=\"async\" width=\"1024\" height=\"682\" src=\"http:\/\/culturaliagz.com\/wp-content\/uploads\/2023\/08\/Vinetas-3965\u00a9VanessaRabade-1024x682.jpeg\" alt=\"\" class=\"wp-image-13811\" srcset=\"http:\/\/culturaliagz.com\/wp-content\/uploads\/2023\/08\/Vinetas-3965\u00a9VanessaRabade-1024x682.jpeg 1024w, http:\/\/culturaliagz.com\/wp-content\/uploads\/2023\/08\/Vinetas-3965\u00a9VanessaRabade-300x200.jpeg 300w, http:\/\/culturaliagz.com\/wp-content\/uploads\/2023\/08\/Vinetas-3965\u00a9VanessaRabade-768x512.jpeg 768w, http:\/\/culturaliagz.com\/wp-content\/uploads\/2023\/08\/Vinetas-3965\u00a9VanessaRabade-1536x1024.jpeg 1536w, http:\/\/culturaliagz.com\/wp-content\/uploads\/2023\/08\/Vinetas-3965\u00a9VanessaRabade-1080x720.jpeg 1080w, http:\/\/culturaliagz.com\/wp-content\/uploads\/2023\/08\/Vinetas-3965\u00a9VanessaRabade-1280x853.jpeg 1280w, http:\/\/culturaliagz.com\/wp-content\/uploads\/2023\/08\/Vinetas-3965\u00a9VanessaRabade-980x653.jpeg 980w, http:\/\/culturaliagz.com\/wp-content\/uploads\/2023\/08\/Vinetas-3965\u00a9VanessaRabade-480x320.jpeg 480w, http:\/\/culturaliagz.com\/wp-content\/uploads\/2023\/08\/Vinetas-3965\u00a9VanessaRabade.jpeg 2000w\" sizes=\"auto, (max-width: 1024px) 100vw, 1024px\" \/><\/a><\/figure>\n<\/div>\n\n\n<p><\/p>\n\n\n\n<p class=\"has-text-align-justify\">Hoxe arranca o 26\u00ba Sal\u00f3n Internacional do C\u00f3mic da Coru\u00f1a, <a href=\"https:\/\/www.vinetasdesdeoatlantico.com\/\" target=\"_blank\" rel=\"noreferrer noopener\">Vi\u00f1etas desde o Atl\u00e1ntico 2023<\/a>. Durante os pr\u00f3ximos sete d\u00edas, at\u00e9 o\u00a0domingo 13 de agosto, a cidade herculina conv\u00e9rtese na capital universal da banda dese\u00f1ada, con m\u00e1is dun centenar de propostas art\u00edsticas, que incl\u00faen exposici\u00f3ns, sinaturas con autor\u00edas de referencia do sector, m\u00fasica, un ciclo de cinema de animaci\u00f3n, obradoiros infant\u00eds e profesionais, visitas guiadas, mesas redondas, etc.\u00a0<\/p>\n\n\n\n<p class=\"has-text-align-justify\">O programa de Vi\u00f1etas 2023 previsto para este luns, 7 de agosto, prop\u00f3n, ademais da apertura das s\u00faas sete exposici\u00f3ns, o primeiro dos obradoiros infant\u00eds de Vi\u00f1etas Lab, no Palco da M\u00fasica dos Xard\u00edns de M\u00e9ndez N\u00fa\u00f1ez, \u00e1s 19.00h, e o concerto de Hongo, ilustrado por Paz Rodr\u00edguez, Luis Yang e Julia Abalde, \u00e1s\u00a021.00h, no Teatro Col\u00f3n.<\/p>\n\n\n\n<p class=\"has-text-align-justify\">A R\u00faa da BD, que re\u00fanen m\u00e1is de 40 stands profesionais de editoras e librar\u00edas coa mellor selecci\u00f3n editorial de banda dese\u00f1ada de hoxe e de sempre, comezar\u00e1 a s\u00faa andaina de 18.00 a&nbsp;21.00h&nbsp;e, nesta tarde de luns, contar\u00e1 coas sinaturas de Jorge Campos (Anaya), Paula Chesire (Fandogamia) e Javier Monja Potente e Frank Pe\u00f1as Arias (T-Raptor Editorial).<\/p>\n\n\n\n<p><strong>PROGRAMA ACTIVIDADES LUNS 7 DE AGOSTO<\/strong><\/p>\n\n\n\n<p><strong>EXPOSICI\u00d3NS VI\u00d1ETAS 2023<\/strong><\/p>\n\n\n\n<p><a href=\"https:\/\/www.vinetasdesdeoatlantico.com\/exposicions\/\" target=\"_blank\" rel=\"noreferrer noopener\">https:\/\/www.vinetasdesdeoatlantico.com\/exposicions\/<\/a><\/p>\n\n\n\n<p><strong>CONCERTO DE HONGO, ILUSTRADO POR PAZ RODR\u00cdGUEZ, LUIS YANG E JULIA ABALDE<\/strong><\/p>\n\n\n\n<p><em>Luns 7 de agosto, \u00e1s&nbsp;21.00h. No Teatro Col\u00f3n<\/em><\/p>\n\n\n\n<p class=\"has-text-align-justify\">M\u00fasica e ilustraci\u00f3n danse a man nun espect\u00e1culo que lle po\u00f1er\u00e1 a guinda \u00e1 xornada inaugural&nbsp;&nbsp;deste Vi\u00f1etas 2023. Este concerto ilustrado contar\u00e1 con m\u00fasica en directo a cargo da banda coru\u00f1esa Hongo, que ser\u00e1 ilustrado ao vivo por tres queridos autores do panorama da autoedici\u00f3n de banda dese\u00f1ada coru\u00f1esa: Paz Rodr\u00edguez, Luis Yang e Julia Abalde. A execuci\u00f3n das ilustraci\u00f3ns por parte dos artistas ser\u00e1 proxectada en tempo real no Col\u00f3n mentres a banda act\u00faa.<\/p>\n\n\n\n<p><strong>VI\u00d1ETAS LAB<\/strong><\/p>\n\n\n\n<p><em>No Palco da M\u00fasica dos Xard\u00edns de M\u00e9ndez N\u00fa\u00f1ez<\/em><\/p>\n\n\n\n<p>HORARIOS E IDADE<\/p>\n\n\n\n<p class=\"has-text-align-justify\">Luns 7 de agosto,&nbsp;19.00h.&nbsp;Martes 8&nbsp;a venres 11, 18.00 e&nbsp;19.00h.&nbsp;S\u00e1bado 12&nbsp;e&nbsp;domingo 13, 12.00, 18.00 e&nbsp;19.00h. De 6 a 12 anos.<\/p>\n\n\n\n<p>INSCRICI\u00d3N<\/p>\n\n\n\n<p class=\"has-text-align-justify\">15 prazas en cada obradoiro, con inscrici\u00f3n previa a trav\u00e9s do correo\u00a0<a href=\"mailto:ludidactica@gmail.com\" target=\"_blank\" rel=\"noreferrer noopener\">ludidactica@gmail.com<\/a>\u00a0e no propio Palco da M\u00fasica antes de cada obradoiro sempre que houbese prazas libres.<\/p>\n\n\n\n<p class=\"has-text-align-justify\">Vi\u00f1etas estrea unha nova actividade l\u00fadica orientada ao p\u00fablico infantil este 2023. A iniciativa Vi\u00f1etas Lab re\u00fane un total de 15 obradoiros, dunha hora de duraci\u00f3n, que celebraranse no Palco da M\u00fasica Xard\u00edns de M\u00e9ndez N\u00fa\u00f1ez, especialmente decorado e acondicionado para a ocasi\u00f3n. O programa de Vi\u00f1etas Lab extenderase ao largo de todo o festival, do 7 ao&nbsp;13 de agosto. As protagonistas das actividades ser\u00e1n as famosas esculturas de Vi\u00f1etas desde o Atl\u00e1ntico que reproducen personaxes de tebeo como Lucky Luke, Os Simpson, Pitufina, Carpanta, Esther, Spiderman, Batman ou Mortadelo e Filem\u00f3n, entre moitos outros, todas elas presentes nos xard\u00edns onde ter\u00e1n lugar os obradoiros. A din\u00e1mica da actividade consistir\u00e1 nun xogo colaborativo no que as nenas e os nenos introduciranse nos universos creativos destas personaxes de ficci\u00f3n, para logo desenvolver as s\u00faas propias historietas, nas que mesturar\u00e1n estes personaxes que nunca antes conviviron todas xuntas nun mesmo tebeo.&nbsp;<\/p>\n\n\n\n<p><\/p>\n\n\n<a href=\"http:\/\/culturaliagz.com\/wp-content\/uploads\/2023\/08\/2023.08.06.-NP_GAL-Empieza-Vinetas-2023.pdf\" class=\"pdfemb-viewer\" style=\"\" data-width=\"max\" data-height=\"max\" data-toolbar=\"bottom\" data-toolbar-fixed=\"off\">2023.08.06.-NP_GAL-Empieza-Vinetas-2023<\/a>\n<p class=\"wp-block-pdfemb-pdf-embedder-viewer\"><\/p>\n\n\n\n<p><\/p>\n","protected":false},"excerpt":{"rendered":"<p>Durante sete d\u00edas, at\u00e9 o\u00a0domingo 13 de agosto, a cidade herculina conv\u00e9rtese na capital universal da banda dese\u00f1ada, con m\u00e1is dun centenar de propostas: exposici\u00f3ns, sinaturas con autor\u00edas de referencia [&hellip;]<\/p>\n","protected":false},"author":1,"featured_media":0,"comment_status":"open","ping_status":"open","sticky":false,"template":"","format":"standard","meta":{"_et_pb_use_builder":"","_et_pb_old_content":"","_et_gb_content_width":"","_jetpack_memberships_contains_paid_content":false,"footnotes":""},"categories":[23,7,129,6,57,1],"tags":[1762],"class_list":["post-13807","post","type-post","status-publish","format-standard","hentry","category-autoresas","category-creacion","category-literaria","category-novas","category-outras-artes","category-xeral","tag-vinetas-desde-o-atlantico-2023"],"jetpack_featured_media_url":"","jetpack_sharing_enabled":true,"_links":{"self":[{"href":"http:\/\/culturaliagz.com\/index.php?rest_route=\/wp\/v2\/posts\/13807","targetHints":{"allow":["GET"]}}],"collection":[{"href":"http:\/\/culturaliagz.com\/index.php?rest_route=\/wp\/v2\/posts"}],"about":[{"href":"http:\/\/culturaliagz.com\/index.php?rest_route=\/wp\/v2\/types\/post"}],"author":[{"embeddable":true,"href":"http:\/\/culturaliagz.com\/index.php?rest_route=\/wp\/v2\/users\/1"}],"replies":[{"embeddable":true,"href":"http:\/\/culturaliagz.com\/index.php?rest_route=%2Fwp%2Fv2%2Fcomments&post=13807"}],"version-history":[{"count":3,"href":"http:\/\/culturaliagz.com\/index.php?rest_route=\/wp\/v2\/posts\/13807\/revisions"}],"predecessor-version":[{"id":13814,"href":"http:\/\/culturaliagz.com\/index.php?rest_route=\/wp\/v2\/posts\/13807\/revisions\/13814"}],"wp:attachment":[{"href":"http:\/\/culturaliagz.com\/index.php?rest_route=%2Fwp%2Fv2%2Fmedia&parent=13807"}],"wp:term":[{"taxonomy":"category","embeddable":true,"href":"http:\/\/culturaliagz.com\/index.php?rest_route=%2Fwp%2Fv2%2Fcategories&post=13807"},{"taxonomy":"post_tag","embeddable":true,"href":"http:\/\/culturaliagz.com\/index.php?rest_route=%2Fwp%2Fv2%2Ftags&post=13807"}],"curies":[{"name":"wp","href":"https:\/\/api.w.org\/{rel}","templated":true}]}}