{"id":13778,"date":"2023-08-02T19:06:21","date_gmt":"2023-08-02T18:06:21","guid":{"rendered":"http:\/\/culturaliagz.com\/?p=13778"},"modified":"2023-08-02T19:06:24","modified_gmt":"2023-08-02T18:06:24","slug":"o-alumnado-de-arpa-de-galicia-inaugura-mana-xoves-3-de-agosto-o-10o-noia-harp-fest","status":"publish","type":"post","link":"http:\/\/culturaliagz.com\/?p=13778","title":{"rendered":"O alumnado de arpa de Galicia inaugura ma\u00f1\u00e1, xoves 3 de agosto, o 10\u00ba Noia Harp Fest"},"content":{"rendered":"\n<p><\/p>\n\n\n\n<p><\/p>\n\n\n\n<figure class=\"wp-block-gallery has-nested-images columns-default is-cropped wp-block-gallery-1 is-layout-flex wp-block-gallery-is-layout-flex\">\n<figure class=\"wp-block-image size-large\"><a href=\"http:\/\/culturaliagz.com\/wp-content\/uploads\/2023\/08\/Encontro-alumnado-NHF-2022-6.jpeg\" target=\"_blank\" rel=\"noreferrer noopener\"><img loading=\"lazy\" decoding=\"async\" width=\"1024\" height=\"682\" data-id=\"13779\" src=\"http:\/\/culturaliagz.com\/wp-content\/uploads\/2023\/08\/Encontro-alumnado-NHF-2022-6-1024x682.jpeg\" alt=\"\" class=\"wp-image-13779\" srcset=\"http:\/\/culturaliagz.com\/wp-content\/uploads\/2023\/08\/Encontro-alumnado-NHF-2022-6-1024x682.jpeg 1024w, http:\/\/culturaliagz.com\/wp-content\/uploads\/2023\/08\/Encontro-alumnado-NHF-2022-6-980x653.jpeg 980w, http:\/\/culturaliagz.com\/wp-content\/uploads\/2023\/08\/Encontro-alumnado-NHF-2022-6-480x320.jpeg 480w\" sizes=\"auto, (min-width: 0px) and (max-width: 480px) 480px, (min-width: 481px) and (max-width: 980px) 980px, (min-width: 981px) 1024px, 100vw\" \/><\/a><\/figure>\n\n\n\n<figure class=\"wp-block-image size-large\"><a href=\"http:\/\/culturaliagz.com\/wp-content\/uploads\/2023\/08\/20220803-NHF-Mercores-3-\u00a9-NHF-17.jpeg\" target=\"_blank\" rel=\"noreferrer noopener\"><img loading=\"lazy\" decoding=\"async\" width=\"1024\" height=\"683\" data-id=\"13780\" src=\"http:\/\/culturaliagz.com\/wp-content\/uploads\/2023\/08\/20220803-NHF-Mercores-3-\u00a9-NHF-17-1024x683.jpeg\" alt=\"\" class=\"wp-image-13780\" srcset=\"http:\/\/culturaliagz.com\/wp-content\/uploads\/2023\/08\/20220803-NHF-Mercores-3-\u00a9-NHF-17-1024x683.jpeg 1024w, http:\/\/culturaliagz.com\/wp-content\/uploads\/2023\/08\/20220803-NHF-Mercores-3-\u00a9-NHF-17-300x200.jpeg 300w, http:\/\/culturaliagz.com\/wp-content\/uploads\/2023\/08\/20220803-NHF-Mercores-3-\u00a9-NHF-17-768x512.jpeg 768w, http:\/\/culturaliagz.com\/wp-content\/uploads\/2023\/08\/20220803-NHF-Mercores-3-\u00a9-NHF-17-1080x720.jpeg 1080w, http:\/\/culturaliagz.com\/wp-content\/uploads\/2023\/08\/20220803-NHF-Mercores-3-\u00a9-NHF-17-980x653.jpeg 980w, http:\/\/culturaliagz.com\/wp-content\/uploads\/2023\/08\/20220803-NHF-Mercores-3-\u00a9-NHF-17-480x320.jpeg 480w, http:\/\/culturaliagz.com\/wp-content\/uploads\/2023\/08\/20220803-NHF-Mercores-3-\u00a9-NHF-17.jpeg 1200w\" sizes=\"auto, (max-width: 1024px) 100vw, 1024px\" \/><\/a><\/figure>\n<\/figure>\n\n\n\n<p><\/p>\n\n\n\n<p><\/p>\n\n\n\n<p class=\"has-text-align-justify\"><strong>As e os estudantes, procedentes de diferentes escolas de Vigo, Santiago, Mos e Ferrol, ofrecer\u00e1n a partir das&nbsp;18:00&nbsp;horas no Liceo de Noia un repertorio cheo de temas populares e arranxos de&nbsp;<em>Bohemian Rapsody,&nbsp;<\/em>de Queen, ou d\u2019<em>O vals do mencer,<\/em>&nbsp;de Emilio Cao<\/strong><\/p>\n\n\n\n<p class=\"has-text-align-justify\"><strong>A vila noiesa acolle at\u00e9 o&nbsp;6 de agosto&nbsp;a d\u00e9cima edici\u00f3n dun festival \u00fanico no noroeste peninsular no que te\u00f1en cabida o folk, a vangarda, a m\u00fasica tradicional ou a cl\u00e1sica<br><\/strong><\/p>\n\n\n\n<figure class=\"wp-block-gallery has-nested-images columns-default is-cropped wp-block-gallery-2 is-layout-flex wp-block-gallery-is-layout-flex\">\n<figure class=\"wp-block-image size-large\"><a href=\"http:\/\/culturaliagz.com\/wp-content\/uploads\/2023\/08\/Encontro-alumnado-NHF-2022-5.jpeg\" target=\"_blank\" rel=\"noreferrer noopener\"><img loading=\"lazy\" decoding=\"async\" width=\"1024\" height=\"682\" data-id=\"13781\" src=\"http:\/\/culturaliagz.com\/wp-content\/uploads\/2023\/08\/Encontro-alumnado-NHF-2022-5-1024x682.jpeg\" alt=\"\" class=\"wp-image-13781\" srcset=\"http:\/\/culturaliagz.com\/wp-content\/uploads\/2023\/08\/Encontro-alumnado-NHF-2022-5-1024x682.jpeg 1024w, http:\/\/culturaliagz.com\/wp-content\/uploads\/2023\/08\/Encontro-alumnado-NHF-2022-5-980x653.jpeg 980w, http:\/\/culturaliagz.com\/wp-content\/uploads\/2023\/08\/Encontro-alumnado-NHF-2022-5-480x320.jpeg 480w\" sizes=\"auto, (min-width: 0px) and (max-width: 480px) 480px, (min-width: 481px) and (max-width: 980px) 980px, (min-width: 981px) 1024px, 100vw\" \/><\/a><\/figure>\n\n\n\n<figure class=\"wp-block-image size-large\"><a href=\"http:\/\/culturaliagz.com\/wp-content\/uploads\/2023\/08\/Encontro-alumnado-NHF-2022-4.jpeg\" target=\"_blank\" rel=\"noreferrer noopener\"><img loading=\"lazy\" decoding=\"async\" width=\"1024\" height=\"682\" data-id=\"13782\" src=\"http:\/\/culturaliagz.com\/wp-content\/uploads\/2023\/08\/Encontro-alumnado-NHF-2022-4-1024x682.jpeg\" alt=\"\" class=\"wp-image-13782\" srcset=\"http:\/\/culturaliagz.com\/wp-content\/uploads\/2023\/08\/Encontro-alumnado-NHF-2022-4-1024x682.jpeg 1024w, http:\/\/culturaliagz.com\/wp-content\/uploads\/2023\/08\/Encontro-alumnado-NHF-2022-4-980x653.jpeg 980w, http:\/\/culturaliagz.com\/wp-content\/uploads\/2023\/08\/Encontro-alumnado-NHF-2022-4-480x320.jpeg 480w\" sizes=\"auto, (min-width: 0px) and (max-width: 480px) 480px, (min-width: 481px) and (max-width: 980px) 980px, (min-width: 981px) 1024px, 100vw\" \/><\/a><\/figure>\n<\/figure>\n\n\n\n<p><\/p>\n\n\n\n<p class=\"has-text-align-justify\">O <a href=\"https:\/\/noiaharpfest.gal\/\" target=\"_blank\" rel=\"noreferrer noopener\">Noia Harp Fest<\/a>, o<strong>\u00a0\u00fanico festival dedicado \u00e1 arpa no noroeste<\/strong>\u00a0da Pen\u00ednsula Ib\u00e9rica, inaugurar\u00e1 ma\u00f1\u00e1, xoves\u00a03 de agosto, a s\u00faa d\u00e9cima edici\u00f3n. At\u00e9 o vindeiro domingo, d\u00eda 6, a vila noiesa acoller\u00e1 un<strong>\u00a0evento musical aberto a todos os p\u00fablicos<\/strong>\u00a0e que aposta pola diversidade estil\u00edstica na s\u00faa programaci\u00f3n, na que a interpretaci\u00f3n do instrumento \u00e9 o f\u00edo condutor.\u00a0<\/p>\n\n\n\n<p class=\"has-text-align-justify\">O\u00a0<strong>10\u00ba Noia Harp Fest comezar\u00e1 no ser\u00e1n do xoves\u00a03 de agosto<\/strong>\u00a0cunha sesi\u00f3n festiva e que por\u00e1 en valor o talento local. O alumnado das escolas de arpa de Galicia abrir\u00e1, por segundo ano consecutivo, o festival. Estudantes de Vigo, Santiago, Mos e Ferrol actuar\u00e1n\u00a0<strong>a partir das\u00a018:00\u00a0horas no Liceo de Noia<\/strong>, nun concerto cun repertorio que contar\u00e1 con temas tradicionais de distintas rexi\u00f3ns do mundo e at\u00e9 un arranxo da\u00a0<em>Bohemian Rapsody\u00a0<\/em>de Queen. Como peche, todas e todos render\u00e1n homenaxe a quen introduciu, por vez primeira, a arpa na m\u00fasica feita en Galicia,\u00a0<strong>Emilio Cao<\/strong>, coa interpretaci\u00f3n do seu\u00a0<em>O vals do mencer,<\/em>\u00a0arranxado especificamente para a ocasi\u00f3n. De seguido celebrarase unha foliada de benvida ao festival.\u00a0<\/p>\n\n\n\n<p class=\"has-text-align-justify\">Nesta segunda edici\u00f3n do Encontro de Escolas de Arpa de Galicia, participar\u00e1 o alumnado de\u00a0<strong>Mayeusis, Conservatorio das Artes de Vigo<\/strong>\u00a0(cuxa profesora \u00e9 Mayca Alleres); da\u00a0<strong>Escola Municipal de M\u00fasica Folk e Tradicional ETRAD, de Vigo <\/strong>(Bego\u00f1a Riob\u00f3); da\u00a0<strong>Escola Municipal de M\u00fasica de Santiago\u00a0<\/strong>(Bleueen Le Friec); do\u00a0<strong>Conservatorio Profesional de M\u00fasica de Torroso, de Mos\u00a0<\/strong>(Alba Barreiro); e do<strong>Conservatorio Profesional de M\u00fasica Xan Via\u00f1o, de Ferrol\u00a0<\/strong>(Mar\u00eda Jos\u00e9 Carralero). Ademais do concerto no Liceo de Noia, o grupo participar\u00e1 nunha xornada de convivencia, que incluir\u00e1 un ensaio conxunto e ruta en kayak pola r\u00eda de Noia.\u00a0<\/p>\n\n\n\n<p><strong>Noia Harp Fest<\/strong><\/p>\n\n\n\n<p class=\"has-text-align-justify\">O 10\u00ba Noia Harp Fest, organizado pola asociaci\u00f3n hom\u00f3nima e Nalgures Produci\u00f3ns, e dirixido por Rodrigo Roman\u00ed coa colaboraci\u00f3n de Beatriz Mart\u00ednez e Alba Barreiro, ofrecer\u00e1 este 2023&nbsp;<strong>nove concertos<\/strong>, que ser\u00e1n de acceso gratu\u00edto para o p\u00fablico e que ter\u00e1n lugar en espazos singulares da vila. Ao longo de catro xornadas, estilos coma o&nbsp;<strong>folk, a vangarda e a electr\u00f3nica, as m\u00fasicas populares galegas, francesas e alem\u00e1s,<\/strong>&nbsp;ou mesmo a&nbsp;<strong>cl\u00e1sica contempor\u00e1nea<\/strong>, percorrer\u00e1n as r\u00faas, prazas e recintos culturais de Noia.&nbsp;<\/p>\n\n\n\n<p class=\"has-text-align-justify\">As\u00ed, a Praza do Tapal, a Igrexa Santa Mar\u00eda A Nova, o Teatro Coliseo Noela ou o Liceo de Noia acoller\u00e1n as actuaci\u00f3ns de arpistas de reco\u00f1ecida traxectoria, coma a irlandesa\u00a0<strong>Laoise Kelly,\u00a0<\/strong>a alem\u00e1\u00a0<strong>Daniela Heiderich,<\/strong>\u00a0as escocesas\u00a0<strong>The Pozzies <\/strong>ou a andaluza<strong>\u00a0M\u00fcsgo<\/strong>; de novas int\u00e9rpretes que est\u00e1n a espallar o seu talento nas mellores orquestras de Europa, coma a portuguesa\u00a0<strong>Beatriz Cortes\u00e3o\u00a0<\/strong>ou as espa\u00f1olas<strong>Elisabeth Cerra e Claudia Besn\u00e9<\/strong>; e de agrupaci\u00f3ns claves para a difusi\u00f3n da m\u00fasica no territorio galego, como \u00e9 o caso da\u00a0<strong>Real Filharmon\u00eda de Galicia<\/strong>\u00a0ou de\u00a0<strong>SonDeSeu<\/strong>. Ademais de artistas notables do \u00e1mbito galego, estatal e internacional, o NHF acolle tam\u00e9n \u00e1s\u00a0<strong>persoas amadoras do instrumento ou que se est\u00e1n a iniciar na s\u00faa pr\u00e1ctica<\/strong>, como \u00e9 o caso do alumnado de arpa das escolas de Galicia. Esta pluralidade e diversidade da pr\u00e1ctica art\u00edstica, as\u00ed coma das orixes das e dos participantes, fai do Noia Harp Fest unha\u00a0<strong>proposta estimulante e pr\u00f3xima\u00a0<\/strong>para todos p\u00fablicos de todas as idades.\u00a0<\/p>\n\n\n\n<p class=\"has-text-align-justify\">O Noia Harp Fest, organizado pola asociaci\u00f3n hom\u00f3nima e Nalgures Produci\u00f3ns, conta co patrocinio da Xunta de Galicia a trav\u00e9s da Axencia Turismo de Galicia, do Concello de Noia e da distribuidora musical Altafonte. Tam\u00e9n colaboran nesta edici\u00f3n o Liceo de Noia e a Asociaci\u00f3n de Espa\u00f1ola de Arpistas. Para m\u00e1is informaci\u00f3n, p\u00f3dese visitar <a href=\"http:\/\/www.noiaharpfest.gal\/\"><strong>www.<\/strong><\/a><strong><a href=\"http:\/\/www.noiaharpfest.gal\/\" target=\"_blank\" rel=\"noreferrer noopener\">noiaharpfest<\/a><\/strong><a href=\"http:\/\/www.noiaharpfest.gal\/\"><strong>.gal<\/strong><\/a><strong>.\u00a0<\/strong><\/p>\n\n\n\n<p><\/p>\n\n\n\n<p><strong>Axenda do Noia Harp Fest para o xoves,\u00a03 de agosto<\/strong><br><br>Liceo de Noia,\u00a018:00\u00a0horas |\u00a0\u00a0<strong>II Encontro de Escolas de Arpa de Galicia. Homenaxe Emilio Cao.<\/strong><br>Liceo de Noia,\u00a020:30\u00a0horas |\u00a0\u00a0<strong>Foliada de benvida ao 10\u00aa Noia Harp Fest<\/strong><\/p>\n\n\n\n<p><\/p>\n\n\n<a href=\"http:\/\/culturaliagz.com\/wp-content\/uploads\/2023\/08\/20230802-NP-Noia-Harp-Fest-Axenda-xoves-3.pdf\" class=\"pdfemb-viewer\" style=\"\" data-width=\"max\" data-height=\"max\" data-toolbar=\"bottom\" data-toolbar-fixed=\"off\">20230802-NP-Noia-Harp-Fest-Axenda-xoves-3<\/a>\n<p class=\"wp-block-pdfemb-pdf-embedder-viewer\"><\/p>\n\n\n\n<p><\/p>\n\n\n\n<p>DOSSIER<\/p>\n\n\n\n<p><\/p>\n\n\n<a href=\"http:\/\/culturaliagz.com\/wp-content\/uploads\/2023\/08\/Dossier-10NHF_GAL.pdf\" class=\"pdfemb-viewer\" style=\"\" data-width=\"max\" data-height=\"max\" data-toolbar=\"bottom\" data-toolbar-fixed=\"off\">Dossier-10NHF_GAL<\/a>\n<p class=\"wp-block-pdfemb-pdf-embedder-viewer\"><\/p>\n","protected":false},"excerpt":{"rendered":"<p>As e os estudantes, procedentes de diferentes escolas de Vigo, Santiago, Mos e Ferrol, ofrecer\u00e1n a partir das&nbsp;18:00&nbsp;horas no Liceo de Noia un repertorio cheo de temas populares e arranxos [&hellip;]<\/p>\n","protected":false},"author":1,"featured_media":0,"comment_status":"open","ping_status":"open","sticky":false,"template":"","format":"standard","meta":{"_et_pb_use_builder":"","_et_pb_old_content":"","_et_gb_content_width":"","_jetpack_memberships_contains_paid_content":false,"footnotes":""},"categories":[23,7,6,57,1],"tags":[1155],"class_list":["post-13778","post","type-post","status-publish","format-standard","hentry","category-autoresas","category-creacion","category-novas","category-outras-artes","category-xeral","tag-noia-harp-fest"],"jetpack_featured_media_url":"","jetpack_sharing_enabled":true,"_links":{"self":[{"href":"http:\/\/culturaliagz.com\/index.php?rest_route=\/wp\/v2\/posts\/13778","targetHints":{"allow":["GET"]}}],"collection":[{"href":"http:\/\/culturaliagz.com\/index.php?rest_route=\/wp\/v2\/posts"}],"about":[{"href":"http:\/\/culturaliagz.com\/index.php?rest_route=\/wp\/v2\/types\/post"}],"author":[{"embeddable":true,"href":"http:\/\/culturaliagz.com\/index.php?rest_route=\/wp\/v2\/users\/1"}],"replies":[{"embeddable":true,"href":"http:\/\/culturaliagz.com\/index.php?rest_route=%2Fwp%2Fv2%2Fcomments&post=13778"}],"version-history":[{"count":2,"href":"http:\/\/culturaliagz.com\/index.php?rest_route=\/wp\/v2\/posts\/13778\/revisions"}],"predecessor-version":[{"id":13786,"href":"http:\/\/culturaliagz.com\/index.php?rest_route=\/wp\/v2\/posts\/13778\/revisions\/13786"}],"wp:attachment":[{"href":"http:\/\/culturaliagz.com\/index.php?rest_route=%2Fwp%2Fv2%2Fmedia&parent=13778"}],"wp:term":[{"taxonomy":"category","embeddable":true,"href":"http:\/\/culturaliagz.com\/index.php?rest_route=%2Fwp%2Fv2%2Fcategories&post=13778"},{"taxonomy":"post_tag","embeddable":true,"href":"http:\/\/culturaliagz.com\/index.php?rest_route=%2Fwp%2Fv2%2Ftags&post=13778"}],"curies":[{"name":"wp","href":"https:\/\/api.w.org\/{rel}","templated":true}]}}