{"id":13764,"date":"2023-08-02T19:51:45","date_gmt":"2023-08-02T18:51:45","guid":{"rendered":"http:\/\/culturaliagz.com\/?p=13764"},"modified":"2023-08-02T19:51:47","modified_gmt":"2023-08-02T18:51:47","slug":"vinetas-desde-o-atlantico-2023-propon-un-novo-ciclo-de-cinema-de-animacion-unha-audioficcion-e-un-concerto-ilustrado-dentro-das-suas-actividades-paralelas","status":"publish","type":"post","link":"http:\/\/culturaliagz.com\/?p=13764","title":{"rendered":"Vi\u00f1etas desde o Atl\u00e1ntico 2023 prop\u00f3n un novo ciclo de cinema de animaci\u00f3n, unha audioficci\u00f3n e un concerto ilustrado dentro das s\u00faas actividades paralelas"},"content":{"rendered":"\n<p><\/p>\n\n\n<div class=\"wp-block-image\">\n<figure class=\"aligncenter size-large\"><a href=\"http:\/\/culturaliagz.com\/wp-content\/uploads\/2023\/08\/Visita-guiada-Vinetas-scaled.jpeg\" target=\"_blank\" rel=\"noreferrer noopener\"><img loading=\"lazy\" decoding=\"async\" width=\"1024\" height=\"683\" src=\"http:\/\/culturaliagz.com\/wp-content\/uploads\/2023\/08\/Visita-guiada-Vinetas-1024x683.jpeg\" alt=\"\" class=\"wp-image-13768\" srcset=\"http:\/\/culturaliagz.com\/wp-content\/uploads\/2023\/08\/Visita-guiada-Vinetas-980x653.jpeg 980w, http:\/\/culturaliagz.com\/wp-content\/uploads\/2023\/08\/Visita-guiada-Vinetas-480x320.jpeg 480w\" sizes=\"auto, (min-width: 0px) and (max-width: 480px) 480px, (min-width: 481px) and (max-width: 980px) 980px, (min-width: 981px) 1024px, 100vw\" \/><\/a><\/figure>\n<\/div>\n\n\n<p><\/p>\n\n\n\n<p><\/p>\n\n\n\n<p class=\"has-text-align-justify\"><strong>O programa completo do 26\u00ba festival internacional da banda dese\u00f1ada da Coru\u00f1a -que&nbsp;p\u00f3dese consultar&nbsp;en <a class=\"\" href=\"http:\/\/www.vinetasdesdeoatlantico.com\/\">www.<\/a><a rel=\"noreferrer noopener\" href=\"http:\/\/www.vinetasdesdeoatlantico.com\/\" target=\"_blank\">vinetasdesdeoatlantico<\/a><a href=\"http:\/\/www.vinetasdesdeoatlantico.com\/\" target=\"_blank\" rel=\"noreferrer noopener\">.com<\/a>&#8211; incl\u00fae, tam\u00e9n, visitas guiadas, unha mesa redonda, obradoiros profesionais e infant\u00eds, un encontro sectorial e a tradicional R\u00faa da BD, con m\u00e1is de 40 expositores de librar\u00edas e editoras de referencia do sector<\/strong><\/p>\n\n\n\n<p><\/p>\n\n\n\n<p><\/p>\n\n\n\n<p><\/p>\n\n\n<div class=\"wp-block-image\">\n<figure class=\"alignleft size-medium\"><img loading=\"lazy\" decoding=\"async\" width=\"213\" height=\"300\" src=\"http:\/\/culturaliagz.com\/wp-content\/uploads\/2023\/08\/El-fuego-1-213x300.jpeg\" alt=\"\" class=\"wp-image-13766\"\/><\/figure>\n<\/div>\n\n\n<p><\/p>\n\n\n\n<p class=\"has-text-align-justify\">Visitas guiadas, audioficci\u00f3n, m\u00fasica, cinema, obradoiros profesionais e infant\u00eds, un encontro sectorial, unha mesa redonda, a xa tradicional R\u00faa da BD -que concentrar\u00e1 m\u00e1is de 40 expositores de librar\u00edas e editoras de referencia do sector do c\u00f3mic de toda Espa\u00f1a, con firmas de libros, charlas e outras acci\u00f3ns abertas ao p\u00fablico- e o programa parelelo de Autob\u00e1n conforman o programa completo do 26\u00ba festival internacional da banda dese\u00f1ada da cidade da Coru\u00f1a Vi\u00f1etas desde o Atl\u00e1ntico este 2023.<\/p>\n\n\n\n<p class=\"has-text-align-justify\">Da man de Vi\u00f1etas 2023, Laura P\u00e9rez Vernetti e os italianos Teresa Radice e Stefano Turconi visitar\u00e1n \u00e1 Coru\u00f1a para ofrecer unha visita guiada \u00e1s s\u00faas exposici\u00f3ns, mentres que a mostra&nbsp;<em>\u00a1Mujercitas del mundo, un\u00edos!<\/em>&nbsp;contar\u00e1 tam\u00e9n cun paseo guiado polos seus comisarios.<\/p>\n\n\n\n<p class=\"has-text-align-justify\">Pola s\u00faa banda, o Teatro Col\u00f3n acoller\u00e1 unha mesa redonda coas pioneiras do c\u00f3mic underground adulto en Espa\u00f1a, ademais de programar, tam\u00e9n, a novidosa audioficci\u00f3n da novela gr\u00e1fica \u2018O lume\u2019, de David Rub\u00edn, elixida como o mellor c\u00f3mic espa\u00f1ol de 2022.&nbsp;<\/p>\n\n\n\n<p class=\"has-text-align-justify\">O cinema e a m\u00fasica s\u00famanse este 2023 \u00e1 \u00f3rbita de Vi\u00f1etas desde o Atl\u00e1ntico con d\u00faas propostas que ter\u00e1n lugar, tam\u00e9n, no Teatro Col\u00f3n: por unha parte, os filmes de animaci\u00f3n&nbsp;<em>Lupin III: The First<\/em>,&nbsp;<em>Spider-Man: Into the Spider-Verse<\/em>,&nbsp;<em>The First Slam Dunk<\/em>&nbsp;e&nbsp;<em>Akira 4K<\/em>&nbsp;conforman o novo ciclo de cinema \u00d3rbita Animada. Por outra parte, o p\u00fablico poder\u00e1 gozar, tam\u00e9n no Teatro Col\u00f3n, dun concerto ilustrado, que fusionar\u00e1 en directo a m\u00fasica da banda coru\u00f1esa de metal y sludge Hongo coas ilustraci\u00f3ns creadas ao vivo polos artistas de BD da Coru\u00f1a Paz Rodr\u00edguez, Luis Yang e Julia Abalde.&nbsp;<\/p>\n\n\n\n<p class=\"has-text-align-justify\">Ademais, este 2023 Vi\u00f1etas desde o Atl\u00e1ntico quere tender pontes co sector da banda dese\u00f1ada coru\u00f1esa e suma a celebraci\u00f3n paralela do mercado de autoedici\u00f3n Autob\u00e1n, con m\u00e1is 70 propostas art\u00edsticas chegadas de toda a Pen\u00ednsula, ademais de m\u00fasica, obradoiros, exposici\u00f3ns, un combate de ilustraci\u00f3n e outras actividades, que se celebrar\u00e1n o&nbsp;s\u00e1bado 12 de agosto&nbsp;na Praza de San Andr\u00e9s ao longo de toda a xornada.<\/p>\n\n\n\n<p><\/p>\n\n\n<div class=\"wp-block-image\">\n<figure class=\"aligncenter size-large\"><a href=\"http:\/\/culturaliagz.com\/wp-content\/uploads\/2023\/08\/MUJERCITAS_Isa-Feu-No-digas-tu-cono-di-tu-corazon-fragmento-19862290.jpg\" target=\"_blank\" rel=\"noreferrer noopener\"><img loading=\"lazy\" decoding=\"async\" width=\"1024\" height=\"673\" src=\"http:\/\/culturaliagz.com\/wp-content\/uploads\/2023\/08\/MUJERCITAS_Isa-Feu-No-digas-tu-cono-di-tu-corazon-fragmento-19862290-1024x673.jpg\" alt=\"\" class=\"wp-image-13802\" srcset=\"http:\/\/culturaliagz.com\/wp-content\/uploads\/2023\/08\/MUJERCITAS_Isa-Feu-No-digas-tu-cono-di-tu-corazon-fragmento-19862290-980x644.jpg 980w, http:\/\/culturaliagz.com\/wp-content\/uploads\/2023\/08\/MUJERCITAS_Isa-Feu-No-digas-tu-cono-di-tu-corazon-fragmento-19862290-480x316.jpg 480w\" sizes=\"auto, (min-width: 0px) and (max-width: 480px) 480px, (min-width: 481px) and (max-width: 980px) 980px, (min-width: 981px) 1024px, 100vw\" \/><\/a><\/figure>\n<\/div>\n\n\n<p><\/p>\n\n\n\n<p><strong>PROGRAMA DE ACTIVIDADES DE VI\u00d1ETAS DESDE O ATL\u00c1NTICO 2023<\/strong><\/p>\n\n\n\n<p><em>* Todas actividades son de acceso libre, ata completar aforo.<\/em><\/p>\n\n\n\n<p><strong><u class=\"\">Visitas guiadas<\/u><\/strong><\/p>\n\n\n\n<p><strong>VISITA GUIADA POLOS COMISARIOS \u00c1 EXPOSICI\u00d3N \u2018\u00a1MUJERCITAS DEL MUNDO ENTERO, UN\u00cdOS!\u2019<\/strong><strong><\/strong><\/p>\n\n\n\n<p><em>Martes 8 de agosto. Dous pases:&nbsp;12.00h&nbsp;e&nbsp;18.00h. No Kiosco Alfonso<\/em><\/p>\n\n\n\n<p class=\"has-text-align-justify\">Os comisarios da exposici\u00f3n Raquel Jimeno, Alberto Medina e Guillermo Cobo desvelar\u00e1n os detalles da mostra nun paseo guiado pola mesma. As visitas son abertas ao p\u00fablico, sen necesidade de inscrici\u00f3n previa.&nbsp;<\/p>\n\n\n\n<p class=\"has-text-align-justify\"><strong>VISITA GUIADA POLA AUTORA \u00c1 EXPOSICI\u00d3N \u2018VIVE LA VIDA E OUTRAS POES\u00cdAS GR\u00c1FICAS DE LUIS ALBERTO DE CUENCA. POR LAURA P\u00c9REZ VERNETTI\u2019<\/strong><strong><\/strong><\/p>\n\n\n\n<p><em>M\u00e9rcores&nbsp;9 de agosto, \u00e1s&nbsp;13.00h. Na Casa Museo Picasso<\/em><\/p>\n\n\n\n<p class=\"has-text-align-justify\">A autora Laura P\u00e9rez Vernetti, pioneira do movemento underground na Espa\u00f1a dos 80 e considerada como unha das mellores historietistas espa\u00f1olas de todos os tempos, ga\u00f1adora en 2018 do Gran Premio do Sal\u00f3n del C\u00f3mic de Barcelona, visita Vi\u00f1etas desde o Atl\u00e1ntico para ofrecer un paseo guiado pola s\u00faa exposici\u00f3n, xunto ao comisario da mesma, Asier Mensuro. A visita \u00e9 aberta ao p\u00fablico, sen necesidade de inscrici\u00f3n previa.<\/p>\n\n\n\n<p><strong>VISITA GUIADA POLOS AUTORES \u00c1 EXPOSICI\u00d3N \u2018LAS CHICAS DEL PILLAR\u2019<\/strong><strong><\/strong><\/p>\n\n\n\n<p><em>M\u00e9rcores&nbsp;9 de agosto, \u00e1s 17h. Na Sala de Exposici\u00f3ns do Palacio Municipal<\/em><em><\/em><\/p>\n\n\n\n<p class=\"has-text-align-justify\">Os autores italianos Teresa Radice e Stefano Turconi, considerados como uns dos m\u00e1is relevantes creadores do panorama actual europeo da Novena Arte, desvelar\u00e1n os detalles da s\u00faa mostra nun paseo guiado pola mesma. A guionista e o debuxante asinar\u00e1n exemplares da s\u00faa obra ao finalizar a actividade. A visita \u00e9 aberta ao p\u00fablico, sen necesidade de inscrici\u00f3n previa.<\/p>\n\n\n\n<p><strong><u class=\"\">Mesa redonda<\/u><\/strong><\/p>\n\n\n\n<p><strong>PIONEIRAS DO C\u00d3MIC UNDERGROUND ADULTO<\/strong><strong><\/strong><\/p>\n\n\n\n<p><em>Martes 8 de agosto, \u00e1s&nbsp;19.00h. No Teatro Col\u00f3n<\/em><\/p>\n\n\n\n<p class=\"has-text-align-justify\">As autoras Isa Feu, Laura P\u00e9rez Vernetti, Marta Guerrero, Marika Vila e Elisa McCausland visitan Vi\u00f1etas desde o Atl\u00e1ntico 2023 para participar nunha conversa aberta ao p\u00fablico sobre a s\u00faa exposici\u00f3n \u2018Mujercitas del mundo entero, un\u00edos!\u2019. A mesa redonda estar\u00e1 moderada e presentada pola comisaria da mostra Raquel Jimeno.<\/p>\n\n\n\n<p><strong><u class=\"\">Audioficci\u00f3n<\/u><\/strong><\/p>\n\n\n\n<p><strong>AUDIOFICCI\u00d3N \u2018O LUME\u2019 DE DAVID RUB\u00cdN<\/strong><strong><\/strong><\/p>\n\n\n\n<p><em>M\u00e9rcores&nbsp;9 de agosto, \u00e1s&nbsp;22.00h. No Teatro Col\u00f3n<strong><\/strong><\/em><\/p>\n\n\n\n<p class=\"has-text-align-justify\">Vi\u00f1etas 2023 presenta unha audioficci\u00f3n dramatizada por Xos\u00e9 Barato e presentada por Neves Rodr\u00edguez, que adapta a un novo formato unha das obras m\u00e1is premiadas do c\u00f3mic espa\u00f1ol en 2022 e 2023:&nbsp;<em>El fuego<\/em>&nbsp;(Astiberri Ediciones) \/&nbsp;<em>O lume<\/em>&nbsp;(Demo Editorial), de David Rub\u00edn.<\/p>\n\n\n\n<p class=\"has-text-align-justify\">O historietista e animador galego David Rub\u00edn -ga\u00f1ador, entre moitos outros, do Premio Josep Toutain ao autor revelaci\u00f3n do Sal\u00f3n do C\u00f3mic de Barcelona en 2007, ademais de ser nominado en catro ocasi\u00f3ns aos Premios Eisner, os Oscar do mundo do c\u00f3mic- far\u00e1 unha breve introduci\u00f3n ao espect\u00e1culo, nunha conversa con Neves Rodr\u00edguez sobre o proceso creativo da obra. A intervenci\u00f3n estar\u00e1 acompa\u00f1ada de proxecci\u00f3ns. A continuaci\u00f3n , chegaralle a s\u00faa quenda \u00e1 audioficci\u00f3n. Ao remate do evento, o autor asinar\u00e1 exemplares da obra&nbsp;<em>El fuego<\/em>&nbsp;(Astiberri Ediciones) \/&nbsp;<em>O lume<\/em>&nbsp;(Demo Editorial), editada en galego e en espa\u00f1ol, no hall do propio Col\u00f3n.<\/p>\n\n\n\n<p><strong><u class=\"\">M\u00fasica<\/u><\/strong><\/p>\n\n\n\n<p><strong>CONCERTO DE HONGO, ILUSTRADO POR PAZ RODR\u00cdGUEZ, LUIS YANG E JULIA ABALDE<\/strong><strong><\/strong><\/p>\n\n\n\n<p><em>Luns&nbsp;7 de agosto, \u00e1s&nbsp;21.00h. No Teatro Col\u00f3n<strong><\/strong><\/em><\/p>\n\n\n\n<p class=\"has-text-align-justify\">M\u00fasica e ilustraci\u00f3n danse a man nun espect\u00e1culo que lle po\u00f1er\u00e1 a guinda \u00e1 xornada inaugural deste Vi\u00f1etas 2023. Este concerto ilustrado contar\u00e1 con m\u00fasica en directo a cargo da banda coru\u00f1esa Hongo, que ser\u00e1 ilustrado ao vivo por tres queridos autores do panorama da autoedici\u00f3n de banda dese\u00f1ada coru\u00f1esa: Paz Rodr\u00edguez, Luis Yang e Julia Abalde. A execuci\u00f3n das ilustraci\u00f3ns por parte dos artistas ser\u00e1 proxectada en tempo real no Col\u00f3n mentres a banda act\u00faa.<\/p>\n\n\n\n<p><strong><u class=\"\">Cinema<\/u><\/strong>&nbsp;<\/p>\n\n\n\n<p><strong>\u00d3RBITA ANIMADA. CICLO DE CINEMA<\/strong><strong><\/strong><\/p>\n\n\n\n<p><em>M\u00e9rcores&nbsp;9 de agosto, \u00e1s 16.30 e&nbsp;18.30h. Venres 11, \u00e1s 12.00 e&nbsp;17.00h. No Teatro Col\u00f3n<\/em><\/p>\n\n\n\n<p class=\"has-text-align-justify\">O S\u00e9timo Arte fai a s\u00faa aparici\u00f3n en Vi\u00f1etas desde o Atl\u00e1ntico cun novo ciclo de cinema para p\u00fablicos de diferentes idades, que poder\u00e1n gozar das proxecci\u00f3ns en pantalla grande, no Teatro Col\u00f3n, dos filmes de animaci\u00f3n&nbsp;<a href=\"https:\/\/www.selecta-vision.com\/catalogos\/lupin-iii-the-first\/\" class=\"\"><em>Lupin III: The First<\/em><\/a>,&nbsp;<a href=\"https:\/\/www.sonypictures.com\/movies\/spidermanintothespiderverse\" class=\"\"><em>Spider-Man: Into the Spider-Verse<\/em><\/a>,&nbsp;<a href=\"https:\/\/slamdunk-movie.jp\/en\/\" class=\"\"><em>The First Slam Dunk<\/em><\/a>&nbsp;y&nbsp;<a href=\"https:\/\/www.selecta-vision.com\/catalogos\/akira-4k\/\" class=\"\"><em>Akira 4K<\/em><\/a>.<\/p>\n\n\n\n<p>Sesi\u00f3ns m\u00e9rcores&nbsp;9 de agosto<\/p>\n\n\n\n<p>16.30h&nbsp;<strong><em>Lupin III: The First<\/em>&nbsp;<\/strong>(93 min. +7 anos)&nbsp;<strong><\/strong><\/p>\n\n\n\n<p>18.30h&nbsp;<strong><em>Spider-Man: Into the Spider-Verse<\/em><\/strong>&nbsp;(116 min. +17 anos)<\/p>\n\n\n\n<p>Sesi\u00f3ns venres&nbsp;11 de agosto<\/p>\n\n\n\n<p>12.00h&nbsp;<strong><em>The First Slam Dunk<\/em><\/strong>(124 min. +7 anos)&nbsp;<em><\/em><\/p>\n\n\n\n<p>17.00h&nbsp;<strong><em>Akira 4K<\/em><\/strong>&nbsp;(124 min. + 12 anos)<\/p>\n\n\n\n<p><strong><u class=\"\">Ib\u00e1\u00f1ez en Vi\u00f1etas<\/u><\/strong><\/p>\n\n\n\n<p><strong>IB\u00c1\u00d1EZ EN VI\u00d1ETAS<\/strong><strong><\/strong><\/p>\n\n\n\n<p><em>Do 7 ao&nbsp;13 de agosto<\/em><em>, nas Bibliotecas Municipais<\/em><em><\/em><\/p>\n\n\n\n<p class=\"has-text-align-justify\">O recentemente finado Francisco Ib\u00e1\u00f1ez, historietista de referencia e autor de personaxes fundamentais da cultura popular espa\u00f1ola da Transici\u00f3n, visitou Vi\u00f1etas desde o Atl\u00e1ntico na s\u00faa primeira edici\u00f3n, hai hoxe 26 anos. Foi ent\u00f3n, en agosto de 1998, cando A Coru\u00f1a acolleu unha exposici\u00f3n en homenaxe \u00e1 s\u00faa figura polo 40 aniversario de&nbsp;<em>Mortadelo e Filem\u00f3n<\/em>.<\/p>\n\n\n\n<p class=\"has-text-align-justify\">Vi\u00f1etas desde o Atl\u00e1ntico 2023 non pode pasar por alto esta triste perda e, en recordo de Ib\u00e1\u00f1ez, incluir\u00e1 un punto continuado de lectura das s\u00faas obras nas Bibliotecas Municipais da cidade. Velaqu\u00ed unha proposta para que todos los p\u00fablicos poidan achegarse ou reconectar coa s\u00faa figura e a s\u00faa obra a trav\u00e9s de ic\u00f3nicos t\u00edtulos e personaxes xa inmortais no imaxinario da banda dese\u00f1ada universal.&nbsp;<\/p>\n\n\n\n<p><strong><u class=\"\">Autob\u00e1n<\/u><\/strong>&nbsp;<\/p>\n\n\n\n<p><strong>AUTOB\u00c1N: MERCADO E OBRADOIROS<\/strong><strong><\/strong><\/p>\n\n\n\n<p><em>S\u00e1bado 12 de agosto,&nbsp;<\/em><em>de 12.00 a&nbsp;01.00h. Na Praza de San Andr\u00e9s<\/em><\/p>\n\n\n\n<p class=\"has-text-align-justify\">Vi\u00f1etas desde o Atl\u00e1ntico prop\u00f3n unha edici\u00f3n 2023 que pon en valor o sector e as autor\u00edas locais, erix\u00edndose como o paraugas que arroupa todo o que sucede na Coru\u00f1a ao redor do c\u00f3mic e que tende pontes con iniciativas da cidade como Autob\u00e1n e a s\u00faa coidada proposta de fanzine de banda dese\u00f1ada alternativa.<\/p>\n\n\n\n<p class=\"has-text-align-justify\">O Mercado de Autoedici\u00f3n de Autob\u00e1n ofrece a oportunidade de amosar e vender o seu material a autores e autoras, colectivos, proxectos de autoedici\u00f3n e microeditoriais. Este ano conta con m\u00e1is de 70 propostas chegadas de toda a Pen\u00ednsula. O mercado desenvolverase na Praza de San Andr\u00e9s coa axuda da Galer\u00eda Greler\u00eda e contar\u00e1 con m\u00fasica ao longo de todo d\u00eda a cargo de Pinchos e Pinchadas, Willy the Squid, PUTA PUTA PUTA, Pandereperras e outras artistas. Non faltar\u00e1n \u00e1 cita delicias veganas e unha cata de cervexas artes\u00e1s de Al\u00e9 Al\u00e9. Tam\u00e9n haber\u00e1 obradoiros (para p\u00fablico adulto e infantil), exposici\u00f3ns, un combate de debuxantes e moitas outras sorpresas.&nbsp;<\/p>\n\n\n\n<p><strong><u class=\"\">Encontro sectorial<\/u><\/strong><\/p>\n\n\n\n<p><strong>PECHE DE VI\u00d1ETAS 2023<\/strong><strong><\/strong><\/p>\n\n\n\n<p><em>S\u00e1bado 12 de agosto,&nbsp;21.00h. No Copacabana Coru\u00f1a<\/em><\/p>\n\n\n\n<p class=\"has-text-align-justify\">Un distendido acto profesional que servir\u00e1 de espazo de conversa e lugar de encontro para o sector, co fin de valorar a edici\u00f3n actual da feira e de escoitar suxerencias de mellora para a vindeira edici\u00f3n de Vi\u00f1etas 2024.<\/p>\n\n\n\n<p><strong><u class=\"\">E, ademais&#8230;<\/u><\/strong>&nbsp;<\/p>\n\n\n\n<p><strong>OBRADOIROS PROFESIONAIS E ACTIVIDADES INFANT\u00cdS NAS BIBLIOTECAS MUNICIPAIS<\/strong><strong><\/strong><\/p>\n\n\n\n<p><a href=\"https:\/\/www.vinetasdesdeoatlantico.com\/actividades\/\" target=\"_blank\" rel=\"noreferrer noopener\">https:\/\/www.vinetasdesdeoatlantico.com\/actividades\/<\/a><\/p>\n\n\n<a href=\"http:\/\/culturaliagz.com\/wp-content\/uploads\/2023\/08\/2023.08.01.-NP_Actividades-Vinetas-2023-GAL.pdf\" class=\"pdfemb-viewer\" style=\"\" data-width=\"max\" data-height=\"max\" data-toolbar=\"bottom\" data-toolbar-fixed=\"off\">2023.08.01.-NP_Actividades-Vinetas-2023-GAL<\/a>\n<p class=\"wp-block-pdfemb-pdf-embedder-viewer\"><\/p>\n\n\n\n<p><\/p>\n","protected":false},"excerpt":{"rendered":"<p>O programa completo do 26\u00ba festival internacional da banda dese\u00f1ada da Coru\u00f1a -que&nbsp;p\u00f3dese consultar&nbsp;en www.vinetasdesdeoatlantico.com&#8211; incl\u00fae, tam\u00e9n, visitas guiadas, unha mesa redonda, obradoiros profesionais e infant\u00eds, un encontro sectorial e [&hellip;]<\/p>\n","protected":false},"author":1,"featured_media":0,"comment_status":"open","ping_status":"open","sticky":false,"template":"","format":"standard","meta":{"_et_pb_use_builder":"","_et_pb_old_content":"","_et_gb_content_width":"","_jetpack_memberships_contains_paid_content":false,"footnotes":""},"categories":[23,7,6,57,1],"tags":[1762],"class_list":["post-13764","post","type-post","status-publish","format-standard","hentry","category-autoresas","category-creacion","category-novas","category-outras-artes","category-xeral","tag-vinetas-desde-o-atlantico-2023"],"jetpack_featured_media_url":"","jetpack_sharing_enabled":true,"_links":{"self":[{"href":"http:\/\/culturaliagz.com\/index.php?rest_route=\/wp\/v2\/posts\/13764","targetHints":{"allow":["GET"]}}],"collection":[{"href":"http:\/\/culturaliagz.com\/index.php?rest_route=\/wp\/v2\/posts"}],"about":[{"href":"http:\/\/culturaliagz.com\/index.php?rest_route=\/wp\/v2\/types\/post"}],"author":[{"embeddable":true,"href":"http:\/\/culturaliagz.com\/index.php?rest_route=\/wp\/v2\/users\/1"}],"replies":[{"embeddable":true,"href":"http:\/\/culturaliagz.com\/index.php?rest_route=%2Fwp%2Fv2%2Fcomments&post=13764"}],"version-history":[{"count":4,"href":"http:\/\/culturaliagz.com\/index.php?rest_route=\/wp\/v2\/posts\/13764\/revisions"}],"predecessor-version":[{"id":13803,"href":"http:\/\/culturaliagz.com\/index.php?rest_route=\/wp\/v2\/posts\/13764\/revisions\/13803"}],"wp:attachment":[{"href":"http:\/\/culturaliagz.com\/index.php?rest_route=%2Fwp%2Fv2%2Fmedia&parent=13764"}],"wp:term":[{"taxonomy":"category","embeddable":true,"href":"http:\/\/culturaliagz.com\/index.php?rest_route=%2Fwp%2Fv2%2Fcategories&post=13764"},{"taxonomy":"post_tag","embeddable":true,"href":"http:\/\/culturaliagz.com\/index.php?rest_route=%2Fwp%2Fv2%2Ftags&post=13764"}],"curies":[{"name":"wp","href":"https:\/\/api.w.org\/{rel}","templated":true}]}}