{"id":13729,"date":"2023-07-28T10:01:00","date_gmt":"2023-07-28T09:01:00","guid":{"rendered":"http:\/\/culturaliagz.com\/?p=13729"},"modified":"2023-07-27T23:35:04","modified_gmt":"2023-07-27T22:35:04","slug":"xi-edicion-do-festival-27373-de-musica-en-galego","status":"publish","type":"post","link":"http:\/\/culturaliagz.com\/?p=13729","title":{"rendered":"XI Edici\u00f3n do Festival 27373 de m\u00fasica en galego"},"content":{"rendered":"\n<p><\/p>\n\n\n<div class=\"wp-block-image\">\n<figure class=\"aligncenter size-large\"><a href=\"http:\/\/culturaliagz.com\/wp-content\/uploads\/2023\/07\/AF_cartel_2023_page-0001.jpg\" target=\"_blank\" rel=\"noreferrer noopener\"><img loading=\"lazy\" decoding=\"async\" width=\"724\" height=\"1024\" src=\"http:\/\/culturaliagz.com\/wp-content\/uploads\/2023\/07\/AF_cartel_2023_page-0001-724x1024.jpg\" alt=\"\" class=\"wp-image-13732\"\/><\/a><\/figure>\n<\/div>\n\n\n<p><\/p>\n\n\n\n<p><\/p>\n\n\n\n<p><\/p>\n\n\n\n<p class=\"has-text-align-justify\"><strong>A XI edici\u00f3n do Festival 27373 de m\u00fasica en Galego de Begonte, re\u00fane nun mesmo d\u00eda, un festival para nenos e nenas durante a ma\u00f1\u00e1 e a tarde e concertos para os mozos e mozas pola noite<\/strong><\/p>\n\n\n\n<p><\/p>\n\n\n\n<p><\/p>\n\n\n\n<p><\/p>\n\n\n<div class=\"wp-block-image\">\n<figure class=\"alignleft size-medium\"><a href=\"http:\/\/culturaliagz.com\/wp-content\/uploads\/2023\/07\/CASTINEIRO-MILENARIO.jpg\" target=\"_blank\" rel=\"noreferrer noopener\"><img loading=\"lazy\" decoding=\"async\" width=\"300\" height=\"225\" src=\"http:\/\/culturaliagz.com\/wp-content\/uploads\/2023\/07\/CASTINEIRO-MILENARIO-300x225.jpg\" alt=\"\" class=\"wp-image-13730\"\/><\/a><\/figure>\n<\/div>\n\n\n<p class=\"has-text-align-justify\">A Asociaci\u00f3n Cultural <a rel=\"noreferrer noopener\" href=\"https:\/\/castinheiromilenario.wordpress.com\/\" target=\"_blank\">Casti\u00f1eiro Milenario<\/a> de Begonte vai organizar a <strong>Und\u00e9cima edici\u00f3n do Festival 27373<\/strong> que ter\u00e1 lugar o s\u00e1bado 12 de agosto no <strong>Club Fluvial de Begonte<\/strong> que presta as s\u00faas instalaci\u00f3ns para a celebraci\u00f3n deste festival.<\/p>\n\n\n\n<p class=\"has-text-align-justify\"><strong>O Festival 27373 <\/strong>caracter\u00edzase por ser o \u00fanico festival do Concello de Begonte, un dos poucos festivais cunha programaci\u00f3n \u00edntegra en Galego, que apoia a grupos emerxentes e que nos \u00faltimos anos conta, polo menos, cun grupo integrado maioritariamente ou liderado por mulleres. Unha aposta pola l\u00edngua e pola visibilizaci\u00f3n da muller nos escenarios.<\/p>\n\n\n\n<p class=\"has-text-align-justify\">O Festival est\u00e1 dividido en d\u00faas partes. Polo d\u00eda, a programaci\u00f3n vai dirixida aos m\u00e1is pequen@s e \u00e1s familias. A partir das 13:45 horas comezar\u00e1 unha atractiva sesi\u00f3n verm\u00fa con m\u00fasica tradicional a cargo do cuarteto Seimeira, na que poderemos gozar, en exclusiva, das d\u00faas cervexas oficiais do Festival 27373. \u00c1mbalas d\u00faas cervexas son unha colaboraci\u00f3n entre Casti\u00f1eiro Milenario e <strong>cervexa artes\u00e1 Aloumi\u00f1a <\/strong>de Lugo. Xa pola tarde, a partir das cinco, comezar\u00e1 o tradicional <strong>XI Aberto de Billarda<\/strong> coa colaboraci\u00f3n da Asociaci\u00f3n O Varal. \u00c1s seis, o <strong>III campionato de serrador@s da Terra Cha<\/strong>. A partir das sete, o guitarrista Paco Cerdeiras, <strong>Pakolas<\/strong>, dar\u00e1 remate ao festival de d\u00eda co seu espect\u00e1culo Rockeando con Ramona pequena, dirixido ao p\u00fablico familiar<\/p>\n\n\n\n<p class=\"has-text-align-justify\">Agardemos que sexa un bo d\u00eda para pasar ao car\u00f3n do r\u00edo, xantando e compartindo sobremesa nunha zona que conta con t\u00f3dolos servizos, nun entorno de ribeira perfectamente acondicionado e coidado, onde se pode gozar dun ba\u00f1o, xantar nalgunha das mesas ou mesmo no campo e pasear \u00e1 beira do r\u00edo Ladra ao tempo que participamos nas distintas actividades.<\/p>\n\n\n\n<p class=\"has-text-align-justify\">Abrindo o festival de noite, sobre as 20:30 subir\u00e1 ao escenario <strong>Pauli\u00f1a<\/strong>, unha muller reivindicativa e chea de vitalidade que fusiona rock, country ou blues, a s\u00faa en\u00e9rxica posta en escena non vai deixar a ningu\u00e9n indiferente. Os seguintes en subir ao escenario ser\u00e1 o <strong>Pepe Vaamonde Grupo<\/strong>, un dos mellores gaiteiros do pa\u00eds chega ao escenario do festival 27373, a s\u00faa gaita po\u00f1er\u00e1 o torreiro patas arriba. Rematan o festival, <strong>Tecor Societ\u00e1rio<\/strong>, o seu punk-folk ser\u00e1 o remate perfecto para esta und\u00e9cima edici\u00f3n.<\/p>\n\n\n\n<p class=\"has-text-align-justify\">Queremos agradecer a axuda econ\u00f3mica da <strong>Deputaci\u00f3n de Lugo<\/strong> e do <strong>Concello de Begonte<\/strong>. Ao <strong>Club Fluvial de Begonte<\/strong> por prestar as s\u00faas marabillosas instalaci\u00f3ns. \u00c1s empresas e organizaci\u00f3ns colaboradoras e, por suposto, a <strong>Cervexa Artes\u00e1 Aloumi\u00f1a<\/strong>, por todas as facilidades para facer de novo as cervexas do festival. Tam\u00e9n a todas aquelas asociaci\u00f3ns culturais, artes\u00e1ns, e, por suposto, agradecer a presenza de todas as persoas que se acheguen ata Begonte a pasar un d\u00eda cheo de actividades culturais nun entorno incomparable.<\/p>\n","protected":false},"excerpt":{"rendered":"<p>A XI edici\u00f3n do Festival 27373 de m\u00fasica en Galego de Begonte, re\u00fane nun mesmo d\u00eda, un festival para nenos e nenas durante a ma\u00f1\u00e1 e a tarde e concertos [&hellip;]<\/p>\n","protected":false},"author":1,"featured_media":0,"comment_status":"open","ping_status":"open","sticky":false,"template":"","format":"standard","meta":{"_et_pb_use_builder":"","_et_pb_old_content":"","_et_gb_content_width":"","_jetpack_memberships_contains_paid_content":false,"footnotes":""},"categories":[23,7,6,57,1],"tags":[391,484],"class_list":["post-13729","post","type-post","status-publish","format-standard","hentry","category-autoresas","category-creacion","category-novas","category-outras-artes","category-xeral","tag-castineiro-milenario","tag-festival-27373-begonte"],"jetpack_featured_media_url":"","jetpack_sharing_enabled":true,"_links":{"self":[{"href":"http:\/\/culturaliagz.com\/index.php?rest_route=\/wp\/v2\/posts\/13729","targetHints":{"allow":["GET"]}}],"collection":[{"href":"http:\/\/culturaliagz.com\/index.php?rest_route=\/wp\/v2\/posts"}],"about":[{"href":"http:\/\/culturaliagz.com\/index.php?rest_route=\/wp\/v2\/types\/post"}],"author":[{"embeddable":true,"href":"http:\/\/culturaliagz.com\/index.php?rest_route=\/wp\/v2\/users\/1"}],"replies":[{"embeddable":true,"href":"http:\/\/culturaliagz.com\/index.php?rest_route=%2Fwp%2Fv2%2Fcomments&post=13729"}],"version-history":[{"count":3,"href":"http:\/\/culturaliagz.com\/index.php?rest_route=\/wp\/v2\/posts\/13729\/revisions"}],"predecessor-version":[{"id":13734,"href":"http:\/\/culturaliagz.com\/index.php?rest_route=\/wp\/v2\/posts\/13729\/revisions\/13734"}],"wp:attachment":[{"href":"http:\/\/culturaliagz.com\/index.php?rest_route=%2Fwp%2Fv2%2Fmedia&parent=13729"}],"wp:term":[{"taxonomy":"category","embeddable":true,"href":"http:\/\/culturaliagz.com\/index.php?rest_route=%2Fwp%2Fv2%2Fcategories&post=13729"},{"taxonomy":"post_tag","embeddable":true,"href":"http:\/\/culturaliagz.com\/index.php?rest_route=%2Fwp%2Fv2%2Ftags&post=13729"}],"curies":[{"name":"wp","href":"https:\/\/api.w.org\/{rel}","templated":true}]}}