{"id":13646,"date":"2023-07-13T12:02:22","date_gmt":"2023-07-13T11:02:22","guid":{"rendered":"http:\/\/culturaliagz.com\/?p=13646"},"modified":"2023-07-13T12:04:11","modified_gmt":"2023-07-13T11:04:11","slug":"conferencia-sobre-o-patrimonio-do-monte-farelo","status":"publish","type":"post","link":"http:\/\/culturaliagz.com\/?p=13646","title":{"rendered":"Conferencia sobre o patrimonio do Monte Farelo na igrexa de San Xo\u00e1n de Antas de Ulla"},"content":{"rendered":"\n<p><\/p>\n\n\n\n<p><\/p>\n\n\n<div class=\"wp-block-image\">\n<figure class=\"aligncenter size-full\"><a href=\"http:\/\/culturaliagz.com\/wp-content\/uploads\/2023\/07\/IMG_1235.jpeg\" target=\"_blank\" rel=\"noreferrer noopener\"><img loading=\"lazy\" decoding=\"async\" width=\"1000\" height=\"1000\" src=\"http:\/\/culturaliagz.com\/wp-content\/uploads\/2023\/07\/IMG_1235.jpeg\" alt=\"\" class=\"wp-image-13647\" srcset=\"http:\/\/culturaliagz.com\/wp-content\/uploads\/2023\/07\/IMG_1235.jpeg 1000w, http:\/\/culturaliagz.com\/wp-content\/uploads\/2023\/07\/IMG_1235-980x980.jpeg 980w, http:\/\/culturaliagz.com\/wp-content\/uploads\/2023\/07\/IMG_1235-480x480.jpeg 480w\" sizes=\"auto, (min-width: 0px) and (max-width: 480px) 480px, (min-width: 481px) and (max-width: 980px) 980px, (min-width: 981px) 1000px, 100vw\" \/><\/a><\/figure>\n<\/div>\n\n\n<p><\/p>\n\n\n\n<p><\/p>\n\n\n\n<p class=\"has-text-align-justify\">O s\u00e1bado 29 de xullo, organizada pola&nbsp;<em>Comisi\u00f3n Monte Farelo<\/em>&nbsp;do <a href=\"http:\/\/ieu.gal\/\" target=\"_blank\" rel=\"noreferrer noopener\">Instituto de Estudos Ullo\u00e1ns<\/a>, impartirase na igrexa rom\u00e1nica de San Xo\u00e1n de Antas de Ulla a conferencia&nbsp;<em><a href=\"http:\/\/ieu.gal\/conferencia-sobre-o-patrimonio-natural-e-cultural-monte-farelo-29-xullo-2023\/\" target=\"_blank\" rel=\"noreferrer noopener\">Monte Farelo: patrimonio natural e cultural<\/a><\/em>.<\/p>\n\n\n\n<p class=\"has-text-align-justify\">Coordinan o acto os historiadores Xulio Cuba e Sinda Vilame\u00e1, veci\u00f1os de A Somoza (Monte Farelo, Antas de Ulla), e imparten a conferencia o antrop\u00f3logo Manuel Vilar \u00c1lvarez, director do Museo do Pobo Galego, e o xe\u00f3logo Felipe Fern\u00e1ndez Mart\u00ednez.&nbsp;<\/p>\n\n\n\n<p class=\"has-text-align-justify\">Con esta conferencia in\u00edcianse as actividades da\u00a0<em>Comisi\u00f3n Monte Farelo<\/em>, coa finalidade da posta en valor e a protecci\u00f3n do rico patrimonio, tanto natural como cultural, do Farelo.<\/p>\n","protected":false},"excerpt":{"rendered":"<p>O s\u00e1bado 29 de xullo, organizada pola&nbsp;Comisi\u00f3n Monte Farelo&nbsp;do Instituto de Estudos Ullo\u00e1ns, impartirase na igrexa rom\u00e1nica de San Xo\u00e1n de Antas de Ulla a conferencia&nbsp;Monte Farelo: patrimonio natural e [&hellip;]<\/p>\n","protected":false},"author":1,"featured_media":0,"comment_status":"open","ping_status":"open","sticky":false,"template":"","format":"standard","meta":{"_et_pb_use_builder":"","_et_pb_old_content":"","_et_gb_content_width":"","_jetpack_memberships_contains_paid_content":false,"footnotes":""},"categories":[23,7,6,57,1],"tags":[1744,425,1745,1229],"class_list":["post-13646","post","type-post","status-publish","format-standard","hentry","category-autoresas","category-creacion","category-novas","category-outras-artes","category-xeral","tag-comision-monte-farelo","tag-instituto-de-estudos-ulloans","tag-monte-farelo-patrimonio-natural-e-cultural","tag-velia-igrexa-de-san-xoan"],"jetpack_featured_media_url":"","jetpack_sharing_enabled":true,"_links":{"self":[{"href":"http:\/\/culturaliagz.com\/index.php?rest_route=\/wp\/v2\/posts\/13646","targetHints":{"allow":["GET"]}}],"collection":[{"href":"http:\/\/culturaliagz.com\/index.php?rest_route=\/wp\/v2\/posts"}],"about":[{"href":"http:\/\/culturaliagz.com\/index.php?rest_route=\/wp\/v2\/types\/post"}],"author":[{"embeddable":true,"href":"http:\/\/culturaliagz.com\/index.php?rest_route=\/wp\/v2\/users\/1"}],"replies":[{"embeddable":true,"href":"http:\/\/culturaliagz.com\/index.php?rest_route=%2Fwp%2Fv2%2Fcomments&post=13646"}],"version-history":[{"count":5,"href":"http:\/\/culturaliagz.com\/index.php?rest_route=\/wp\/v2\/posts\/13646\/revisions"}],"predecessor-version":[{"id":13652,"href":"http:\/\/culturaliagz.com\/index.php?rest_route=\/wp\/v2\/posts\/13646\/revisions\/13652"}],"wp:attachment":[{"href":"http:\/\/culturaliagz.com\/index.php?rest_route=%2Fwp%2Fv2%2Fmedia&parent=13646"}],"wp:term":[{"taxonomy":"category","embeddable":true,"href":"http:\/\/culturaliagz.com\/index.php?rest_route=%2Fwp%2Fv2%2Fcategories&post=13646"},{"taxonomy":"post_tag","embeddable":true,"href":"http:\/\/culturaliagz.com\/index.php?rest_route=%2Fwp%2Fv2%2Ftags&post=13646"}],"curies":[{"name":"wp","href":"https:\/\/api.w.org\/{rel}","templated":true}]}}