{"id":13575,"date":"2023-07-05T11:17:15","date_gmt":"2023-07-05T10:17:15","guid":{"rendered":"http:\/\/culturaliagz.com\/?p=13575"},"modified":"2023-07-05T11:17:18","modified_gmt":"2023-07-05T10:17:18","slug":"galicia-sobe-ao-escenario-de-atlantica-este-mercores-en-santiago","status":"publish","type":"post","link":"http:\/\/culturaliagz.com\/?p=13575","title":{"rendered":"Galicia sobe ao escenario de Atl\u00e1ntica este m\u00e9rcores en Santiago"},"content":{"rendered":"\n<p><\/p>\n\n\n\n<p><\/p>\n\n\n\n<figure class=\"wp-block-gallery has-nested-images columns-default is-cropped wp-block-gallery-1 is-layout-flex wp-block-gallery-is-layout-flex\">\n<figure class=\"wp-block-image size-large\"><a href=\"http:\/\/culturaliagz.com\/wp-content\/uploads\/2023\/07\/CSC_MARUXA_CORALIA_ADULTO_ATL23.jpeg\" target=\"_blank\" rel=\"noreferrer noopener\"><img loading=\"lazy\" decoding=\"async\" width=\"1024\" height=\"724\" data-id=\"13576\" src=\"http:\/\/culturaliagz.com\/wp-content\/uploads\/2023\/07\/CSC_MARUXA_CORALIA_ADULTO_ATL23-1024x724.jpeg\" alt=\"\" class=\"wp-image-13576\" srcset=\"http:\/\/culturaliagz.com\/wp-content\/uploads\/2023\/07\/CSC_MARUXA_CORALIA_ADULTO_ATL23-980x693.jpeg 980w, http:\/\/culturaliagz.com\/wp-content\/uploads\/2023\/07\/CSC_MARUXA_CORALIA_ADULTO_ATL23-480x339.jpeg 480w\" sizes=\"auto, (min-width: 0px) and (max-width: 480px) 480px, (min-width: 481px) and (max-width: 980px) 980px, (min-width: 981px) 1024px, 100vw\" \/><\/a><\/figure>\n\n\n\n<figure class=\"wp-block-image size-large\"><a href=\"http:\/\/culturaliagz.com\/wp-content\/uploads\/2023\/07\/CSC_MARUXA_CORALIA_INFANTIL_ATL23.jpeg\" target=\"_blank\" rel=\"noreferrer noopener\"><img loading=\"lazy\" decoding=\"async\" width=\"1024\" height=\"724\" data-id=\"13577\" src=\"http:\/\/culturaliagz.com\/wp-content\/uploads\/2023\/07\/CSC_MARUXA_CORALIA_INFANTIL_ATL23-1024x724.jpeg\" alt=\"\" class=\"wp-image-13577\" srcset=\"http:\/\/culturaliagz.com\/wp-content\/uploads\/2023\/07\/CSC_MARUXA_CORALIA_INFANTIL_ATL23-980x693.jpeg 980w, http:\/\/culturaliagz.com\/wp-content\/uploads\/2023\/07\/CSC_MARUXA_CORALIA_INFANTIL_ATL23-480x339.jpeg 480w\" sizes=\"auto, (min-width: 0px) and (max-width: 480px) 480px, (min-width: 481px) and (max-width: 980px) 980px, (min-width: 981px) 1024px, 100vw\" \/><\/a><\/figure>\n<\/figure>\n\n\n\n<p><\/p>\n\n\n\n<p><\/p>\n\n\n\n<p class=\"has-text-align-justify\"><strong>Pola ma\u00f1a est\u00e1 previsto un roteiro con Sole Felloza que xa ten as s\u00faas prazas esgotadas<\/strong><\/p>\n\n\n\n<p class=\"has-text-align-justify\"><strong>Na tarde e no ser\u00e1n haber\u00e1 espect\u00e1culos de Vero Rilo e de Bea Campos con interpretaci\u00f3n en lingua de signos no CSC Maruxa e Coralia<\/strong><\/p>\n\n\n\n<p class=\"has-text-align-justify\"><strong>Toda a programaci\u00f3n do festival p\u00f3dese consultar na web <a href=\"https:\/\/festivalatlantica.gal\/\" target=\"_blank\" rel=\"noreferrer noopener\">festivalatlantica.gal<\/a><\/strong>\u00a0<\/p>\n\n\n\n<p><\/p>\n\n\n\n<p><\/p>\n\n\n\n<figure class=\"wp-block-gallery has-nested-images columns-default is-cropped wp-block-gallery-2 is-layout-flex wp-block-gallery-is-layout-flex\">\n<figure class=\"wp-block-image size-large\"><a href=\"http:\/\/culturaliagz.com\/wp-content\/uploads\/2023\/07\/Vero-Rilo-scaled.jpeg\" target=\"_blank\" rel=\"noreferrer noopener\"><img loading=\"lazy\" decoding=\"async\" width=\"1024\" height=\"577\" data-id=\"13579\" src=\"http:\/\/culturaliagz.com\/wp-content\/uploads\/2023\/07\/Vero-Rilo-1024x577.jpeg\" alt=\"\" class=\"wp-image-13579\" srcset=\"http:\/\/culturaliagz.com\/wp-content\/uploads\/2023\/07\/Vero-Rilo-980x552.jpeg 980w, http:\/\/culturaliagz.com\/wp-content\/uploads\/2023\/07\/Vero-Rilo-480x270.jpeg 480w\" sizes=\"auto, (min-width: 0px) and (max-width: 480px) 480px, (min-width: 481px) and (max-width: 980px) 980px, (min-width: 981px) 1024px, 100vw\" \/><\/a><\/figure>\n\n\n\n<figure class=\"wp-block-image size-large\"><a href=\"http:\/\/culturaliagz.com\/wp-content\/uploads\/2023\/07\/Bea-Campos-2.jpeg\" target=\"_blank\" rel=\"noreferrer noopener\"><img loading=\"lazy\" decoding=\"async\" width=\"533\" height=\"800\" data-id=\"13580\" src=\"http:\/\/culturaliagz.com\/wp-content\/uploads\/2023\/07\/Bea-Campos-2.jpeg\" alt=\"\" class=\"wp-image-13580\" srcset=\"http:\/\/culturaliagz.com\/wp-content\/uploads\/2023\/07\/Bea-Campos-2.jpeg 533w, http:\/\/culturaliagz.com\/wp-content\/uploads\/2023\/07\/Bea-Campos-2-480x720.jpeg 480w\" sizes=\"auto, (min-width: 0px) and (max-width: 480px) 480px, (min-width: 481px) 533px, 100vw\" \/><\/a><\/figure>\n\n\n\n<figure class=\"wp-block-image size-large\"><a href=\"http:\/\/culturaliagz.com\/wp-content\/uploads\/2023\/07\/Sole-Felloza-3.jpeg\" target=\"_blank\" rel=\"noreferrer noopener\"><img loading=\"lazy\" decoding=\"async\" width=\"897\" height=\"1024\" data-id=\"13581\" src=\"http:\/\/culturaliagz.com\/wp-content\/uploads\/2023\/07\/Sole-Felloza-3-897x1024.jpeg\" alt=\"\" class=\"wp-image-13581\"\/><\/a><\/figure>\n<\/figure>\n\n\n\n<p><\/p>\n\n\n\n<p><\/p>\n\n\n\n<p class=\"has-text-align-justify\">As voces de tres mulleres galegas encher\u00e1n de historias a terceira xornada do\u00a0<strong><a href=\"https:\/\/festivalatlantica.gal\/\" target=\"_blank\" rel=\"noreferrer noopener\">Festival Atl\u00e1ntica<\/a>\u00a0<\/strong>en Santiago de Compostela: Sole Felloza, Vero Rilo e Bea Campos. O programa do d\u00eda incl\u00fae un paseo narrado pola contorna da cidade e mais un espect\u00e1culo para nenos e outro para adultos, ambos os dous con interpretaci\u00f3n en lingua de signos. Todas as actividades son de car\u00e1cter gratu\u00edto con entrada libre ata completar o aforo ag\u00e1s o roteiro, que xa ten as s\u00faas prazas esgotadas desde hai varios d\u00edas. Atl\u00e1ntica ten presenza na cidade compostel\u00e1 grazas ao financiamento da Xunta de Galicia e da Deputaci\u00f3n da Coru\u00f1a e mais \u00e1 colaboraci\u00f3n do Concello de Santiago de Compostela.<\/p>\n\n\n\n<p class=\"has-text-align-justify\">A primeira actividade do d\u00eda, \u2018Contos para bos paseantes\u2019, consistir\u00e1 nun paseo narrado polos sendeiros de Santiago na compa\u00f1a de&nbsp;<strong>Sole Felloza<\/strong>&nbsp;a partir das 10 horas. A actividade, que colgou o cartel de \u2018prazas esgotadas\u2019 hai tempo, \u00e9 un convite para cami\u00f1ar por lugares co\u00f1ecidos sen contar calor\u00edas pero descubrindo as historias agochadas nun casti\u00f1eiro, nunha fonte ou nunha ru\u00edna.<\/p>\n\n\n\n<p class=\"has-text-align-justify\">Xa pola tarde, \u00e1s 18.30 horas, os nenos maiores de tres anos e as s\u00faas familias te\u00f1en unha cita co \u2018Animalario\u2019 de&nbsp;<strong>Vero Rilo<\/strong>&nbsp;no CSC Maruxa e Coralia, unha sesi\u00f3n de narraci\u00f3n oral fresca e despreocupada para recargar enerx\u00edas e para gozar cun feixe de animais e animaladas. Un chisco despois, \u00e1s 21 horas, ser\u00e1&nbsp;<strong>Bea Campos<\/strong>&nbsp;quen deleite o p\u00fablico adulto con \u2018Marcho que te\u00f1o que marchar\u2019, unha escolma de contos onde as mulleres son as protagonistas, desde meigas art\u00faricas ata avoas misteriosas.<\/p>\n\n\n\n<p class=\"has-text-align-justify\">A actividade na cidade picheleira vai continuar ata o\u00a0s\u00e1bado 8\u00a0de xullo e completar\u00e1 unha vintena de espect\u00e1culos.\u00a0Fiel \u00e1 s\u00faa filosof\u00eda, Atl\u00e1ntica vai programar un amplo abano de funci\u00f3ns tan variadas como os p\u00fablicos aos que se dirixe. Haber\u00e1 espect\u00e1culos para todas as idades, de tem\u00e1tica diversa, en horarios variados e en diferentes puntos da cidade. Toda a informaci\u00f3n sobre os espect\u00e1culos e os artistas do festival est\u00e1 dispo\u00f1ible na web\u00a0<a href=\"http:\/\/festivalatlantica.gal\/\" target=\"_blank\" rel=\"noreferrer noopener\">festivalatlantica.gal<\/a>.<\/p>\n\n\n\n<p><strong>M\u00e1is contos en Ferrol<\/strong><\/p>\n\n\n\n<p class=\"has-text-align-justify\">No tocante a Ferrol, o&nbsp;<strong>m\u00e9rcores 5<\/strong>&nbsp;ser\u00e1 a quenda do cubano&nbsp;<strong>Pedro Mario L\u00f3pez<\/strong>, quen tam\u00e9n contar\u00e1 para cativos (18 h, Biblioteca Municipal, \u2018Do monte ve\u00f1o e ao monte vou\u2019) e para maiores (20.30 h, Capela C. Torrente Ballester, \u2018Sen destinatario\u2019). D\u00faas oportunidades para achegarse ata as historias deste cubano, neto de galegos emigrado a Colombia. A s\u00faa fala desbordante, chea de retranca, engaiola con historias nas que mestura a gran literatura coa tradici\u00f3n oral: realismo m\u00e1xico e humor no escenario.<\/p>\n\n\n\n<p><strong>Sobre os artistas<\/strong><\/p>\n\n\n\n<p class=\"has-text-align-justify\"><strong>Sole Felloza.&nbsp;<\/strong>Actriz, contadora de historias, fot\u00f3grafa, escritora e dramaturga. Esta polifac\u00e9tica narradora xa \u00e9 case m\u00e1is galega ca uruguaia e no seu xeito de contar n\u00f3tase ben que \u00e9 unha apaixonada das historias da terra. Unha \u201cgaleguaia\u201d de raza pura, como a define Quico Cadaval.<\/p>\n\n\n\n<p class=\"has-text-align-justify\"><strong>Vero Rilo.&nbsp;<\/strong>Rilo conta do coti\u00e1n e faino por non calar e por necesidade, por non perder a memoria das outras nin a s\u00faa. Conta (d)a vida e tam\u00e9n (d)a morte, mentres unha v\u00e9n e ata que a outra non chegue.<\/p>\n\n\n\n<p class=\"has-text-align-justify\"><strong>Bea Campos.&nbsp;<\/strong>Teatreira e contacontos, Bea Campos \u00e9 integrante de Migallas, unha das familias hist\u00f3ricas do teatro galego. Moi co\u00f1ecida polo p\u00fablico infantil, sobe por fin ao escenario cunha chea de historias para adultos nas quen non falta o humor. Haina que aproveitar e escoitar antes de que marche ao Festival Internacional de Cabaret de M\u00e9xico.<\/p>\n\n\n\n<p><strong>Por toda Galicia&#8230; e Portugal<\/strong><\/p>\n\n\n\n<p class=\"has-text-align-justify\">Os contos do Festival Atl\u00e1ntica est\u00e1n a se espallar por boa parte da xeograf\u00eda galega ata o vindeiro 9 de xullo. Grazas ao esforzo conxunto das entidades que colaboran no festival, as m\u00e1is de\u00a0<strong>90 actuaci\u00f3ns<\/strong>\u00a0desta edici\u00f3n van chegar \u00e1s\u00a0<strong>24 sedes<\/strong> repartidas polas catro provincias galegas. Amais de Santiago de Compostela e Ferrol, este ano participan en Atl\u00e1ntica os concellos de Teo, A Coru\u00f1a, Alfoz, Boiro, Bri\u00f3n, Carnota, Castro de Rei, Cuntis, Chantada, Dodro, Mugardos, Outes, Ourense, Paderne, Pobra de Trives, Pobra do Carami\u00f1al, Rianxo, Ribeira, A Estrada, Sanxenxo e Vigo. A esta listaxe c\u00f3mpre engadir a sede portuguesa de Pit\u00f5es das J\u00fanias, en Montalegre.<\/p>\n\n\n\n<p><\/p>\n\n\n\n<p><\/p>\n\n\n<a href=\"http:\/\/culturaliagz.com\/wp-content\/uploads\/2023\/07\/20230704-NP-Programacion-Atlantica-5-xullo-Santiago.pdf\" class=\"pdfemb-viewer\" style=\"\" data-width=\"max\" data-height=\"max\" data-toolbar=\"bottom\" data-toolbar-fixed=\"off\">20230704-NP-Programacion-Atlantica-5-xullo-Santiago<\/a>\n<p class=\"wp-block-pdfemb-pdf-embedder-viewer\"><\/p>\n","protected":false},"excerpt":{"rendered":"<p>Pola ma\u00f1a est\u00e1 previsto un roteiro con Sole Felloza que xa ten as s\u00faas prazas esgotadas Na tarde e no ser\u00e1n haber\u00e1 espect\u00e1culos de Vero Rilo e de Bea Campos [&hellip;]<\/p>\n","protected":false},"author":1,"featured_media":0,"comment_status":"open","ping_status":"open","sticky":false,"template":"","format":"standard","meta":{"_et_pb_use_builder":"","_et_pb_old_content":"","_et_gb_content_width":"","_jetpack_memberships_contains_paid_content":false,"footnotes":""},"categories":[23,7,129,6,57,1],"tags":[1730,629,515,422],"class_list":["post-13575","post","type-post","status-publish","format-standard","hentry","category-autoresas","category-creacion","category-literaria","category-novas","category-outras-artes","category-xeral","tag-bea-campos","tag-festival-atlantica","tag-soledad-felloza","tag-vero-rilo"],"jetpack_featured_media_url":"","jetpack_sharing_enabled":true,"_links":{"self":[{"href":"http:\/\/culturaliagz.com\/index.php?rest_route=\/wp\/v2\/posts\/13575","targetHints":{"allow":["GET"]}}],"collection":[{"href":"http:\/\/culturaliagz.com\/index.php?rest_route=\/wp\/v2\/posts"}],"about":[{"href":"http:\/\/culturaliagz.com\/index.php?rest_route=\/wp\/v2\/types\/post"}],"author":[{"embeddable":true,"href":"http:\/\/culturaliagz.com\/index.php?rest_route=\/wp\/v2\/users\/1"}],"replies":[{"embeddable":true,"href":"http:\/\/culturaliagz.com\/index.php?rest_route=%2Fwp%2Fv2%2Fcomments&post=13575"}],"version-history":[{"count":2,"href":"http:\/\/culturaliagz.com\/index.php?rest_route=\/wp\/v2\/posts\/13575\/revisions"}],"predecessor-version":[{"id":13583,"href":"http:\/\/culturaliagz.com\/index.php?rest_route=\/wp\/v2\/posts\/13575\/revisions\/13583"}],"wp:attachment":[{"href":"http:\/\/culturaliagz.com\/index.php?rest_route=%2Fwp%2Fv2%2Fmedia&parent=13575"}],"wp:term":[{"taxonomy":"category","embeddable":true,"href":"http:\/\/culturaliagz.com\/index.php?rest_route=%2Fwp%2Fv2%2Fcategories&post=13575"},{"taxonomy":"post_tag","embeddable":true,"href":"http:\/\/culturaliagz.com\/index.php?rest_route=%2Fwp%2Fv2%2Ftags&post=13575"}],"curies":[{"name":"wp","href":"https:\/\/api.w.org\/{rel}","templated":true}]}}