{"id":13564,"date":"2023-07-02T15:48:46","date_gmt":"2023-07-02T14:48:46","guid":{"rendered":"http:\/\/culturaliagz.com\/?p=13564"},"modified":"2023-07-02T15:50:20","modified_gmt":"2023-07-02T14:50:20","slug":"a-tradicion-oral-lusa-protagoniza-o-arranque-do-festival-atlantica-este-luns-3-de-xullo-en-santiago","status":"publish","type":"post","link":"http:\/\/culturaliagz.com\/?p=13564","title":{"rendered":"A tradici\u00f3n oral lusa protagoniza o arranque do Festival Atl\u00e1ntica este luns 3 de xullo en Santiago"},"content":{"rendered":"\n<p><\/p>\n\n\n\n<figure class=\"wp-block-gallery has-nested-images columns-default is-cropped wp-block-gallery-1 is-layout-flex wp-block-gallery-is-layout-flex\">\n<figure class=\"wp-block-image size-large\"><a href=\"http:\/\/culturaliagz.com\/wp-content\/uploads\/2023\/07\/Luis-Correia_cAna-Cristina-Martins.jpg\" target=\"_blank\" rel=\"noreferrer noopener\"><img loading=\"lazy\" decoding=\"async\" width=\"682\" height=\"1024\" data-id=\"13568\" src=\"http:\/\/culturaliagz.com\/wp-content\/uploads\/2023\/07\/Luis-Correia_cAna-Cristina-Martins-682x1024.jpg\" alt=\"\" class=\"wp-image-13568\"\/><\/a><\/figure>\n\n\n\n<figure class=\"wp-block-image size-large\"><a href=\"http:\/\/culturaliagz.com\/wp-content\/uploads\/2023\/07\/Raquel-Queizas.jpg\" target=\"_blank\" rel=\"noreferrer noopener\"><img loading=\"lazy\" decoding=\"async\" width=\"1024\" height=\"768\" data-id=\"13569\" src=\"http:\/\/culturaliagz.com\/wp-content\/uploads\/2023\/07\/Raquel-Queizas-1024x768.jpg\" alt=\"\" class=\"wp-image-13569\" srcset=\"http:\/\/culturaliagz.com\/wp-content\/uploads\/2023\/07\/Raquel-Queizas-980x735.jpg 980w, http:\/\/culturaliagz.com\/wp-content\/uploads\/2023\/07\/Raquel-Queizas-480x360.jpg 480w\" sizes=\"auto, (min-width: 0px) and (max-width: 480px) 480px, (min-width: 481px) and (max-width: 980px) 980px, (min-width: 981px) 1024px, 100vw\" \/><\/a><\/figure>\n\n\n\n<figure class=\"wp-block-image size-large\"><a href=\"http:\/\/culturaliagz.com\/wp-content\/uploads\/2023\/07\/Atlantica2022_cXaimeCortizo.jpg\" target=\"_blank\" rel=\"noreferrer noopener\"><img loading=\"lazy\" decoding=\"async\" width=\"1024\" height=\"683\" data-id=\"13567\" src=\"http:\/\/culturaliagz.com\/wp-content\/uploads\/2023\/07\/Atlantica2022_cXaimeCortizo-1024x683.jpg\" alt=\"\" class=\"wp-image-13567\" srcset=\"http:\/\/culturaliagz.com\/wp-content\/uploads\/2023\/07\/Atlantica2022_cXaimeCortizo-980x654.jpg 980w, http:\/\/culturaliagz.com\/wp-content\/uploads\/2023\/07\/Atlantica2022_cXaimeCortizo-480x320.jpg 480w\" sizes=\"auto, (min-width: 0px) and (max-width: 480px) 480px, (min-width: 481px) and (max-width: 980px) 980px, (min-width: 981px) 1024px, 100vw\" \/><\/a><\/figure>\n<\/figure>\n\n\n\n<p><\/p>\n\n\n\n<p><\/p>\n\n\n\n<p class=\"has-text-align-justify\"><strong>O portugu\u00e9s Luis Correia Carmelo e a galega Raquel Queiz\u00e1s \u2018tomar\u00e1n\u2019 o CSC Maruxa e Coralia con tres espect\u00e1culos<\/strong><\/p>\n\n\n\n<p class=\"has-text-align-justify\"><strong>Atl\u00e1ntica vai estar presente en 24 concellos ata o vindeiro 9 de xullo<\/strong><\/p>\n\n\n\n<p class=\"has-text-align-justify\"><strong>Toda a programaci\u00f3n do festival p\u00f3dese consultar na web festivalatlantica.gal<\/strong><\/p>\n\n\n\n<p><\/p>\n\n\n\n<p class=\"has-text-align-justify\">O <strong><a href=\"https:\/\/festivalatlantica.gal\/\" target=\"_blank\" rel=\"noreferrer noopener\">Festival Atl\u00e1ntica<\/a><\/strong> inaugura a s\u00faa actividade en Santiago de Compostela, a s\u00faa principal sede, este luns, 3 de xullo, con tres actividades a cargo de <strong>Raquel Queiz\u00e1s e Luis Correia Carmelo<\/strong>. Todas elas van ser no CSC Maruxa e Coralia e ter\u00e1n car\u00e1cter gratu\u00edto con entrada libre ata completar o aforo. Atl\u00e1ntica ten presenza na cidade compostel\u00e1 grazas ao financiamento da Xunta de Galicia e da Deputaci\u00f3n da Coru\u00f1a e mais \u00e1 colaboraci\u00f3n do Concello de Santiago de Compostela.<\/p>\n\n\n\n<p class=\"has-text-align-justify\">O programa comezar\u00e1 \u00e1s 18 horas con <strong>\u2018Chimpo de ra\u2019<\/strong>, unha proposta da galega Raquel Queiz\u00e1s concibida para os beb\u00e9s con idades entre un e tres anos. A historia de dous irm\u00e1ns, Nano e Nona, da relaci\u00f3n entre eles, con celos e afectos, aventuras e desventuras, \u00e9 o f\u00edo condutor deste espect\u00e1culo.<\/p>\n\n\n\n<p class=\"has-text-align-justify\">Un chisco m\u00e1is tarde, \u00e1s 18:45 horas, ser\u00e1 a cita do portugu\u00e9s <strong>Luis Correia Carmelo<\/strong> coa cativada maior de cinco anos e as s\u00faas familias. En <strong>\u2018Nin d\u00faas nin tres&#8230; era unha e s\u00f3 unha vez\u2019<\/strong> os protagonistas son as adivi\u00f1as, trabalinguas, lerias e os contos acumulativos da tradici\u00f3n oral portuguesa. Todos eles mest\u00faranse para convidar aos m\u00e1is pequechos a xogar, comprender e pensar.<\/p>\n\n\n\n<p class=\"has-text-align-justify\">Esta primeira xornada de Atl\u00e1ntica en Santiago rematar\u00e1 con outro espect\u00e1culo do narrador portugu\u00e9s pero, desta volta, dirixido ao p\u00fablico adulto. Tr\u00e1tase de <strong>\u2018Contantinas\u2019<\/strong>, historias acompa\u00f1adas dunha concertina nunha <em>performance<\/em> onde palabra e m\u00fasica van da man. Localizadas nun imaxinario de principios do s\u00e9culo XX, estas historias falan da misteriosa ligaz\u00f3n entre as persoas e dos seus encontros e desencontros.<\/p>\n\n\n\n<p class=\"has-text-align-justify\">A actividade na cidade picheleira vai continuar ata o s\u00e1bado 8 de xullo ata completar unha vintena de espect\u00e1culos. Fiel \u00e1 s\u00faa filosof\u00eda, Atl\u00e1ntica vai programar un amplo abano de funci\u00f3ns tan variadas como os p\u00fablicos aos que se dirixe. Haber\u00e1 espect\u00e1culos para todas as idades, de tem\u00e1tica diversa, en horarios variados e en diferentes puntos da cidade. Tam\u00e9n est\u00e1n previstos pases con interpretaci\u00f3n en lingua de signos. Toda a informaci\u00f3n sobre os espect\u00e1culos e os artistas do festival est\u00e1 dispo\u00f1ible na web <a href=\"http:\/\/festivalatlantica.gal\" target=\"_blank\" rel=\"noreferrer noopener\">festivalatlantica.gal<\/a>.<\/p>\n\n\n\n<p><strong>Sobre os artistas<\/strong><\/p>\n\n\n\n<p class=\"has-text-align-justify\"><strong>Luis Correia Carmelo.<\/strong> Este artista portugu\u00e9s emigrou a Brasil de neno e ao seu regreso, comezou no mundo dos contos a estudar e recoller historias e m\u00fasicas tradicionais. Hoxe en d\u00eda \u00e9 un dos grandes referentes da narraci\u00f3n oral lusa e trae a Santiago un espect\u00e1culo onde o humor, o marabilloso e o coti\u00e1n palpitan ao ritmo da s\u00faa concertina.<\/p>\n\n\n\n<p class=\"has-text-align-justify\"><strong>Raquel Queiz\u00e1s.<\/strong> \u00c9 actriz, monicrequeira e, sobre todo, contadora de historias. O seu repertorio incl\u00fae contos tradicionais, lendas, adaptaci\u00f3ns de contos de autor e historias propias. Os contos formaron parte da s\u00faa vida desde pequecha e leva xa vinte anos inmersa profesionalmente no mundo da narraci\u00f3n oral e do teatro.<\/p>\n\n\n\n<p><strong>Por toda Galicia&#8230; e Portugal<\/strong><\/p>\n\n\n\n<p class=\"has-text-align-justify\">Os contos do Festival Atl\u00e1ntica est\u00e1n a se espallar por boa parte da xeograf\u00eda galega ata o vindeiro 9 de xullo. Grazas ao esforzo conxunto das entidades que colaboran no festival, as m\u00e1is de <strong>90 actuaci\u00f3ns<\/strong> desta edici\u00f3n van chegar \u00e1s <strong>24 sedes<\/strong> repartidas polas catro provincias galegas. Amais de Santiago de Compostela, este ano participan en Atl\u00e1ntica os concellos de Teo, A Coru\u00f1a, Alfoz, Boiro, Bri\u00f3n, Carnota, Castro de Rei, Cuntis, Chantada, Dodro, Ferrol, Mugardos, Outes, Ourense, Paderne, Pobra de Trives, Pobra do Carami\u00f1al, Rianxo, Ribeira, A Estrada, Sanxenxo e Vigo. A esta listaxe c\u00f3mpre engadir a sede portuguesa de Pit\u00f5es das J\u00fanias, en Montalegre.<\/p>\n\n\n\n<p><\/p>\n\n\n\n<p><\/p>\n\n\n\n<p><\/p>\n\n\n<a href=\"http:\/\/culturaliagz.com\/wp-content\/uploads\/2023\/07\/20230701-NP-Programacion-Atlantica-3-xullo-Santiago.pdf\" class=\"pdfemb-viewer\" style=\"\" data-width=\"max\" data-height=\"max\" data-toolbar=\"bottom\" data-toolbar-fixed=\"off\">20230701-NP-Programacion-Atlantica-3-xullo-Santiago<\/a>\n<p class=\"wp-block-pdfemb-pdf-embedder-viewer\"><\/p>\n","protected":false},"excerpt":{"rendered":"<p>O portugu\u00e9s Luis Correia Carmelo e a galega Raquel Queiz\u00e1s \u2018tomar\u00e1n\u2019 o CSC Maruxa e Coralia con tres espect\u00e1culos Atl\u00e1ntica vai estar presente en 24 concellos ata o vindeiro 9 [&hellip;]<\/p>\n","protected":false},"author":1,"featured_media":0,"comment_status":"open","ping_status":"open","sticky":false,"template":"","format":"standard","meta":{"_et_pb_use_builder":"","_et_pb_old_content":"","_et_gb_content_width":"","_jetpack_memberships_contains_paid_content":false,"footnotes":""},"categories":[7,129,6,57,1],"tags":[629,1728,1729],"class_list":["post-13564","post","type-post","status-publish","format-standard","hentry","category-creacion","category-literaria","category-novas","category-outras-artes","category-xeral","tag-festival-atlantica","tag-luis-correia-carmelo","tag-raquel-queizas-2"],"jetpack_featured_media_url":"","jetpack_sharing_enabled":true,"_links":{"self":[{"href":"http:\/\/culturaliagz.com\/index.php?rest_route=\/wp\/v2\/posts\/13564","targetHints":{"allow":["GET"]}}],"collection":[{"href":"http:\/\/culturaliagz.com\/index.php?rest_route=\/wp\/v2\/posts"}],"about":[{"href":"http:\/\/culturaliagz.com\/index.php?rest_route=\/wp\/v2\/types\/post"}],"author":[{"embeddable":true,"href":"http:\/\/culturaliagz.com\/index.php?rest_route=\/wp\/v2\/users\/1"}],"replies":[{"embeddable":true,"href":"http:\/\/culturaliagz.com\/index.php?rest_route=%2Fwp%2Fv2%2Fcomments&post=13564"}],"version-history":[{"count":4,"href":"http:\/\/culturaliagz.com\/index.php?rest_route=\/wp\/v2\/posts\/13564\/revisions"}],"predecessor-version":[{"id":13574,"href":"http:\/\/culturaliagz.com\/index.php?rest_route=\/wp\/v2\/posts\/13564\/revisions\/13574"}],"wp:attachment":[{"href":"http:\/\/culturaliagz.com\/index.php?rest_route=%2Fwp%2Fv2%2Fmedia&parent=13564"}],"wp:term":[{"taxonomy":"category","embeddable":true,"href":"http:\/\/culturaliagz.com\/index.php?rest_route=%2Fwp%2Fv2%2Fcategories&post=13564"},{"taxonomy":"post_tag","embeddable":true,"href":"http:\/\/culturaliagz.com\/index.php?rest_route=%2Fwp%2Fv2%2Ftags&post=13564"}],"curies":[{"name":"wp","href":"https:\/\/api.w.org\/{rel}","templated":true}]}}