{"id":13556,"date":"2023-07-02T15:27:09","date_gmt":"2023-07-02T14:27:09","guid":{"rendered":"http:\/\/culturaliagz.com\/?p=13556"},"modified":"2023-07-02T15:27:13","modified_gmt":"2023-07-02T14:27:13","slug":"ferrolterra-consolidase-como-a-segunda-sede-do-festival-atlantica","status":"publish","type":"post","link":"http:\/\/culturaliagz.com\/?p=13556","title":{"rendered":"Ferrolterra consol\u00eddase como a segunda sede do festival Atl\u00e1ntica"},"content":{"rendered":"\n<p><\/p>\n\n\n\n<figure class=\"wp-block-gallery has-nested-images columns-default is-cropped wp-block-gallery-1 is-layout-flex wp-block-gallery-is-layout-flex\">\n<figure class=\"wp-block-image size-large\"><a href=\"http:\/\/culturaliagz.com\/wp-content\/uploads\/2023\/07\/FERROL_ATL23_INFANTIL.jpg\" target=\"_blank\" rel=\"noreferrer noopener\"><img loading=\"lazy\" decoding=\"async\" width=\"1024\" height=\"724\" data-id=\"13558\" src=\"http:\/\/culturaliagz.com\/wp-content\/uploads\/2023\/07\/FERROL_ATL23_INFANTIL-1024x724.jpg\" alt=\"\" class=\"wp-image-13558\" srcset=\"http:\/\/culturaliagz.com\/wp-content\/uploads\/2023\/07\/FERROL_ATL23_INFANTIL-980x693.jpg 980w, http:\/\/culturaliagz.com\/wp-content\/uploads\/2023\/07\/FERROL_ATL23_INFANTIL-480x339.jpg 480w\" sizes=\"auto, (min-width: 0px) and (max-width: 480px) 480px, (min-width: 481px) and (max-width: 980px) 980px, (min-width: 981px) 1024px, 100vw\" \/><\/a><\/figure>\n\n\n\n<figure class=\"wp-block-image size-large\"><a href=\"http:\/\/culturaliagz.com\/wp-content\/uploads\/2023\/07\/FERROL_ATL23_ADULTOS.jpg\" target=\"_blank\" rel=\"noreferrer noopener\"><img loading=\"lazy\" decoding=\"async\" width=\"1024\" height=\"724\" data-id=\"13557\" src=\"http:\/\/culturaliagz.com\/wp-content\/uploads\/2023\/07\/FERROL_ATL23_ADULTOS-1024x724.jpg\" alt=\"\" class=\"wp-image-13557\" srcset=\"http:\/\/culturaliagz.com\/wp-content\/uploads\/2023\/07\/FERROL_ATL23_ADULTOS-980x693.jpg 980w, http:\/\/culturaliagz.com\/wp-content\/uploads\/2023\/07\/FERROL_ATL23_ADULTOS-480x339.jpg 480w\" sizes=\"auto, (min-width: 0px) and (max-width: 480px) 480px, (min-width: 481px) and (max-width: 980px) 980px, (min-width: 981px) 1024px, 100vw\" \/><\/a><\/figure>\n<\/figure>\n\n\n\n<p><\/p>\n\n\n\n<p><\/p>\n\n\n\n<p><\/p>\n\n\n\n<p class=\"has-text-align-justify\"><strong>Ferrol volve apostar con forza polos contos e recibe once espect\u00e1culos entre os d\u00edas 4 e 8 de xullo<\/strong><\/p>\n\n\n\n<p class=\"has-text-align-justify\"><strong>Mugardos recunca como sede e acolle dous espect\u00e1culos no Centro de Interpretaci\u00f3n de Caldoval, un deles estrea absoluta<\/strong><\/p>\n\n\n\n<p class=\"has-text-align-justify\"><strong>Entre as novidades, a incorporaci\u00f3n dun roteiro narrado polo Ferrol ilustrado na compa\u00f1a de Guillermo Llorca<\/strong><\/p>\n\n\n\n<p><\/p>\n\n\n\n<p><\/p>\n\n\n\n<figure class=\"wp-block-gallery has-nested-images columns-default is-cropped wp-block-gallery-2 is-layout-flex wp-block-gallery-is-layout-flex\">\n<figure class=\"wp-block-image size-large\"><a href=\"http:\/\/culturaliagz.com\/wp-content\/uploads\/2023\/07\/Celso-Sanmartin_Ferrol_2021.jpg\" target=\"_blank\" rel=\"noreferrer noopener\"><img loading=\"lazy\" decoding=\"async\" width=\"1024\" height=\"683\" data-id=\"13559\" src=\"http:\/\/culturaliagz.com\/wp-content\/uploads\/2023\/07\/Celso-Sanmartin_Ferrol_2021-1024x683.jpg\" alt=\"\" class=\"wp-image-13559\" srcset=\"http:\/\/culturaliagz.com\/wp-content\/uploads\/2023\/07\/Celso-Sanmartin_Ferrol_2021-980x653.jpg 980w, http:\/\/culturaliagz.com\/wp-content\/uploads\/2023\/07\/Celso-Sanmartin_Ferrol_2021-480x320.jpg 480w\" sizes=\"auto, (min-width: 0px) and (max-width: 480px) 480px, (min-width: 481px) and (max-width: 980px) 980px, (min-width: 981px) 1024px, 100vw\" \/><\/a><\/figure>\n\n\n\n<figure class=\"wp-block-image size-large\"><a href=\"http:\/\/culturaliagz.com\/wp-content\/uploads\/2023\/07\/FA-2023-Ferrol-e-Mugardos.jpg\" target=\"_blank\" rel=\"noreferrer noopener\"><img loading=\"lazy\" decoding=\"async\" width=\"1024\" height=\"576\" data-id=\"13561\" src=\"http:\/\/culturaliagz.com\/wp-content\/uploads\/2023\/07\/FA-2023-Ferrol-e-Mugardos-1024x576.jpg\" alt=\"\" class=\"wp-image-13561\" srcset=\"http:\/\/culturaliagz.com\/wp-content\/uploads\/2023\/07\/FA-2023-Ferrol-e-Mugardos-980x551.jpg 980w, http:\/\/culturaliagz.com\/wp-content\/uploads\/2023\/07\/FA-2023-Ferrol-e-Mugardos-480x270.jpg 480w\" sizes=\"auto, (min-width: 0px) and (max-width: 480px) 480px, (min-width: 481px) and (max-width: 980px) 980px, (min-width: 981px) 1024px, 100vw\" \/><\/a><\/figure>\n\n\n\n<figure class=\"wp-block-image size-large\"><a href=\"http:\/\/culturaliagz.com\/wp-content\/uploads\/2023\/07\/Guti_Ferrol_2022-2.jpg\" target=\"_blank\" rel=\"noreferrer noopener\"><img loading=\"lazy\" decoding=\"async\" width=\"1024\" height=\"421\" data-id=\"13560\" src=\"http:\/\/culturaliagz.com\/wp-content\/uploads\/2023\/07\/Guti_Ferrol_2022-2.jpg\" alt=\"\" class=\"wp-image-13560\" srcset=\"http:\/\/culturaliagz.com\/wp-content\/uploads\/2023\/07\/Guti_Ferrol_2022-2.jpg 1024w, http:\/\/culturaliagz.com\/wp-content\/uploads\/2023\/07\/Guti_Ferrol_2022-2-980x403.jpg 980w, http:\/\/culturaliagz.com\/wp-content\/uploads\/2023\/07\/Guti_Ferrol_2022-2-480x197.jpg 480w\" sizes=\"auto, (min-width: 0px) and (max-width: 480px) 480px, (min-width: 481px) and (max-width: 980px) 980px, (min-width: 981px) 1024px, 100vw\" \/><\/a><\/figure>\n<\/figure>\n\n\n\n<p><\/p>\n\n\n\n<p class=\"has-text-align-justify\">O concello de Ferrol conv\u00e9rtese de facto na segunda sede do <strong><a href=\"https:\/\/festivalatlantica.gal\/\" target=\"_blank\" rel=\"noreferrer noopener\">Festival Atl\u00e1ntica<\/a><\/strong> grazas aos <strong>once espect\u00e1culos<\/strong> que acoller\u00e1 entre os d\u00edas <strong>4 e 8 de xullo<\/strong>. Ademais, o concello de <strong>Mugardos<\/strong> repite este ano con d\u00faas propostas, o que far\u00e1 de Ferrolterra un epicentro da narraci\u00f3n oral cun total de trece funci\u00f3ns gratu\u00edtas para grandes e cativos. Esta intensa actividade \u00e9 posible grazas ao financiamento da Xunta de Galicia e da Deputaci\u00f3n da Coru\u00f1a e \u00e1 colaboraci\u00f3n dos concellos de Ferrol e Mugardos e mais do Centro de Interpretaci\u00f3n de Caldoval.<\/p>\n\n\n\n<p class=\"has-text-align-justify\">A programaci\u00f3n vai comezar o vindeiro <strong>martes, 4 de xullo<\/strong>, con d\u00faas funci\u00f3ns do portugu\u00e9s <strong>Luis Correa Carmelo<\/strong>. A primeira, \u2018Nin d\u00faas nin tres\u2026 era unha e s\u00f3 unha vez\u2019, ser\u00e1 \u00e1s 18 horas na Biblioteca Municipal e est\u00e1 concibida para p\u00fablico infantil maior de 5 anos. Un chisco m\u00e1is tarde, \u00e1s 20.30 horas e no Centro C\u00edvico de Canido, os adultos poder\u00e1n gozar coas historias de \u2018Contatinas\u2019. O <strong>m\u00e9rcores 5<\/strong> ser\u00e1 a quenda do cubano <strong>Pedro Mario L\u00f3pez<\/strong>, quen tam\u00e9n contar\u00e1 para cativos (18 h, Biblioteca Municipal, \u2018Do monte ve\u00f1o e ao monte vou\u2019) e maiores (20.30 h, Capela C. Torrente Ballester, \u2018Sen destinatario\u2019).<\/p>\n\n\n\n<p class=\"has-text-align-justify\">O <strong>xoves 6 de xullo<\/strong> <strong>Mar\u00eda da Pontragha<\/strong> protagonizar\u00e1 tam\u00e9n un programa dobre. \u00c1s 18 h, na Biblioteca Municipal, os nenos descubrir\u00e1n que historias se agochan dentro de \u2018Un saco de contos\u2019 e \u00e1s 20.30 h, na Capela C. Torrente Ballester, ser\u00e1n os adultos os que co\u00f1ezan quen son as \u2018Donas do lugar\u2019.<\/p>\n\n\n\n<p class=\"has-text-align-justify\">En canto ao <strong>venres 7<\/strong>, o Festival Atl\u00e1ntica programa tres actividades. A primeira, \u00e1s 17.30 horas na Biblioteca, vai ser o concerto sensorial para beb\u00e9s \u2018Son no berce\u2019 de <strong>Cris Collazo<\/strong>. A propia Collazo recuncar\u00e1 \u00e1s 19 horas co espect\u00e1culo infantil \u2018A corva\u2019 no Centro C\u00edvico de Canido, e a esa mesma hora comezar\u00e1 o \u2018Roteiro polo Ferrol ilustrado\u2019 con <strong>Guillermo Llorca<\/strong>.<\/p>\n\n\n\n<p class=\"has-text-align-justify\">Atl\u00e1ntica despedirase de Ferrol o <strong>s\u00e1bado 8 de xullo<\/strong> con dous dos narradores galegos m\u00e1is veteranos: <strong>Charo Pita<\/strong> (12 h, Centro C\u00edvico de Canido, \u2018Mares de conto\u2019) e <strong>C\u00e1ndido Paz\u00f3<\/strong> (21 h, Cruceiro de Canido, \u2018Unha chea de contos\u2019). C\u00f3mpre sinalar que a\u00ednda que todas as actividades son gratu\u00edtas, algunhas delas precisan reserva previa v\u00eda web ou retirada de convites. Toda a informaci\u00f3n ao respecto p\u00f3dese atopar na web de Atl\u00e1ntica ou da Biblioteca Municipal de Ferrol.<\/p>\n\n\n\n<p><strong>Estrea absoluta en Mugardos<\/strong><\/p>\n\n\n\n<p class=\"has-text-align-justify\">Pola s\u00faa banda, o Centro de Interpretaci\u00f3n de Caldoval de Mugardos vai recibir o xoves, <strong>6 de xullo<\/strong>, o espect\u00e1culo \u2018Urdimbres\u2019 de <strong>Pedro Mario L\u00f3pez<\/strong>. O <strong>venres 7<\/strong> o enclave mugard\u00e9s vai ser o escenario que acolla a estrea absoluta do espect\u00e1culo \u2018Ida e volta\u2019 do d\u00fao \u2018En branca e negra\u2019 integrado pola galega <strong>Cris de Caldas<\/strong> e a cubana <strong>Amor Herrera<\/strong>. Ambas as d\u00faas actividades ser\u00e1n \u00e1s 21.30 horas.<\/p>\n\n\n\n<p><strong>Alg\u00fans narradores: petiscos de arte<\/strong><\/p>\n\n\n\n<p class=\"has-text-align-justify\"><strong>Luis Correia Carmelo.<\/strong> Este artista portugu\u00e9s emigrou a Brasil de neno e ao seu regreso comezou no mundo dos contos a estudar e recoller historias e m\u00fasicas tradicionais. Hoxe en d\u00eda \u00e9 un dos grandes referentes da narraci\u00f3n oral lusa e trae a Santiago un espect\u00e1culo onde o humor, o marabilloso e o coti\u00e1n palpitan ao ritmo da s\u00faa concertina.<\/p>\n\n\n\n<p class=\"has-text-align-justify\"><strong>Pedro Mario L\u00f3pez<\/strong>. Cubano, neto de galegos emigrado a Colombia. A s\u00faa fala desbordante, chea de retranca, engaiola con historias onde mestura a gran literatura coa tradici\u00f3n oral. Realismo m\u00e1xico e humor no escenario.<\/p>\n\n\n\n<p class=\"has-text-align-justify\"><strong>Mar\u00eda da Pontragha.<\/strong> Co\u00f1ecida como Mar\u00eda Iglesias na vida civil, a Pontragha \u00e9 unha das voces m\u00e1is persoais da nova narraci\u00f3n oral galega. Nas s\u00faas contadas deixa clara a s\u00faa paix\u00f3n pola tradici\u00f3n oral, tanto a trav\u00e9s da m\u00fasica como da palabra en si. \u00c9 quen de recuperar e actualizar as historias populares, atrapando ao p\u00fablico con sesi\u00f3ns de contos que destilan un gusto especial polos que se centran nas mulleres do pa\u00eds.<\/p>\n\n\n\n<p class=\"has-text-align-justify\"><strong>Guillermo Llorca.<\/strong> Este profesor de instituto xubilado, namorado de Ferrol, atesoura m\u00e1is de trinta libros, de autor\u00eda individual e compartida, e centos de artigos en numerosos xornais e revistas. No 2022 participou como coordinador local da exposici\u00f3n \u2018Cidades no Tempo: Ferrol\u2019.<\/p>\n\n\n\n<p class=\"has-text-align-justify\"><strong>Cris de Caldas e Amor Herrera<\/strong>. Cris, galega e branca coma o leite, \u00e9 narradora oral. Amor, cubana e negra coma o caf\u00e9, \u00e9 m\u00fasica profesional e escritora ocasional. Ambas as d\u00faas x\u00fantanse no espect\u00e1culo de narraci\u00f3n oral e m\u00fasica en directo \u2018Ida e volta\u2019. Un convite para viaxar no espazo e no tempo a trav\u00e9s de historias de migraci\u00f3ns, sabedoras da importancia da riqueza da diversidade cultural e de non perder a memoria. Porque hai historias e contos que te\u00f1en billetes de ida e volta, coma a vida mesma.<\/p>\n\n\n\n<p><strong>Por toda Galicia&#8230; e Portugal<\/strong><\/p>\n\n\n\n<p class=\"has-text-align-justify\">Os contos do Festival Atl\u00e1ntica vanse estar espallando por boa parte da xeograf\u00eda galega ata o vindeiro 9 de xullo. Grazas ao esforzo conxunto das entidades que colaboran no festival, as m\u00e1is de <strong>90 actuaci\u00f3ns<\/strong> desta edici\u00f3n chegar\u00e1n \u00e1s <strong>24 sedes<\/strong> repartidas polas catro provincias galegas. Amais de Ferrol e Mugardos, este ano participan en Atl\u00e1ntica os concellos de Santiago de Compostela, Teo, A Coru\u00f1a, Alfoz, Boiro, Bri\u00f3n, Carnota, Castro de Rei, Cuntis, Chantada, Dodro, Mondo\u00f1edo, Outes, Ourense, Paderne, Pobra de Trives, Pobra do Carami\u00f1al, Rianxo, Ribeira, A Estrada, Sanxenxo e Vigo. A esta listaxe c\u00f3mpre engadir a sede portuguesa de Pit\u00f5es das J\u00fanias, en Montalegre. Toda a informaci\u00f3n sobre os espect\u00e1culos e os artistas do festival est\u00e1 dispo\u00f1ible na web <a href=\"http:\/\/festivalatlantica.gal\" target=\"_blank\" rel=\"noreferrer noopener\">festivalatlantica.gal<\/a>.<\/p>\n\n\n\n<p><strong>Festival Atl\u00e1ntica<\/strong><\/p>\n\n\n\n<p class=\"has-text-align-justify\">Atl\u00e1ntica, Festival Internacional de Narraci\u00f3n Oral, naceu no ano 2013 con sede en Santiago de Compostela cunha clara vocaci\u00f3n de ser un encontro de voces e historias de perfil atlanticista. Ao seu obxectivo de indagar nas ra\u00edces com\u00fans das historias do oc\u00e9ano cos anos foise agregando a posta en valor e difusi\u00f3n de espazos patrimoniais do pa\u00eds e a clara vocaci\u00f3n de levar espect\u00e1culos de calidade a cidades e vilas das catro provincias. O n\u00famero e a calidade de artistas e propostas esc\u00e9nicas foi medrando ata convertelo nunha cita ineludible da narraci\u00f3n oral da Pen\u00ednsula.<\/p>\n\n\n\n<p><\/p>\n\n\n\n<p><\/p>\n\n\n<a href=\"http:\/\/culturaliagz.com\/wp-content\/uploads\/2023\/07\/20230628-NP-Festival-Atlantica-Ferrolterra.pdf\" class=\"pdfemb-viewer\" style=\"\" data-width=\"max\" data-height=\"max\" data-toolbar=\"bottom\" data-toolbar-fixed=\"off\">20230628-NP-Festival-Atlantica-Ferrolterra<\/a>\n<p class=\"wp-block-pdfemb-pdf-embedder-viewer\"><\/p>\n","protected":false},"excerpt":{"rendered":"<p>Ferrol volve apostar con forza polos contos e recibe once espect\u00e1culos entre os d\u00edas 4 e 8 de xullo Mugardos recunca como sede e acolle dous espect\u00e1culos no Centro de [&hellip;]<\/p>\n","protected":false},"author":1,"featured_media":0,"comment_status":"open","ping_status":"open","sticky":false,"template":"","format":"standard","meta":{"_et_pb_use_builder":"","_et_pb_old_content":"","_et_gb_content_width":"","_jetpack_memberships_contains_paid_content":false,"footnotes":""},"categories":[23,7,129,6,57,1],"tags":[1727,629],"class_list":["post-13556","post","type-post","status-publish","format-standard","hentry","category-autoresas","category-creacion","category-literaria","category-novas","category-outras-artes","category-xeral","tag-ferrolterra","tag-festival-atlantica"],"jetpack_featured_media_url":"","jetpack_sharing_enabled":true,"_links":{"self":[{"href":"http:\/\/culturaliagz.com\/index.php?rest_route=\/wp\/v2\/posts\/13556","targetHints":{"allow":["GET"]}}],"collection":[{"href":"http:\/\/culturaliagz.com\/index.php?rest_route=\/wp\/v2\/posts"}],"about":[{"href":"http:\/\/culturaliagz.com\/index.php?rest_route=\/wp\/v2\/types\/post"}],"author":[{"embeddable":true,"href":"http:\/\/culturaliagz.com\/index.php?rest_route=\/wp\/v2\/users\/1"}],"replies":[{"embeddable":true,"href":"http:\/\/culturaliagz.com\/index.php?rest_route=%2Fwp%2Fv2%2Fcomments&post=13556"}],"version-history":[{"count":1,"href":"http:\/\/culturaliagz.com\/index.php?rest_route=\/wp\/v2\/posts\/13556\/revisions"}],"predecessor-version":[{"id":13563,"href":"http:\/\/culturaliagz.com\/index.php?rest_route=\/wp\/v2\/posts\/13556\/revisions\/13563"}],"wp:attachment":[{"href":"http:\/\/culturaliagz.com\/index.php?rest_route=%2Fwp%2Fv2%2Fmedia&parent=13556"}],"wp:term":[{"taxonomy":"category","embeddable":true,"href":"http:\/\/culturaliagz.com\/index.php?rest_route=%2Fwp%2Fv2%2Fcategories&post=13556"},{"taxonomy":"post_tag","embeddable":true,"href":"http:\/\/culturaliagz.com\/index.php?rest_route=%2Fwp%2Fv2%2Ftags&post=13556"}],"curies":[{"name":"wp","href":"https:\/\/api.w.org\/{rel}","templated":true}]}}