{"id":13471,"date":"2023-06-20T21:40:41","date_gmt":"2023-06-20T20:40:41","guid":{"rendered":"http:\/\/culturaliagz.com\/?p=13471"},"modified":"2023-06-20T21:41:48","modified_gmt":"2023-06-20T20:41:48","slug":"conferencia-achegas-feministas-no-itinerario-de-exeria-a-cargo-de-marisa-vidal-collazo-na-casa-da-cultura-de-vilalba","status":"publish","type":"post","link":"http:\/\/culturaliagz.com\/?p=13471","title":{"rendered":"Conferencia\u00a0ACHEGAS FEMINISTAS NO ITINERARIO DE EXERIA, a cargo de\u00a0Marisa Vidal Collazo, na Casa da Cultura de Vilalba"},"content":{"rendered":"\n<p><\/p>\n\n\n<div class=\"wp-block-image\">\n<figure class=\"aligncenter size-large\"><a href=\"http:\/\/culturaliagz.com\/wp-content\/uploads\/2023\/06\/cartaz-EU-SON-EXERIA-copia-scaled.jpg\" target=\"_blank\" rel=\"noreferrer noopener\"><img loading=\"lazy\" decoding=\"async\" width=\"724\" height=\"1024\" src=\"http:\/\/culturaliagz.com\/wp-content\/uploads\/2023\/06\/cartaz-EU-SON-EXERIA-copia-724x1024.jpg\" alt=\"\" class=\"wp-image-13472\"\/><\/a><\/figure>\n<\/div>\n\n\n<p><\/p>\n\n\n\n<p><\/p>\n\n\n\n<p class=\"has-text-align-justify\"><a rel=\"noreferrer noopener\" href=\"https:\/\/estudoschairegos.gal\/\" target=\"_blank\">I<\/a><\/p>\n\n\n\n<p class=\"has-text-align-justify\"><a rel=\"noreferrer noopener\" href=\"https:\/\/estudoschairegos.gal\/\" target=\"_blank\">nstituto de Estudos Chairegos,<\/a> en colaboraci\u00f3n co Concello de Vilalba, organiza\u00a0<strong>o venres 30 de xu\u00f1o de 2023<\/strong>, na\u00a0<strong>Casa da Cultura de Vilalba, \u00e1s 20:00\u00a0<\/strong>horas, a CONFERENCIA\u00a0<strong><a rel=\"noreferrer noopener\" href=\"https:\/\/estudoschairegos.gal\/conferencia-de-marisa-vidal-collazo-achegas-feministas-no-itinerario-de-exeria-ciclo-muleres-galegas-venres-30-de-xuno-2000-casa-da-cultura-de-vilalba\/\" target=\"_blank\">ACHEGAS FEMINISTAS NO ITINERARIO DE EXERIA<\/a><\/strong>, a cargo de\u00a0<strong>MARISA VIDAL COLLAZO<\/strong>, profesora, escritora, te\u00f3loga e feminista galega, a partir dun libro da s\u00faa autor\u00eda que leva o mesmo t\u00edtulo. Presentar\u00e1 o acto\u00a0<strong>MARISA BARREIRO<\/strong>, presidenta do\u00a0<strong>IESCHA<\/strong><\/p>\n\n\n\n<p><\/p>\n\n\n\n<p><\/p>\n\n\n\n<p><\/p>\n\n\n<a href=\"http:\/\/culturaliagz.com\/wp-content\/uploads\/2023\/06\/NOTA_INFORMATIVA_EXERIA.pdf\" class=\"pdfemb-viewer\" style=\"\" data-width=\"max\" data-height=\"max\" data-toolbar=\"bottom\" data-toolbar-fixed=\"off\">NOTA_INFORMATIVA_EXERIA<\/a>\n<p class=\"wp-block-pdfemb-pdf-embedder-viewer\"><\/p>\n\n\n\n<p><\/p>\n","protected":false},"excerpt":{"rendered":"<p>I nstituto de Estudos Chairegos, en colaboraci\u00f3n co Concello de Vilalba, organiza\u00a0o venres 30 de xu\u00f1o de 2023, na\u00a0Casa da Cultura de Vilalba, \u00e1s 20:00\u00a0horas, a CONFERENCIA\u00a0ACHEGAS FEMINISTAS NO ITINERARIO [&hellip;]<\/p>\n","protected":false},"author":1,"featured_media":0,"comment_status":"open","ping_status":"open","sticky":false,"template":"","format":"standard","meta":{"_et_pb_use_builder":"","_et_pb_old_content":"","_et_gb_content_width":"","_jetpack_memberships_contains_paid_content":false,"footnotes":""},"categories":[23,7,129,6,1],"tags":[1708,220,234,1707],"class_list":["post-13471","post","type-post","status-publish","format-standard","hentry","category-autoresas","category-creacion","category-literaria","category-novas","category-xeral","tag-achegas-feministas-no-itinerario-de-exeria","tag-casa-da-cultura-de-vilalba","tag-iescha","tag-marisa-vidal-collazo"],"jetpack_featured_media_url":"","jetpack_sharing_enabled":true,"_links":{"self":[{"href":"http:\/\/culturaliagz.com\/index.php?rest_route=\/wp\/v2\/posts\/13471","targetHints":{"allow":["GET"]}}],"collection":[{"href":"http:\/\/culturaliagz.com\/index.php?rest_route=\/wp\/v2\/posts"}],"about":[{"href":"http:\/\/culturaliagz.com\/index.php?rest_route=\/wp\/v2\/types\/post"}],"author":[{"embeddable":true,"href":"http:\/\/culturaliagz.com\/index.php?rest_route=\/wp\/v2\/users\/1"}],"replies":[{"embeddable":true,"href":"http:\/\/culturaliagz.com\/index.php?rest_route=%2Fwp%2Fv2%2Fcomments&post=13471"}],"version-history":[{"count":2,"href":"http:\/\/culturaliagz.com\/index.php?rest_route=\/wp\/v2\/posts\/13471\/revisions"}],"predecessor-version":[{"id":13475,"href":"http:\/\/culturaliagz.com\/index.php?rest_route=\/wp\/v2\/posts\/13471\/revisions\/13475"}],"wp:attachment":[{"href":"http:\/\/culturaliagz.com\/index.php?rest_route=%2Fwp%2Fv2%2Fmedia&parent=13471"}],"wp:term":[{"taxonomy":"category","embeddable":true,"href":"http:\/\/culturaliagz.com\/index.php?rest_route=%2Fwp%2Fv2%2Fcategories&post=13471"},{"taxonomy":"post_tag","embeddable":true,"href":"http:\/\/culturaliagz.com\/index.php?rest_route=%2Fwp%2Fv2%2Ftags&post=13471"}],"curies":[{"name":"wp","href":"https:\/\/api.w.org\/{rel}","templated":true}]}}