{"id":13438,"date":"2023-06-20T18:42:26","date_gmt":"2023-06-20T17:42:26","guid":{"rendered":"http:\/\/culturaliagz.com\/?p=13438"},"modified":"2023-06-20T18:42:30","modified_gmt":"2023-06-20T17:42:30","slug":"o-noia-harp-fest-convoca-o-ii-premio-portus-apostoli","status":"publish","type":"post","link":"http:\/\/culturaliagz.com\/?p=13438","title":{"rendered":"O Noia Harp Fest convoca o II Premio Portus Apostoli"},"content":{"rendered":"\n<p><\/p>\n\n\n<div class=\"wp-block-image\">\n<figure class=\"aligncenter size-full\"><a href=\"http:\/\/culturaliagz.com\/wp-content\/uploads\/2023\/06\/cartaz-noia-harp-fest-2023-v1.2-w1000px-01-717x1024-1.jpg\" target=\"_blank\" rel=\"noreferrer noopener\"><img loading=\"lazy\" decoding=\"async\" width=\"717\" height=\"1024\" src=\"http:\/\/culturaliagz.com\/wp-content\/uploads\/2023\/06\/cartaz-noia-harp-fest-2023-v1.2-w1000px-01-717x1024-1.jpg\" alt=\"\" class=\"wp-image-13439\" srcset=\"http:\/\/culturaliagz.com\/wp-content\/uploads\/2023\/06\/cartaz-noia-harp-fest-2023-v1.2-w1000px-01-717x1024-1.jpg 717w, http:\/\/culturaliagz.com\/wp-content\/uploads\/2023\/06\/cartaz-noia-harp-fest-2023-v1.2-w1000px-01-717x1024-1-480x686.jpg 480w\" sizes=\"auto, (min-width: 0px) and (max-width: 480px) 480px, (min-width: 481px) 717px, 100vw\" \/><\/a><\/figure>\n<\/div>\n\n\n<p><\/p>\n\n\n\n<p class=\"has-text-align-justify\"><u><strong>O 10 \u00ba Noia Harp Fest celebrarase do 3 ao 6 de agosto de 2023<\/strong><\/u><strong><u><br><\/u><\/strong><br><strong>O Noia Harp Fest convoca a II edici\u00f3n do Premio Internacional de Composici\u00f3n Portus Apostoli, que este ano buscar\u00e1 ampliar o repertorio de obras para arpa e banda<\/strong><\/p>\n\n\n\n<p class=\"has-text-align-justify\"><strong>O certame promovido polo Festival Internacional de Arpa e o Concello Noia publica as bases do certame, que aumentar\u00e1 a cont\u00eda do<\/strong> <strong>galard\u00f3n e conceder\u00e1 unha Menci\u00f3n de Honra \u00e1 peza que quede en segundo lugar<\/strong><\/p>\n\n\n\n<p class=\"has-text-align-justify\"><strong>\u2018Hibrys\u2019, a composici\u00f3n ga\u00f1adora da primeira edici\u00f3n do Portus Apostoli, estrearase o 5 de agosto da man da Real Filharmon\u00eda de Galicia, dirixida por Maximino Zumalave e coa portuguesa Beatriz Cortes\u00e3o como solista<\/strong><\/p>\n\n\n\n<p><\/p>\n\n\n\n<p><\/p>\n\n\n\n<figure class=\"wp-block-gallery has-nested-images columns-default is-cropped wp-block-gallery-1 is-layout-flex wp-block-gallery-is-layout-flex\">\n<figure class=\"wp-block-image size-large\"><a href=\"http:\/\/culturaliagz.com\/wp-content\/uploads\/2023\/06\/20210805-NHF-Tristan-Le-Govic.jpeg\" target=\"_blank\" rel=\"noreferrer noopener\"><img loading=\"lazy\" decoding=\"async\" width=\"1024\" height=\"682\" data-id=\"13441\" src=\"http:\/\/culturaliagz.com\/wp-content\/uploads\/2023\/06\/20210805-NHF-Tristan-Le-Govic-1024x682.jpeg\" alt=\"\" class=\"wp-image-13441\" srcset=\"http:\/\/culturaliagz.com\/wp-content\/uploads\/2023\/06\/20210805-NHF-Tristan-Le-Govic-1024x682.jpeg 1024w, http:\/\/culturaliagz.com\/wp-content\/uploads\/2023\/06\/20210805-NHF-Tristan-Le-Govic-980x653.jpeg 980w, http:\/\/culturaliagz.com\/wp-content\/uploads\/2023\/06\/20210805-NHF-Tristan-Le-Govic-480x320.jpeg 480w\" sizes=\"auto, (min-width: 0px) and (max-width: 480px) 480px, (min-width: 481px) and (max-width: 980px) 980px, (min-width: 981px) 1024px, 100vw\" \/><\/a><\/figure>\n\n\n\n<figure class=\"wp-block-image size-large\"><a href=\"http:\/\/culturaliagz.com\/wp-content\/uploads\/2023\/06\/20220804-NHF-Beatriz-Martinez.jpeg\" target=\"_blank\" rel=\"noreferrer noopener\"><img loading=\"lazy\" decoding=\"async\" width=\"1024\" height=\"682\" data-id=\"13443\" src=\"http:\/\/culturaliagz.com\/wp-content\/uploads\/2023\/06\/20220804-NHF-Beatriz-Martinez-1024x682.jpeg\" alt=\"\" class=\"wp-image-13443\" srcset=\"http:\/\/culturaliagz.com\/wp-content\/uploads\/2023\/06\/20220804-NHF-Beatriz-Martinez-1024x682.jpeg 1024w, http:\/\/culturaliagz.com\/wp-content\/uploads\/2023\/06\/20220804-NHF-Beatriz-Martinez-980x653.jpeg 980w, http:\/\/culturaliagz.com\/wp-content\/uploads\/2023\/06\/20220804-NHF-Beatriz-Martinez-480x320.jpeg 480w\" sizes=\"auto, (min-width: 0px) and (max-width: 480px) 480px, (min-width: 481px) and (max-width: 980px) 980px, (min-width: 981px) 1024px, 100vw\" \/><\/a><\/figure>\n\n\n\n<figure class=\"wp-block-image size-large\"><a href=\"http:\/\/culturaliagz.com\/wp-content\/uploads\/2023\/06\/20220805-NHF-Savourna-Stevenson.jpeg\" target=\"_blank\" rel=\"noreferrer noopener\"><img loading=\"lazy\" decoding=\"async\" width=\"1024\" height=\"682\" data-id=\"13444\" src=\"http:\/\/culturaliagz.com\/wp-content\/uploads\/2023\/06\/20220805-NHF-Savourna-Stevenson-1024x682.jpeg\" alt=\"\" class=\"wp-image-13444\" srcset=\"http:\/\/culturaliagz.com\/wp-content\/uploads\/2023\/06\/20220805-NHF-Savourna-Stevenson-1024x682.jpeg 1024w, http:\/\/culturaliagz.com\/wp-content\/uploads\/2023\/06\/20220805-NHF-Savourna-Stevenson-980x653.jpeg 980w, http:\/\/culturaliagz.com\/wp-content\/uploads\/2023\/06\/20220805-NHF-Savourna-Stevenson-480x320.jpeg 480w\" sizes=\"auto, (min-width: 0px) and (max-width: 480px) 480px, (min-width: 481px) and (max-width: 980px) 980px, (min-width: 981px) 1024px, 100vw\" \/><\/a><\/figure>\n\n\n\n<figure class=\"wp-block-image size-large\"><a href=\"http:\/\/culturaliagz.com\/wp-content\/uploads\/2023\/06\/20210805-NHF-Davide-Burani-Jose-Antonio-Domene.jpeg\" target=\"_blank\" rel=\"noreferrer noopener\"><img loading=\"lazy\" decoding=\"async\" width=\"1024\" height=\"682\" data-id=\"13440\" src=\"http:\/\/culturaliagz.com\/wp-content\/uploads\/2023\/06\/20210805-NHF-Davide-Burani-Jose-Antonio-Domene-1024x682.jpeg\" alt=\"\" class=\"wp-image-13440\" srcset=\"http:\/\/culturaliagz.com\/wp-content\/uploads\/2023\/06\/20210805-NHF-Davide-Burani-Jose-Antonio-Domene-1024x682.jpeg 1024w, http:\/\/culturaliagz.com\/wp-content\/uploads\/2023\/06\/20210805-NHF-Davide-Burani-Jose-Antonio-Domene-980x653.jpeg 980w, http:\/\/culturaliagz.com\/wp-content\/uploads\/2023\/06\/20210805-NHF-Davide-Burani-Jose-Antonio-Domene-480x320.jpeg 480w\" sizes=\"auto, (min-width: 0px) and (max-width: 480px) 480px, (min-width: 481px) and (max-width: 980px) 980px, (min-width: 981px) 1024px, 100vw\" \/><\/a><\/figure>\n\n\n\n<figure class=\"wp-block-image size-large\"><a href=\"http:\/\/culturaliagz.com\/wp-content\/uploads\/2023\/06\/20220805-NHF-Anna-Amigo.jpeg\" target=\"_blank\" rel=\"noreferrer noopener\"><img loading=\"lazy\" decoding=\"async\" width=\"1024\" height=\"682\" data-id=\"13442\" src=\"http:\/\/culturaliagz.com\/wp-content\/uploads\/2023\/06\/20220805-NHF-Anna-Amigo-1024x682.jpeg\" alt=\"\" class=\"wp-image-13442\" srcset=\"http:\/\/culturaliagz.com\/wp-content\/uploads\/2023\/06\/20220805-NHF-Anna-Amigo-1024x682.jpeg 1024w, http:\/\/culturaliagz.com\/wp-content\/uploads\/2023\/06\/20220805-NHF-Anna-Amigo-980x653.jpeg 980w, http:\/\/culturaliagz.com\/wp-content\/uploads\/2023\/06\/20220805-NHF-Anna-Amigo-480x320.jpeg 480w\" sizes=\"auto, (min-width: 0px) and (max-width: 480px) 480px, (min-width: 481px) and (max-width: 980px) 980px, (min-width: 981px) 1024px, 100vw\" \/><\/a><\/figure>\n<\/figure>\n\n\n\n<p><\/p>\n\n\n\n<p><\/p>\n\n\n\n<p class=\"has-text-align-justify\">A segunda edici\u00f3n do premio internacional de composici\u00f3n <strong>Portus Apostoli<\/strong> xa est\u00e1 en marcha. O Noia Harp Fest (NHF) v\u00e9n de publicar na s\u00faa web oficial, <a href=\"http:\/\/www.noiaharpfest.gal\" target=\"_blank\" rel=\"noreferrer noopener\"><strong>www.noiaharpfest.gal<\/strong><\/a>, as bases na da nova convocatoria do galard\u00f3n, patrocinado polo Concello de Noia, e que nesta ocasi\u00f3n reco\u00f1ecer\u00e1 as creaci\u00f3ns escritas para arpa e banda.<br><br>O <strong>Premio Portus Apostoli <\/strong>naceu en 2022 como unha aposta por ampliar o repertorio de obras para arpa e orquestra. Desta quenda, o certame afondar\u00e1 nesa mesma idea, mais dirixida a favorecer o aumento de obras nas que o instrumento protagonista do Noia Harp Fest, <strong>a arpa,poida combinar cunha banda<\/strong> O galard\u00f3n, cuxo reco\u00f1ecemento econ\u00f3mico aumenta at\u00e9 os 2.500 euros, conlevar\u00e1 tam\u00e9n a <strong>estrea absoluta da obra no marco dun concerto especial,<\/strong> vinculado ao NHF, <strong>a cargo da Banda Municipal de Santiago coa colaboraci\u00f3n da Banda de M\u00fasica de Noia, <\/strong>e coa interpretaci\u00f3n de solistas do \u00e1mbito internacional. Ademais, como novidade, outorgarase unha Menci\u00f3n de Honra, sen achega econ\u00f3mica, para a obra que quede en segunda posici\u00f3n no certame.\u00a0<\/p>\n\n\n\n<p class=\"has-text-align-justify\">A convocatoria do <strong>Premio Portus Apostoli<\/strong>, que conta coa colaboraci\u00f3n de Turismo de Noia, est\u00e1 aberta desde hoxe e at\u00e9 o vindeiro 23 de decembro de 2022 <strong>a todas as compositoras e compositores de calquera nacionalidade e sen l\u00edmite de idade<\/strong>. Un xurado de reco\u00f1ecido prestixio ser\u00e1 o responsable de valorar e premiar as creaci\u00f3ns, nas que se ter\u00e1n en conta, entre outros aspectos, a proposta creativa; o tratamento da t\u00e9cnica e da escritura para arpa; a coherencia, a proporci\u00f3n e o equilibrio no traballo t\u00e9cnico; ou o equilibrio entre dificultade e resultado musical. Ademais, o tribunal valorar\u00e1 positivamente aquelas obras con referencias \u00e1 m\u00fasica ou \u00e1 cultura galegas.<br><br>Cada compositora ou compositor poder\u00e1 presentar <strong>unha \u00fanica obra<\/strong>, que deber\u00e1 ser<strong> orixinal e in\u00e9dita<\/strong>, de xeito que non poder\u00e1n participar no certame pezas creadas froito dun encargo remunerado, premiadas noutro concurso ou que fosen interpretadas anteriormente en concertos ou actos p\u00fablicos. A nova composici\u00f3n ser\u00e1 de <strong>tema libre,<\/strong> deber\u00e1 estar escrita para <strong>arpa e banda <\/strong>(sen medios electroac\u00fasticos) e deber\u00e1 ter unha duraci\u00f3n de entre <strong>10 e 15 minutos<\/strong>.&nbsp;<\/p>\n\n\n\n<p class=\"has-text-align-justify\">Para m\u00e1is informaci\u00f3n sobre as bases do <strong>II Premio Internacional de Composici\u00f3n Portus Apostoli <\/strong>e a documentaci\u00f3n que se debe remitir para poder participar, o NHF recomenda visitar o espazo web <a href=\"http:\/\/www.noiaharpfest.gal\" target=\"_blank\" rel=\"noreferrer noopener\"><strong>www.noiaharpfest.gal<\/strong><\/a><strong>,<\/strong> no que se atopar\u00e1 o formulario de solicitude pertinente. O fallo do xurado darase a co\u00f1ecer antes do 15 de febreiro de 2024.<\/p>\n\n\n\n<p><\/p>\n\n\n\n<p class=\"has-text-align-justify\"><strong>Beatriz Cortes\u00e3o e Maximino Zumalave, coa RFG na estrea mundial de \u2018Hibrys\u2019<\/strong><strong><br><br><\/strong>No marco da d\u00e9cima edici\u00f3n do Noia Harp Fest, que se celebrar\u00e1 do 3 ao 6 de agosto, ter\u00e1 lugar a estrea da peza ga\u00f1adora da primeira edici\u00f3n do Portus Apostoli: <em><strong>Hibrys,<\/strong><\/em> do compositor hispano-arxentino <strong>Alejandro Civilotti<\/strong>. A Praza do Tapal acoller\u00e1 na noite do 5 de agosto, a partir das 21:30 horas, a primeira interpretaci\u00f3n que se faga da obra. Chegar\u00e1 da man da <strong>Real Filharmon\u00eda de Galicia<\/strong>, baixo a direcci\u00f3n do galego <strong>Maximino Zumalave<\/strong> (Santiago de Compostela, 1956), e contar\u00e1 coa arpista portuguesa <strong>Beatriz Cortes\u00e3o <\/strong>(Coimbra, 1998), membro da European Union Youth Orchestra (<strong>EUYO<\/strong>), como solista.<br><br>Ademais da estrea absoluta de <em>Hibrys, <\/em>o p\u00fablico asistente ao Noia Harp Fest poder\u00e1 gozar dun concerto extraordinario no que a Real Filharmon\u00eda de Galicia interpreter\u00e1 outras d\u00faas composici\u00f3ns: o<strong> <\/strong><em><strong>Oratorio de Pascua<\/strong><\/em> (1\u00ba, 2\u00ba e 3\u00ba movemento) de <strong>Johann Sebastian Bach,<\/strong> e a <em><strong>Sinfon\u00eda no.5 en do menor, op.67,<\/strong><\/em><strong> <\/strong>de <strong>Ludwig van Beethoven<\/strong>.<\/p>\n\n\n\n<p><strong><br><br>10\u00ba Noia Harp Fest<\/strong><\/p>\n\n\n\n<p class=\"has-text-align-justify\">O Festival Internacional de Arpa Vila de Noia, co\u00f1ecido como Noia Harp Fest, \u00e9 o <strong>o \u00fanico festival de Galicia e do noroeste da Pen\u00ednsula Ib\u00e9rica que ten como absoluta protagonista a arpa<\/strong>. No seu cartel confl\u00faen artistas de estilos moi diversos procedentes do \u00e1mbito galego, estatal e internacional, mais unidos pola interpretaci\u00f3n musical a trav\u00e9s da arpa. Bandas e solistas como <strong>Laoise Kelly, The Pozzies, M\u00fcsgo, SondeSeu <\/strong>ou <strong>Dilles Chabenat e Daniela Heiderich,<\/strong> entre outras, participar\u00e1n na d\u00e9cima edici\u00f3n do NHF, que ter\u00e1 lugar do 3 ao 6 de agosto de 2023. <strong>Todos os concertos ser\u00e1n de entrada libre<\/strong> e celebraranse en espazos emblem\u00e1ticos da vila de Noia, como \u00e9 o caso da Praza do Tapal, da igrexa Santa Mar\u00eda A Nova ou do Teatro Coliseo Noela.<\/p>\n\n\n\n<p><\/p>\n\n\n\n<p><\/p>\n\n\n<a href=\"http:\/\/culturaliagz.com\/wp-content\/uploads\/2023\/06\/20230619-NP-Convocatoria-Portus-Apostoli.pdf\" class=\"pdfemb-viewer\" style=\"\" data-width=\"max\" data-height=\"max\" data-toolbar=\"bottom\" data-toolbar-fixed=\"off\">20230619-NP-Convocatoria-Portus-Apostoli<\/a>\n<p class=\"wp-block-pdfemb-pdf-embedder-viewer\"><\/p>\n\n\n\n<p><\/p>\n\n\n\n<p><\/p>\n\n\n<a href=\"http:\/\/culturaliagz.com\/wp-content\/uploads\/2023\/06\/Dossier-GAL-10NHF_baixa.pdf\" class=\"pdfemb-viewer\" style=\"\" data-width=\"max\" data-height=\"max\" data-toolbar=\"bottom\" data-toolbar-fixed=\"off\">Dossier-GAL-10NHF_baixa<\/a>\n<p class=\"wp-block-pdfemb-pdf-embedder-viewer\"><\/p>\n","protected":false},"excerpt":{"rendered":"<p>O 10 \u00ba Noia Harp Fest celebrarase do 3 ao 6 de agosto de 2023O Noia Harp Fest convoca a II edici\u00f3n do Premio Internacional de Composici\u00f3n Portus Apostoli, que [&hellip;]<\/p>\n","protected":false},"author":1,"featured_media":0,"comment_status":"open","ping_status":"open","sticky":false,"template":"","format":"standard","meta":{"_et_pb_use_builder":"","_et_pb_old_content":"","_et_gb_content_width":"","_jetpack_memberships_contains_paid_content":false,"footnotes":""},"categories":[23,7,6,57,1],"tags":[1699,1155],"class_list":["post-13438","post","type-post","status-publish","format-standard","hentry","category-autoresas","category-creacion","category-novas","category-outras-artes","category-xeral","tag-ii-premio-portus-apostoli","tag-noia-harp-fest"],"jetpack_featured_media_url":"","jetpack_sharing_enabled":true,"_links":{"self":[{"href":"http:\/\/culturaliagz.com\/index.php?rest_route=\/wp\/v2\/posts\/13438","targetHints":{"allow":["GET"]}}],"collection":[{"href":"http:\/\/culturaliagz.com\/index.php?rest_route=\/wp\/v2\/posts"}],"about":[{"href":"http:\/\/culturaliagz.com\/index.php?rest_route=\/wp\/v2\/types\/post"}],"author":[{"embeddable":true,"href":"http:\/\/culturaliagz.com\/index.php?rest_route=\/wp\/v2\/users\/1"}],"replies":[{"embeddable":true,"href":"http:\/\/culturaliagz.com\/index.php?rest_route=%2Fwp%2Fv2%2Fcomments&post=13438"}],"version-history":[{"count":1,"href":"http:\/\/culturaliagz.com\/index.php?rest_route=\/wp\/v2\/posts\/13438\/revisions"}],"predecessor-version":[{"id":13447,"href":"http:\/\/culturaliagz.com\/index.php?rest_route=\/wp\/v2\/posts\/13438\/revisions\/13447"}],"wp:attachment":[{"href":"http:\/\/culturaliagz.com\/index.php?rest_route=%2Fwp%2Fv2%2Fmedia&parent=13438"}],"wp:term":[{"taxonomy":"category","embeddable":true,"href":"http:\/\/culturaliagz.com\/index.php?rest_route=%2Fwp%2Fv2%2Fcategories&post=13438"},{"taxonomy":"post_tag","embeddable":true,"href":"http:\/\/culturaliagz.com\/index.php?rest_route=%2Fwp%2Fv2%2Ftags&post=13438"}],"curies":[{"name":"wp","href":"https:\/\/api.w.org\/{rel}","templated":true}]}}