{"id":13410,"date":"2023-06-13T11:15:11","date_gmt":"2023-06-13T10:15:11","guid":{"rendered":"http:\/\/culturaliagz.com\/?p=13410"},"modified":"2023-06-13T11:15:13","modified_gmt":"2023-06-13T10:15:13","slug":"a-casa-museo-manuel-maria-programa-unha-observacion-astronomica-na-capela-de-santa-isabel-en-outeiro-de-rei","status":"publish","type":"post","link":"http:\/\/culturaliagz.com\/?p=13410","title":{"rendered":"A Casa-Museo Manuel Mar\u00eda programa unha Observaci\u00f3n Astron\u00f3mica na Capela de Santa Isabel en Outeiro de Rei"},"content":{"rendered":"\n<p><\/p>\n\n\n\n<p><\/p>\n\n\n<div class=\"wp-block-image\">\n<figure class=\"aligncenter size-full\"><a href=\"http:\/\/culturaliagz.com\/wp-content\/uploads\/2023\/06\/IMG_1201.jpeg\" target=\"_blank\" rel=\"noreferrer noopener\"><img loading=\"lazy\" decoding=\"async\" width=\"551\" height=\"768\" src=\"http:\/\/culturaliagz.com\/wp-content\/uploads\/2023\/06\/IMG_1201.jpeg\" alt=\"\" class=\"wp-image-13411\" srcset=\"http:\/\/culturaliagz.com\/wp-content\/uploads\/2023\/06\/IMG_1201.jpeg 551w, http:\/\/culturaliagz.com\/wp-content\/uploads\/2023\/06\/IMG_1201-480x669.jpeg 480w\" sizes=\"auto, (min-width: 0px) and (max-width: 480px) 480px, (min-width: 481px) 551px, 100vw\" \/><\/a><\/figure>\n<\/div>\n\n\n<p><\/p>\n\n\n\n<p><\/p>\n\n\n\n<p><em>Eu sei dunha estrela<\/em><\/p>\n\n\n\n<p><em>cal outra non vin:<\/em><\/p>\n\n\n\n<p><em>se eu ollo para ela,<\/em><\/p>\n\n\n\n<p><em>ela olla pra min&#8230;!<\/em><\/p>\n\n\n\n<p><\/p>\n\n\n\n<p><\/p>\n\n\n\n<p class=\"has-text-align-justify\"><strong>Este s\u00e1bado, 17 de xu\u00f1o,<\/strong>\u00a0desde a <a href=\"http:\/\/www.casamuseomanuelmaria.gal\/portada.htm;jsessionid=DDFFC287DFA619C05A2DC618C4A956DB\" target=\"_blank\" rel=\"noreferrer noopener\">Casa-Museo Manuel Mar\u00eda<\/a> programarase unha <a href=\"http:\/\/www.casamuseomanuelmaria.gal\/actividades\/a-casa-museo-manuel-maria-organiza-para-este-sabado-unha-observacion-astronomica.htm?tipo=ACTIVIDADE\" target=\"_blank\" rel=\"noreferrer noopener\">OBSERVACI\u00d3N ASTRON\u00d3MICA<\/a> na capela de Santa Isabel, no mesmo Outeiro de Rei,\u00a0<strong>a partir das 23 horas<\/strong>.\u00a0Observaci\u00f3n guiada do ceo a simple vista e con prism\u00e1ticos a cargo da Agrupaci\u00f3n Astron\u00f3mica \u00cdo,\u00a0entidade, esta, que impulsou a proposta, coa colaboraci\u00f3n da Fundaci\u00f3n Rosal\u00eda de Castro e a Agrupaci\u00f3n Cultural Alexandre B\u00f3veda, para que a finais de 2019 a Uni\u00f3n Astron\u00f3mica Internacional nomease unha estrela co nome\u00a0<em>Rosal\u00edadecastro.<\/em><\/p>\n\n\n\n<p class=\"has-text-align-justify\">Mart\u00edn Pawley, da Agrupaci\u00f3n \u00cdo, ser\u00e1 a persoa que aprender\u00e1 a reco\u00f1ecer algunhas constelaci\u00f3ns caracter\u00edsticas do ceo de ver\u00e1n e a orientar coa axuda do firmamento. Observarase, cos prism\u00e1ticos, alg\u00fans obxectos do ceo profundo, entre eles a estrela Rosal\u00edadecastro. Durante a actividade iranse explicando cuesti\u00f3ns cient\u00edficas sobre o ceo (tipos de estrelas, evoluci\u00f3n estelar&#8230;), as\u00ed como diferentes aspectos da cultura e as tradici\u00f3ns asociadas ao fimamento. Conv\u00eddase \u00e1s persoas que asistan, que se te\u00f1en, traian os seus propios prism\u00e1ticos para a observaci\u00f3n.\u00a0<\/p>\n\n\n\n<p class=\"has-text-align-justify\">Previamente, e a partir das&nbsp;<strong>21.30 horas<\/strong>, na mesma Casa-Museo Manuel Mar\u00eda, Mart\u00edn Pawley desenvolver\u00e1 un obradoiro para montar un PLANISFERIO CELESTE (mapa das estrelas). Aprendendo, posteriormente, a usalo para identificar as constelaci\u00f3ns que podemos ver no ceo de Galiza en calquera noite da nosa vida e comprender como var\u00eda o firmamento co paso das horas e dos d\u00edas. O obradoiro vai dirixido para persoas maiores de once anos.&nbsp;<\/p>\n\n\n\n<p class=\"has-text-align-justify\">As persoas interesadas p\u00f3dense inscribir nas d\u00faas ou nunha soa actividade, como desexen. As actividades son de balde e quen queira participar deber\u00e1  anotarses en\u00a0<a rel=\"noreferrer noopener\" href=\"mailto:contacto@casamuseomanuelmaria.gal\" target=\"_blank\">contacto@casamuseomanuelmaria.gal<\/a>\u00a0ou no whatsapp 698177621<\/p>\n","protected":false},"excerpt":{"rendered":"<p>Eu sei dunha estrela cal outra non vin: se eu ollo para ela, ela olla pra min&#8230;! Este s\u00e1bado, 17 de xu\u00f1o,\u00a0desde a Casa-Museo Manuel Mar\u00eda programarase unha OBSERVACI\u00d3N ASTRON\u00d3MICA [&hellip;]<\/p>\n","protected":false},"author":1,"featured_media":0,"comment_status":"open","ping_status":"open","sticky":false,"template":"","format":"standard","meta":{"_et_pb_use_builder":"","_et_pb_old_content":"","_et_gb_content_width":"","_jetpack_memberships_contains_paid_content":false,"footnotes":""},"categories":[23,7,6,57,1],"tags":[1693,1695,1692,190,1694,1691],"class_list":["post-13410","post","type-post","status-publish","format-standard","hentry","category-autoresas","category-creacion","category-novas","category-outras-artes","category-xeral","tag-agrupacion-astronomica-io","tag-agrupacion-cultural-alexandre-boveda","tag-capela-de-santa-isabel","tag-casa-museo-manuel-maria","tag-fundacion-rosalia-de-castro","tag-observacion-astronomica"],"jetpack_featured_media_url":"","jetpack_sharing_enabled":true,"_links":{"self":[{"href":"http:\/\/culturaliagz.com\/index.php?rest_route=\/wp\/v2\/posts\/13410","targetHints":{"allow":["GET"]}}],"collection":[{"href":"http:\/\/culturaliagz.com\/index.php?rest_route=\/wp\/v2\/posts"}],"about":[{"href":"http:\/\/culturaliagz.com\/index.php?rest_route=\/wp\/v2\/types\/post"}],"author":[{"embeddable":true,"href":"http:\/\/culturaliagz.com\/index.php?rest_route=\/wp\/v2\/users\/1"}],"replies":[{"embeddable":true,"href":"http:\/\/culturaliagz.com\/index.php?rest_route=%2Fwp%2Fv2%2Fcomments&post=13410"}],"version-history":[{"count":4,"href":"http:\/\/culturaliagz.com\/index.php?rest_route=\/wp\/v2\/posts\/13410\/revisions"}],"predecessor-version":[{"id":13415,"href":"http:\/\/culturaliagz.com\/index.php?rest_route=\/wp\/v2\/posts\/13410\/revisions\/13415"}],"wp:attachment":[{"href":"http:\/\/culturaliagz.com\/index.php?rest_route=%2Fwp%2Fv2%2Fmedia&parent=13410"}],"wp:term":[{"taxonomy":"category","embeddable":true,"href":"http:\/\/culturaliagz.com\/index.php?rest_route=%2Fwp%2Fv2%2Fcategories&post=13410"},{"taxonomy":"post_tag","embeddable":true,"href":"http:\/\/culturaliagz.com\/index.php?rest_route=%2Fwp%2Fv2%2Ftags&post=13410"}],"curies":[{"name":"wp","href":"https:\/\/api.w.org\/{rel}","templated":true}]}}