{"id":13367,"date":"2023-06-06T10:21:13","date_gmt":"2023-06-06T09:21:13","guid":{"rendered":"http:\/\/culturaliagz.com\/?p=13367"},"modified":"2023-06-06T10:22:54","modified_gmt":"2023-06-06T09:22:54","slug":"presentacion-do-libro-relatos-de-cascarilla-de-cesar-concheiro-guerrico-na-casa-da-cultura-de-vilalba","status":"publish","type":"post","link":"http:\/\/culturaliagz.com\/?p=13367","title":{"rendered":"Presentaci\u00f3n do libro RELATOS DE CASCARILLA, de C\u00e9sar Concheiro Guerrico, na Casa da Cultura de Vilalba"},"content":{"rendered":"\n<p><\/p>\n\n\n\n<p><\/p>\n\n\n<div class=\"wp-block-image\">\n<figure class=\"aligncenter size-large\"><a href=\"http:\/\/culturaliagz.com\/wp-content\/uploads\/2023\/06\/CARTAZ-RELATOS-CASCARILLA-copia-scaled.jpeg\" target=\"_blank\" rel=\"noreferrer noopener\"><img loading=\"lazy\" decoding=\"async\" width=\"724\" height=\"1024\" src=\"http:\/\/culturaliagz.com\/wp-content\/uploads\/2023\/06\/CARTAZ-RELATOS-CASCARILLA-copia-724x1024.jpeg\" alt=\"\" class=\"wp-image-13368\"\/><\/a><\/figure>\n<\/div>\n\n\n<p><\/p>\n\n\n\n<p><\/p>\n\n\n\n<p><\/p>\n\n\n\n<p class=\"has-text-align-justify\">O venres&nbsp;<strong>9 de xu\u00f1o de 2023<\/strong>,&nbsp;\u00e1s&nbsp;<strong>20:30<\/strong>&nbsp;horas, na&nbsp;<strong>Casa da Cultura de Vilalba<\/strong>, o<strong>&nbsp;<\/strong><em><a rel=\"noreferrer noopener\" href=\"https:\/\/estudoschairegos.gal\/\" target=\"_blank\">Instituto de Estudos Chairegos<\/a>, e<\/em>n colaboraci\u00f3n co&nbsp;<em>Concello de Vilalba,&nbsp;<\/em>organiza unha nova actividade: a presentaci\u00f3n do libro <a rel=\"noreferrer noopener\" href=\"https:\/\/estudoschairegos.gal\/presentacion-do-libro-relatos-de-cascarilla-doce-contos-de-xente-da-coruna-de-cesar-concheiro-guerrico-venres-9-de-xuno-2030-casa-da-cultura-de-vilalba\/\" target=\"_blank\">RELATOS DE CASCARILLA. DOCE CONTOS DE XENTE DA CORU\u00d1A<\/a>, de C\u00c9SAR CONCHEIRO GUERRICO, e editado polo Grupo BEROLY.<\/p>\n\n\n\n<p class=\"has-text-align-justify\">No acto intervir\u00e1n RAM\u00d3N GUNT\u00cdN, vice-presidente da Banda de M\u00fasica de Vilalba; BEATRIZ MACEDA, escritora; LAURA VELEIRO, ilustradora do libro; BERNAB\u00c9 SIMES e JOS\u00c9 M. Y\u00c1\u00d1EZ, do Grupo BEROLY, e C\u00c9SAR CONCHEIRO, m\u00fasico e autor do libro. Presentar\u00e1 o acto, MARISA BARREIRO, presidenta do IESCHA.<\/p>\n\n\n\n<p><\/p>\n\n\n<a href=\"http:\/\/culturaliagz.com\/wp-content\/uploads\/2023\/06\/NOTA_INFORMATIVA_RELATOS-CASCARILLA.pdf\" class=\"pdfemb-viewer\" style=\"\" data-width=\"max\" data-height=\"max\" data-toolbar=\"bottom\" data-toolbar-fixed=\"off\">NOTA_INFORMATIVA_RELATOS-CASCARILLA<\/a>\n<p class=\"wp-block-pdfemb-pdf-embedder-viewer\"><\/p>\n","protected":false},"excerpt":{"rendered":"<p>O venres&nbsp;9 de xu\u00f1o de 2023,&nbsp;\u00e1s&nbsp;20:30&nbsp;horas, na&nbsp;Casa da Cultura de Vilalba, o&nbsp;Instituto de Estudos Chairegos, en colaboraci\u00f3n co&nbsp;Concello de Vilalba,&nbsp;organiza unha nova actividade: a presentaci\u00f3n do libro RELATOS DE CASCARILLA. [&hellip;]<\/p>\n","protected":false},"author":1,"featured_media":0,"comment_status":"open","ping_status":"open","sticky":false,"template":"","format":"standard","meta":{"_et_pb_use_builder":"","_et_pb_old_content":"","_et_gb_content_width":"","_jetpack_memberships_contains_paid_content":false,"footnotes":""},"categories":[23,7,129,6,1],"tags":[904,1680,220,1678,234,1681,1679,850,1682,1677],"class_list":["post-13367","post","type-post","status-publish","format-standard","hentry","category-autoresas","category-creacion","category-literaria","category-novas","category-xeral","tag-beatriz-maceda-abeleira","tag-bernabe-simes","tag-casa-da-cultura-de-vilalba","tag-cesar-concheiro-guerrico","tag-iescha","tag-jose-m-yanez","tag-larua-veleiro","tag-marisa-barreiro","tag-ramon-guntin","tag-relatos-de-cascarilla"],"jetpack_featured_media_url":"","jetpack_sharing_enabled":true,"_links":{"self":[{"href":"http:\/\/culturaliagz.com\/index.php?rest_route=\/wp\/v2\/posts\/13367","targetHints":{"allow":["GET"]}}],"collection":[{"href":"http:\/\/culturaliagz.com\/index.php?rest_route=\/wp\/v2\/posts"}],"about":[{"href":"http:\/\/culturaliagz.com\/index.php?rest_route=\/wp\/v2\/types\/post"}],"author":[{"embeddable":true,"href":"http:\/\/culturaliagz.com\/index.php?rest_route=\/wp\/v2\/users\/1"}],"replies":[{"embeddable":true,"href":"http:\/\/culturaliagz.com\/index.php?rest_route=%2Fwp%2Fv2%2Fcomments&post=13367"}],"version-history":[{"count":4,"href":"http:\/\/culturaliagz.com\/index.php?rest_route=\/wp\/v2\/posts\/13367\/revisions"}],"predecessor-version":[{"id":13373,"href":"http:\/\/culturaliagz.com\/index.php?rest_route=\/wp\/v2\/posts\/13367\/revisions\/13373"}],"wp:attachment":[{"href":"http:\/\/culturaliagz.com\/index.php?rest_route=%2Fwp%2Fv2%2Fmedia&parent=13367"}],"wp:term":[{"taxonomy":"category","embeddable":true,"href":"http:\/\/culturaliagz.com\/index.php?rest_route=%2Fwp%2Fv2%2Fcategories&post=13367"},{"taxonomy":"post_tag","embeddable":true,"href":"http:\/\/culturaliagz.com\/index.php?rest_route=%2Fwp%2Fv2%2Ftags&post=13367"}],"curies":[{"name":"wp","href":"https:\/\/api.w.org\/{rel}","templated":true}]}}