{"id":13086,"date":"2023-05-22T10:00:00","date_gmt":"2023-05-22T09:00:00","guid":{"rendered":"http:\/\/culturaliagz.com\/?p=13086"},"modified":"2023-05-21T23:18:44","modified_gmt":"2023-05-21T22:18:44","slug":"conferencia-francisco-fernandez-del-riego-un-loitador-pola-idea-de-galicia-de-malores-villanueva-na-sala-de-exposicions-do-auditorio-municipal-de-vilalba","status":"publish","type":"post","link":"http:\/\/culturaliagz.com\/?p=13086","title":{"rendered":"Conferencia\u00a0\u201cFrancisco Fern\u00e1ndez Del Riego. Un loitador pola idea de Galicia\u201d, de\u00a0Malores Villanueva, na Sala de Exposici\u00f3ns do Auditorio Municipal de Vilalba"},"content":{"rendered":"\n<p><\/p>\n\n\n<div class=\"wp-block-image\">\n<figure class=\"aligncenter size-large\"><a href=\"http:\/\/culturaliagz.com\/wp-content\/uploads\/2023\/05\/LETRAS-GALEGAS23-MALORES-scaled.jpg\" target=\"_blank\" rel=\"noreferrer noopener\"><img loading=\"lazy\" decoding=\"async\" width=\"724\" height=\"1024\" src=\"http:\/\/culturaliagz.com\/wp-content\/uploads\/2023\/05\/LETRAS-GALEGAS23-MALORES-724x1024.jpg\" alt=\"\" class=\"wp-image-13087\"\/><\/a><\/figure>\n<\/div>\n\n\n<p><\/p>\n\n\n\n<p><\/p>\n\n\n\n<p class=\"has-text-align-justify\">O <a href=\"https:\/\/estudoschairegos.gal\/\" target=\"_blank\" rel=\"noreferrer noopener\">Instituto de Estudos Chairegos (IESCHA)<\/a>, dentro dos actos programados co gallo das Letras Galegas\u2019 2023, organiza a conferencia que leva por t\u00edtulo\u00a0<strong><a href=\"https:\/\/estudoschairegos.gal\/conferencia-letras-galegas-2023-francisco-fernandez-del-riego-un-loitador-pola-idea-de-galicia-impartida-por-malores-villanueva-doutora-en-filoloxia-galega-26-05-2023-2000\/\" target=\"_blank\" rel=\"noreferrer noopener\">\u201cFRANCISCO FERN\u00c1NDEZ DEL RIEGO. UN LOITADOR POLA IDEA DE GALICIA\u201d<\/a><\/strong>, que ser\u00e1 impartida por\u00a0<strong>MALORES VILLANUEVA<\/strong>,\u00a0doutora en Filolox\u00eda Galega pola Universidade de Santiago de Compostela (USC), profesora, tradutora, editora e cr\u00edtica literaria. \u00c9 autora do libro co mesmo nome, editado por Galaxia.<\/p>\n\n\n\n<p class=\"has-text-align-justify\">O acto ter\u00e1 lugar o venres&nbsp;<strong>26 de maio de 2023, \u00e1s 20:00 horas, na Sala de Exposici\u00f3ns do Auditorio Municipal de Vilalba<\/strong>, e ser\u00e1 presentado por&nbsp;<strong>Marisa Barreiro<\/strong>, presidenta do&nbsp;<strong>IESCHA<\/strong>.<\/p>\n\n\n\n<p><\/p>\n\n\n\n<p><\/p>\n\n\n<a href=\"http:\/\/culturaliagz.com\/wp-content\/uploads\/2023\/05\/NOTA_INFORMATIVA_MALORES-VILLANUEVA.pdf\" class=\"pdfemb-viewer\" style=\"\" data-width=\"max\" data-height=\"max\" data-toolbar=\"bottom\" data-toolbar-fixed=\"off\">NOTA_INFORMATIVA_MALORES-VILLANUEVA<\/a>\n<p class=\"wp-block-pdfemb-pdf-embedder-viewer\"><\/p>\n","protected":false},"excerpt":{"rendered":"<p>O Instituto de Estudos Chairegos (IESCHA), dentro dos actos programados co gallo das Letras Galegas\u2019 2023, organiza a conferencia que leva por t\u00edtulo\u00a0\u201cFRANCISCO FERN\u00c1NDEZ DEL RIEGO. UN LOITADOR POLA IDEA [&hellip;]<\/p>\n","protected":false},"author":1,"featured_media":0,"comment_status":"open","ping_status":"open","sticky":false,"template":"","format":"standard","meta":{"_et_pb_use_builder":"","_et_pb_old_content":"","_et_gb_content_width":"","_jetpack_memberships_contains_paid_content":false,"footnotes":""},"categories":[23,7,129,6,1],"tags":[1650,234,1651],"class_list":["post-13086","post","type-post","status-publish","format-standard","hentry","category-autoresas","category-creacion","category-literaria","category-novas","category-xeral","tag-francisco-fernandez-del-riego-un-loitador-pola-idea-de-galicia","tag-iescha","tag-malores-villanueva"],"jetpack_featured_media_url":"","jetpack_sharing_enabled":true,"_links":{"self":[{"href":"http:\/\/culturaliagz.com\/index.php?rest_route=\/wp\/v2\/posts\/13086","targetHints":{"allow":["GET"]}}],"collection":[{"href":"http:\/\/culturaliagz.com\/index.php?rest_route=\/wp\/v2\/posts"}],"about":[{"href":"http:\/\/culturaliagz.com\/index.php?rest_route=\/wp\/v2\/types\/post"}],"author":[{"embeddable":true,"href":"http:\/\/culturaliagz.com\/index.php?rest_route=\/wp\/v2\/users\/1"}],"replies":[{"embeddable":true,"href":"http:\/\/culturaliagz.com\/index.php?rest_route=%2Fwp%2Fv2%2Fcomments&post=13086"}],"version-history":[{"count":2,"href":"http:\/\/culturaliagz.com\/index.php?rest_route=\/wp\/v2\/posts\/13086\/revisions"}],"predecessor-version":[{"id":13091,"href":"http:\/\/culturaliagz.com\/index.php?rest_route=\/wp\/v2\/posts\/13086\/revisions\/13091"}],"wp:attachment":[{"href":"http:\/\/culturaliagz.com\/index.php?rest_route=%2Fwp%2Fv2%2Fmedia&parent=13086"}],"wp:term":[{"taxonomy":"category","embeddable":true,"href":"http:\/\/culturaliagz.com\/index.php?rest_route=%2Fwp%2Fv2%2Fcategories&post=13086"},{"taxonomy":"post_tag","embeddable":true,"href":"http:\/\/culturaliagz.com\/index.php?rest_route=%2Fwp%2Fv2%2Ftags&post=13086"}],"curies":[{"name":"wp","href":"https:\/\/api.w.org\/{rel}","templated":true}]}}