{"id":13063,"date":"2023-05-16T19:17:42","date_gmt":"2023-05-16T18:17:42","guid":{"rendered":"http:\/\/culturaliagz.com\/?p=13063"},"modified":"2023-05-16T19:25:43","modified_gmt":"2023-05-16T18:25:43","slug":"caldo-presentara-lugar-a-ponte-ao-vivo-o-9-de-xuno-en-santiago-de-compostela","status":"publish","type":"post","link":"http:\/\/culturaliagz.com\/?p=13063","title":{"rendered":"<strong>Caldo presentar\u00e1 \u2018Lugar A Ponte\u2019 ao vivo&nbsp;o 9 de xu\u00f1o en Santiago de Compostela<br><\/strong><br>"},"content":{"rendered":"<div class=\"wp-block-image\">\n<figure class=\"aligncenter size-large\"><a href=\"http:\/\/culturaliagz.com\/wp-content\/uploads\/2023\/05\/Caldo_Avion04.jpg\" target=\"_blank\" rel=\"noreferrer noopener\"><img loading=\"lazy\" decoding=\"async\" width=\"683\" height=\"1024\" src=\"http:\/\/culturaliagz.com\/wp-content\/uploads\/2023\/05\/Caldo_Avion04-683x1024.jpg\" alt=\"\" class=\"wp-image-13064\" srcset=\"http:\/\/culturaliagz.com\/wp-content\/uploads\/2023\/05\/Caldo_Avion04-683x1024.jpg 683w, http:\/\/culturaliagz.com\/wp-content\/uploads\/2023\/05\/Caldo_Avion04-480x720.jpg 480w\" sizes=\"auto, (min-width: 0px) and (max-width: 480px) 480px, (min-width: 481px) 683px, 100vw\" \/><\/a><\/figure>\n<\/div>\n\n\n<p><\/p>\n\n\n\n<p><\/p>\n\n\n\n<p><strong>O primeiro directo para dar a co\u00f1ecer o novo \u00e1lbum do tr\u00edo ter\u00e1 lugar no marco da celebraci\u00f3n&nbsp;do festival \u2018O que non se escribe\u2019 sobre arquivos sonoros e creaci\u00f3n contempor\u00e1nea<\/strong><\/p>\n\n\n\n<p class=\"has-text-align-justify\"><strong><br>As entradas para a cita, que ter\u00e1 lugar o venres 9 a partir das 20:30 horas no Teatro Principal,&nbsp;est\u00e1n dispo\u00f1ibles desde hoxe no espazo web&nbsp;<\/strong><a href=\"http:\/\/www.compostelacultura.gal\/\"><strong>www.compostelacultura.gal<\/strong><\/a><\/p>\n\n\n\n<p class=\"has-text-align-justify\"><strong>Alberto Cernadas (crnds), Ant\u00eda Ameixeiras, Bego\u00f1a Riob\u00f3, Claudia Abril, Marta Collazo, Flor D\u00edez, Diego Alonso e Germ\u00e1n D\u00edaz participar\u00e1n na presentaci\u00f3n<\/strong><\/p>\n\n\n\n<p><\/p>\n\n\n\n<p><\/p>\n\n\n\n<p class=\"has-text-align-justify\"><a href=\"https:\/\/es-es.facebook.com\/caldo.gal\/about\/\" target=\"_blank\" rel=\"noreferrer noopener\">Caldo <\/a>presentar\u00e1 ao vivo&nbsp;<strong><em>Lugar A Ponte,<\/em><\/strong>&nbsp;o seu novo traballo discogr\u00e1fico, o vindeiro venres 9 de xu\u00f1o. A actuaci\u00f3n, que ter\u00e1 lugar a partir das 20:30 horas no Teatro Principal de Santiago, enm\u00e1rcase na celebraci\u00f3n da terceira edici\u00f3n do festival&nbsp;<strong>O que non se escribe,&nbsp;<\/strong>o encontro arredor do patrimonio sonoro e a creaci\u00f3n contempor\u00e1nea. As entradas para o directo, que contar\u00e1 coa participaci\u00f3n de diferentes convidadas, est\u00e1n dispo\u00f1ibles desde este martes 16 a trav\u00e9s da p\u00e1xina web&nbsp;<a href=\"http:\/\/www.compostelacultura.gal\/\" target=\"_blank\" rel=\"noreferrer noopener\">www.compostelacultura.gal<\/a>.&nbsp;<br><br><strong><em>Lugar A Ponte,&nbsp;<\/em><\/strong>o segundo \u00e1lbum do tr\u00edo conformado por&nbsp;<strong>Ana\u00efs Barbier, Mar\u00eda Jorge e Pedro Fari\u00f1as&nbsp;<\/strong>publicouse o pasado 12 de maio<strong>&nbsp;<\/strong><a rel=\"noreferrer noopener\" href=\"https:\/\/links.altafonte.com\/xrz4n7m\" target=\"_blank\">nas principais plataformas dixitais<\/a>. Producido man a man con Alberto Cernadas (crnds),<strong><em>&nbsp;<\/em><\/strong>\u00e9 un disco con dez cortes no que Caldo incorpora novas texturas e atm\u00f3sferas \u00e1 s\u00faa sonoridade, mais sen renunciar \u00e1 s\u00faa identidade, que agroma e bebe da tradici\u00f3n. Neste sentido, o grupo adapta e toma como punto de inspiraci\u00f3n melod\u00edas ou temas tradicionais recollidos en lugares de Gargamala, As Neves, Avi\u00f3n, Pontecaldelas e Pazos de Borb\u00e9n.&nbsp;<\/p>\n\n\n\n<p class=\"has-text-align-justify\">O concerto do vindeiro venres 9 contar\u00e1, ao igual que sucede no propio \u00e1lbum, con numerosas colaboraci\u00f3ns e&nbsp;<strong>artistas convidadas<\/strong>. As\u00ed, ademais da participaci\u00f3n do produtor e instrumentista&nbsp;<strong>crnds<\/strong>, sobre as t\u00e1boas do Teatro Principal Caldo acompa\u00f1arase de&nbsp;<strong>German D\u00edaz&nbsp;<\/strong>(zanfona),&nbsp;<strong>Diego Alonso&nbsp;<\/strong>(saxo),&nbsp;<strong>Claudia Abril, Flor D\u00edez<\/strong>&nbsp;e&nbsp;<strong>Marta Collazo<\/strong>&nbsp;(voz e pandeireta) e as violinistas<strong>&nbsp;Ant\u00eda Ameixeiras<\/strong>&nbsp;(Caama\u00f1o &amp; Ameixeiras) e&nbsp;<strong>Bego\u00f1a Riob\u00f3<\/strong>&nbsp;(SonDeSeu).&nbsp;<\/p>\n\n\n\n<p class=\"has-text-align-justify\"><br><strong>Caldo<br><br><\/strong>Mar\u00eda Jorge (viol\u00edn), Ana\u00efs Barbier (voz e pandeireta) e Pedro Fari\u00f1as (guitarra e gaita) son Caldo, o tr\u00edo que achega a m\u00fasica tradicional a contextos sonoros contempor\u00e1neos a trav\u00e9s da experimentaci\u00f3n cos propios instrumentos. Premiadas co galard\u00f3n ao&nbsp;Mellor proxecto de m\u00fasica folk&nbsp;nos&nbsp;Premios Mart\u00edn C\u00f3dax da M\u00fasica (2020)&nbsp;e&nbsp;ga\u00f1adoras do concurso Fran P\u00e9rez \u2018Narf\u2019 da Deputaci\u00f3n da Coru\u00f1a (2020), as creadoras de Caldo integran melod\u00edas tradicionais galegas e composici\u00f3ns propias con influencias das m\u00fasicas europeas e atl\u00e1nticas, unha fusi\u00f3n natural que vai directa ao sentir do p\u00fablico.<br><br>O pasado 12 de maioCaldo publicou&nbsp;<strong><em>Lugar A Ponte<\/em><\/strong>, o seu segundo \u00e1lbum, unha proposta \u00edntima, moderna e potente, ateigada de honestidade e de responsabilidade tanto coa tradici\u00f3n coma con elas mesmas. Con este traballo, producido e gravado man a man con Alberto Cernadas (crnds), Caldo abre paso e reinvidica o seu espazo no panorama actual coma unha das agrupaci\u00f3ns imprescindibles \u00e1 hora de entender a renovaci\u00f3n e posta en valor da m\u00fasica tradicional a trav\u00e9s da experimentaci\u00f3n sonora.<\/p>\n\n\n\n<p><strong>Escoita\u00a0<\/strong><a rel=\"noreferrer noopener\" href=\"https:\/\/links.altafonte.com\/xrz4n7m\" target=\"_blank\"><strong><em>Lugar A Ponte<\/em><\/strong><\/a><\/p>\n\n\n\n<p><\/p>\n\n\n\n<p><\/p>\n\n\n<a href=\"http:\/\/culturaliagz.com\/wp-content\/uploads\/2023\/05\/20230516-Presentacion-ao-vivo-de-Lugar-A-Ponte.pdf\" class=\"pdfemb-viewer\" style=\"\" data-width=\"max\" data-height=\"max\" data-toolbar=\"bottom\" data-toolbar-fixed=\"off\">20230516-Presentacion-ao-vivo-de-Lugar-A-Ponte<\/a>\n<p class=\"wp-block-pdfemb-pdf-embedder-viewer\"><\/p>\n","protected":false},"excerpt":{"rendered":"<p>O primeiro directo para dar a co\u00f1ecer o novo \u00e1lbum do tr\u00edo ter\u00e1 lugar no marco da celebraci\u00f3n&nbsp;do festival \u2018O que non se escribe\u2019 sobre arquivos sonoros e creaci\u00f3n contempor\u00e1nea [&hellip;]<\/p>\n","protected":false},"author":1,"featured_media":0,"comment_status":"open","ping_status":"open","sticky":false,"template":"","format":"standard","meta":{"_et_pb_use_builder":"","_et_pb_old_content":"","_et_gb_content_width":"","_jetpack_memberships_contains_paid_content":false,"footnotes":""},"categories":[23,7,6,57,1],"tags":[536,1610],"class_list":["post-13063","post","type-post","status-publish","format-standard","hentry","category-autoresas","category-creacion","category-novas","category-outras-artes","category-xeral","tag-caldo","tag-lugar-a-ponte"],"jetpack_featured_media_url":"","jetpack_sharing_enabled":true,"_links":{"self":[{"href":"http:\/\/culturaliagz.com\/index.php?rest_route=\/wp\/v2\/posts\/13063","targetHints":{"allow":["GET"]}}],"collection":[{"href":"http:\/\/culturaliagz.com\/index.php?rest_route=\/wp\/v2\/posts"}],"about":[{"href":"http:\/\/culturaliagz.com\/index.php?rest_route=\/wp\/v2\/types\/post"}],"author":[{"embeddable":true,"href":"http:\/\/culturaliagz.com\/index.php?rest_route=\/wp\/v2\/users\/1"}],"replies":[{"embeddable":true,"href":"http:\/\/culturaliagz.com\/index.php?rest_route=%2Fwp%2Fv2%2Fcomments&post=13063"}],"version-history":[{"count":4,"href":"http:\/\/culturaliagz.com\/index.php?rest_route=\/wp\/v2\/posts\/13063\/revisions"}],"predecessor-version":[{"id":13071,"href":"http:\/\/culturaliagz.com\/index.php?rest_route=\/wp\/v2\/posts\/13063\/revisions\/13071"}],"wp:attachment":[{"href":"http:\/\/culturaliagz.com\/index.php?rest_route=%2Fwp%2Fv2%2Fmedia&parent=13063"}],"wp:term":[{"taxonomy":"category","embeddable":true,"href":"http:\/\/culturaliagz.com\/index.php?rest_route=%2Fwp%2Fv2%2Fcategories&post=13063"},{"taxonomy":"post_tag","embeddable":true,"href":"http:\/\/culturaliagz.com\/index.php?rest_route=%2Fwp%2Fv2%2Ftags&post=13063"}],"curies":[{"name":"wp","href":"https:\/\/api.w.org\/{rel}","templated":true}]}}