{"id":13015,"date":"2023-05-12T10:01:00","date_gmt":"2023-05-12T09:01:00","guid":{"rendered":"http:\/\/culturaliagz.com\/?p=13015"},"modified":"2023-05-12T10:47:48","modified_gmt":"2023-05-12T09:47:48","slug":"henko-a-mirada-de-miguel-diaz-45","status":"publish","type":"post","link":"http:\/\/culturaliagz.com\/?p=13015","title":{"rendered":"HENKO. A mirada de Miguel D\u00edaz"},"content":{"rendered":"\n<p><\/p>\n\n\n<div class=\"wp-block-image\">\n<figure class=\"alignleft size-medium is-resized\"><a href=\"http:\/\/culturaliagz.com\/wp-content\/uploads\/2021\/07\/Henko_Portada2.jpg\" target=\"_blank\" rel=\"noreferrer noopener\"><img loading=\"lazy\" decoding=\"async\" src=\"http:\/\/culturaliagz.com\/wp-content\/uploads\/2021\/07\/Henko_Portada2-300x300.jpg\" alt=\"\" class=\"wp-image-8195\" width=\"225\" height=\"225\"\/><\/a><\/figure>\n<\/div>\n\n\n<p><\/p>\n\n\n\n<p style=\"font-size:25px\"><strong><a rel=\"noreferrer noopener\" href=\"http:\/\/culturaliagz.com\/category\/henko\" target=\"_blank\">HENKO<\/a><\/strong><\/p>\n\n\n\n<p class=\"has-medium-font-size\"><a href=\"https:\/\/omurmuriodovento.wordpress.com\/author\/omurmuriodovento\/\" target=\"_blank\" rel=\"noreferrer noopener\">Miguel D\u00edaz<\/a><\/p>\n\n\n\n<p class=\"has-medium-font-size\">T\u00edtulo:&nbsp;<em>CARBALLO DE MAIO<\/em><\/p>\n\n\n\n<p><\/p>\n\n\n\n<p><\/p>\n\n\n\n<p><\/p>\n\n\n\n<p><\/p>\n\n\n\n<p><\/p>\n\n\n\n<p><\/p>\n\n\n\n<p><\/p>\n\n\n\n<p><\/p>\n\n\n<div class=\"wp-block-image\">\n<figure class=\"aligncenter size-large\"><a href=\"http:\/\/culturaliagz.com\/wp-content\/uploads\/2023\/05\/Carballo-de-maio-scaled.jpg\" target=\"_blank\" rel=\"noreferrer noopener\"><img loading=\"lazy\" decoding=\"async\" width=\"576\" height=\"1024\" src=\"http:\/\/culturaliagz.com\/wp-content\/uploads\/2023\/05\/Carballo-de-maio-576x1024.jpg\" alt=\"\" class=\"wp-image-13018\"\/><\/a><figcaption class=\"wp-element-caption\">Miguel D\u00edaz, <em>CARBALLO DE MAIO<\/em><\/figcaption><\/figure>\n<\/div>\n\n\n<p><\/p>\n\n\n\n<p class=\"has-text-align-justify\">Na \u00ednfima, \u00edntima forma, na que ti me convidas a ser contigo merlo, bubela, lavandeira. Nos sut\u00eds xestos dunha primavera incipiente, en medras.<\/p>\n\n\n\n<p class=\"has-text-align-justify\">A mirada mi\u00f1a, que sempre \u00e9 inconclusa, que crece, rebe, que flut\u00faa, que respira, que habita momentos, que me ispe. A mirada mi\u00f1a que estando non me leva, que buscando non atopa, que sendo non chega. Con ela falarme na imaxe, fuxindo por un momento das sombras do tempo perdido, do desencanto que me provoca a existencia.<\/p>\n\n\n\n<p class=\"has-text-align-justify\">Procuro. Cos banzos da beleza, que vagamente capturo. Captur\u00e1ndome a min mesmo con eles, nun intento de acollida. Nunha aperta de carballo de maio.<\/p>\n\n\n\n<p class=\"has-text-align-justify\">Procuro. Desde o \u00faltimo chanzo ao que me alzo. Desde o \u00faltimo chanzo estendo os brazos, estiro os dedos. Sinto nas xemas aire de fracaso, de bald\u00eda tentativa. De baleiro por non ser quen de tocar a beleza \u00faltima, de ti compa\u00f1eira. A beleza \u00faltima dun amor inconmensurable. O inconsciente pron\u00fanciate e eu non son capaz de que ti me pronuncies.<\/p>\n","protected":false},"excerpt":{"rendered":"<p>HENKO Miguel D\u00edaz T\u00edtulo:&nbsp;CARBALLO DE MAIO Na \u00ednfima, \u00edntima forma, na que ti me convidas a ser contigo merlo, bubela, lavandeira. Nos sut\u00eds xestos dunha primavera incipiente, en medras. A [&hellip;]<\/p>\n","protected":false},"author":38,"featured_media":0,"comment_status":"open","ping_status":"open","sticky":false,"template":"","format":"standard","meta":{"_et_pb_use_builder":"","_et_pb_old_content":"","_et_gb_content_width":"","_jetpack_memberships_contains_paid_content":false,"footnotes":""},"categories":[23,967,7,894,129,57,1],"tags":[952,1644,895,650],"class_list":["post-13015","post","type-post","status-publish","format-standard","hentry","category-autoresas","category-colaboracions","category-creacion","category-henko","category-literaria","category-outras-artes","category-xeral","tag-a-mirada-de-miguel-diaz","tag-carballo-de-maio","tag-henko","tag-miguel-diaz"],"jetpack_featured_media_url":"","jetpack_sharing_enabled":true,"_links":{"self":[{"href":"http:\/\/culturaliagz.com\/index.php?rest_route=\/wp\/v2\/posts\/13015","targetHints":{"allow":["GET"]}}],"collection":[{"href":"http:\/\/culturaliagz.com\/index.php?rest_route=\/wp\/v2\/posts"}],"about":[{"href":"http:\/\/culturaliagz.com\/index.php?rest_route=\/wp\/v2\/types\/post"}],"author":[{"embeddable":true,"href":"http:\/\/culturaliagz.com\/index.php?rest_route=\/wp\/v2\/users\/38"}],"replies":[{"embeddable":true,"href":"http:\/\/culturaliagz.com\/index.php?rest_route=%2Fwp%2Fv2%2Fcomments&post=13015"}],"version-history":[{"count":6,"href":"http:\/\/culturaliagz.com\/index.php?rest_route=\/wp\/v2\/posts\/13015\/revisions"}],"predecessor-version":[{"id":13027,"href":"http:\/\/culturaliagz.com\/index.php?rest_route=\/wp\/v2\/posts\/13015\/revisions\/13027"}],"wp:attachment":[{"href":"http:\/\/culturaliagz.com\/index.php?rest_route=%2Fwp%2Fv2%2Fmedia&parent=13015"}],"wp:term":[{"taxonomy":"category","embeddable":true,"href":"http:\/\/culturaliagz.com\/index.php?rest_route=%2Fwp%2Fv2%2Fcategories&post=13015"},{"taxonomy":"post_tag","embeddable":true,"href":"http:\/\/culturaliagz.com\/index.php?rest_route=%2Fwp%2Fv2%2Ftags&post=13015"}],"curies":[{"name":"wp","href":"https:\/\/api.w.org\/{rel}","templated":true}]}}