{"id":13008,"date":"2023-05-11T22:57:53","date_gmt":"2023-05-11T21:57:53","guid":{"rendered":"http:\/\/culturaliagz.com\/?p=13008"},"modified":"2023-05-11T23:21:16","modified_gmt":"2023-05-11T22:21:16","slug":"caldo-publica-este-venres-12-lugar-a-ponte-o-seu-album-mais-intimo","status":"publish","type":"post","link":"http:\/\/culturaliagz.com\/?p=13008","title":{"rendered":"Caldo publica este venres 12 &#8216;Lugar A Ponte&#8217;, o seu \u00e1lbum m\u00e1is \u00edntimo"},"content":{"rendered":"\n<p><\/p>\n\n\n<div class=\"wp-block-image\">\n<figure class=\"aligncenter size-full is-resized\"><a href=\"http:\/\/culturaliagz.com\/wp-content\/uploads\/2023\/05\/Portada-Lugar-A-Ponte-\u00a9-Marte-Martinka.jpeg\" target=\"_blank\" rel=\"noreferrer noopener\"><img loading=\"lazy\" decoding=\"async\" src=\"http:\/\/culturaliagz.com\/wp-content\/uploads\/2023\/05\/Portada-Lugar-A-Ponte-\u00a9-Marte-Martinka.jpeg\" alt=\"\" class=\"wp-image-13009\" width=\"829\" height=\"829\" srcset=\"http:\/\/culturaliagz.com\/wp-content\/uploads\/2023\/05\/Portada-Lugar-A-Ponte-\u00a9-Marte-Martinka.jpeg 960w, http:\/\/culturaliagz.com\/wp-content\/uploads\/2023\/05\/Portada-Lugar-A-Ponte-\u00a9-Marte-Martinka-300x300.jpeg 300w, http:\/\/culturaliagz.com\/wp-content\/uploads\/2023\/05\/Portada-Lugar-A-Ponte-\u00a9-Marte-Martinka-150x150.jpeg 150w, http:\/\/culturaliagz.com\/wp-content\/uploads\/2023\/05\/Portada-Lugar-A-Ponte-\u00a9-Marte-Martinka-768x768.jpeg 768w, http:\/\/culturaliagz.com\/wp-content\/uploads\/2023\/05\/Portada-Lugar-A-Ponte-\u00a9-Marte-Martinka-480x480.jpeg 480w\" sizes=\"auto, (max-width: 829px) 100vw, 829px\" \/><\/a><\/figure>\n<\/div>\n\n\n<p><\/p>\n\n\n\n<p class=\"has-text-align-justify\"><strong>O novo traballo discogr\u00e1fico do tr\u00edo \u00e9 unha proposta moderna e potente, ateigada&nbsp;de honestidade e de responsabilidade tanto coa tradici\u00f3n coma con elas mesmas<\/strong><\/p>\n\n\n\n<p class=\"has-text-align-justify\"><strong>Producido da man de Alberto Cernadas (crnds), \u2018Lugar A Ponte\u2019 mant\u00e9n a esencia&nbsp;do Caldo orixinal, mais incorpora novas texturas e atm\u00f3sferas \u00e1 s\u00faa sonoridade<\/strong><\/p>\n\n\n\n<p class=\"has-text-align-justify\"><strong>O disco, que leva o nome do lugar no que agromou o proxecto musical &nbsp;e que procura \u00e1 vez esbozar a idea de fogar, acompa\u00f1arase dunha coidada edici\u00f3n f\u00edsica&nbsp;que incluir\u00e1 dez l\u00e1minas ilustradas por Marte Martinka e textos de Petra Porter<\/strong><\/p>\n\n\n\n<p><\/p>\n\n\n\n<p><\/p>\n\n\n<div class=\"wp-block-image\">\n<figure class=\"alignleft size-medium\"><a href=\"http:\/\/culturaliagz.com\/wp-content\/uploads\/2023\/05\/Caldo_Avion02-1.jpg\" target=\"_blank\" rel=\"noreferrer noopener\"><img loading=\"lazy\" decoding=\"async\" width=\"300\" height=\"257\" src=\"http:\/\/culturaliagz.com\/wp-content\/uploads\/2023\/05\/Caldo_Avion02-1-300x257.jpg\" alt=\"\" class=\"wp-image-13010\"\/><\/a><\/figure>\n<\/div>\n\n\n<p class=\"has-text-align-justify\"><strong><em>Lugar A Ponte<\/em><\/strong><em>,&nbsp;<\/em>o novo traballo discogr\u00e1fico de&nbsp;<strong>Caldo<\/strong>, ver\u00e1 a luz \u00e1s 00.00 horas deste venres 12 de maio&nbsp;<a rel=\"noreferrer noopener\" href=\"https:\/\/links.altafonte.com\/xrz4n7m\" target=\"_blank\">nas principais plataformas dixitais<\/a>. O segundo \u00e1lbum do tr\u00edo conformado por&nbsp;<strong>Ana\u00efs Barbier, Mar\u00eda Jorge e Pedro Fari\u00f1as&nbsp;<\/strong>\u00e9 unha proposta \u00edntima, moderna e potente, ateigada de honestidade e de responsabilidade tanto coa tradici\u00f3n coma con elas mesmas. Con&nbsp;<em>Lugar A Ponte,&nbsp;<\/em>producido e gravado man a man con Alberto Cernadas (crnds), Caldo abre paso e reinvidica o seu espazo no panorama actual coma unha das agrupaci\u00f3ns imprescindibles \u00e1 hora de entender a renovaci\u00f3n e posta en valor da m\u00fasica tradicional a trav\u00e9s da experimentaci\u00f3n sonora.<\/p>\n\n\n\n<p class=\"has-text-align-justify\"><a href=\"https:\/\/links.altafonte.com\/xrz4n7m\" target=\"_blank\" rel=\"noreferrer noopener\"><em>Lugar A Ponte<\/em><\/a><strong><em>&nbsp;<\/em><\/strong>\u00e9 un disco profundo e persoal no que o tr\u00edo comezou a traballar desde o confinamento para perfilar, durante tres anos, o traballo que ma\u00f1\u00e1 ver\u00e1 a luz e que leva por nome o fogar onde o propio Caldo agromou: o Lugar A Ponte, na comarca do Val Mi\u00f1or. Neste \u00e1lbum, dos que&nbsp;cinco temas son instrumentais<strong>,&nbsp;Caldo d\u00e9ixase levar a trav\u00e9s doutras est\u00e9ticas para que os seus temas tomen cami\u00f1os imprevistos<\/strong>. O tr\u00edo incorpora&nbsp;<strong>novas texturas e atm\u00f3sferas \u00e1 s\u00faa sonoridade, mais sen renunciar \u00e1 s\u00faa identidade<\/strong>, que agroma e bebe da tradici\u00f3n-e incl\u00fae no LP gravaci\u00f3ns ao vivo coma nos seus inicios, nos temas &#8211;&nbsp;<em>36388,&nbsp;<\/em>nomeada as\u00ed en referencia ao c\u00f3digo postal de Lugar A Ponte, ou&nbsp;<em>Arroz, ovos e sol\u00eds-<\/em>.<\/p>\n\n\n\n<p class=\"has-text-align-justify\">Alberto Cernadas acompa\u00f1ou \u00e1s creadoras nun longo proceso no que integraron novas capas, \u00e1 vez que procuraban est\u00e9ticas marcadas para definir esta etapa,&nbsp;<strong>m\u00e1is madura, honesta e cavilada<\/strong>. Entre as novidades deste traballo,<strong>&nbsp;salienta a<\/strong><strong>&nbsp;escasa presenza da percusi\u00f3n,<\/strong>&nbsp;que s\u00f3 aparece a trav\u00e9s da pandeireta en temas como&nbsp;<em>C\u00e1ncaro d\u2019abril<\/em>&nbsp;-peza que abre o disco, e na que tocan o sacho- ou&nbsp;<em>36388<\/em>.&nbsp;<\/p>\n\n\n\n<p class=\"has-text-align-justify\">Al\u00e9n do salto na produci\u00f3n en comparaci\u00f3n co primeiro \u00e1lbum,&nbsp;<em>Caldo &#8211;<\/em>gravado en directo-, outra das principais novidades con respecto daquel disco hom\u00f3nimo \u00e9 que, al\u00e9n da intervenci\u00f3n ou adaptaci\u00f3n de letras tradicionais,&nbsp;<strong>Caldo incorpora l\u00edrica propia en&nbsp;<em>Lugar A Ponte<\/em>.<\/strong>&nbsp;Son textos coidados que asina Ana\u00efs Barbier, notas que se xuntan a outras que o tr\u00edo reinterpreta para narrar as historias que falan dun momento de cambio, dun v\u00ednculo, dunha perda ou dunha relaci\u00f3n. Son, ao cabo, episodios vitais que conforman un \u00e1lbum que fala, dalg\u00fan xeito, das sensaci\u00f3ns dentro do fogar, da procura dese lugar ou n\u00facleo que se constr\u00fae paseni\u00f1o, da man da contorna m\u00e1is pr\u00f3xima e querida.&nbsp;<\/p>\n\n\n\n<p><strong>Colaboraci\u00f3ns&nbsp;<\/strong><\/p>\n\n\n\n<p class=\"has-text-align-justify\">Ao igual que as melod\u00edas e as letras, Caldo tam\u00e9n terma da presentaci\u00f3n desde segundo LP ao contar coa&nbsp;<strong>colaboraci\u00f3n doutras artistas.<\/strong>&nbsp;Al\u00e9n da produci\u00f3n, gravaci\u00f3n e mestura de&nbsp;<strong>Alberto Cernadas<\/strong>, que tam\u00e9n \u00e9 instrumentista (guitarras ou sintetizador) en&nbsp;<em>Xuntas&nbsp;<\/em>ou&nbsp;<em>Outro luga<\/em>r, o tr\u00edo suma as colaboraci\u00f3ns de&nbsp;<strong>German D\u00edaz<\/strong>&nbsp;(zanfona en&nbsp;<em>Arroz, ovos e sol\u00eds<\/em>),&nbsp;<strong>Lu\u00eds Peixoto&nbsp;<\/strong>(mandolina en&nbsp;<em>Chulinha das Cacharelas<\/em>),&nbsp;<strong>Diego Alonso<\/strong>&nbsp;(saxo soprano en&nbsp;<em>36388<\/em>) e&nbsp;<strong>Claudia Abril, Flor D\u00edez e Marta Collazo<\/strong>&nbsp;(pandeiretas en&nbsp;<em>36388<\/em>). Ademais,&nbsp;na coidada edici\u00f3n f\u00edsica do \u00e1lbum, que ver\u00e1 a luz nas vindeiras semanas,&nbsp;Caldo conta co traballo da escritora e artista&nbsp;<strong>Petra Porter,<\/strong>&nbsp;responsable dos textos que contextualizan cada tema, e o da ilustradora&nbsp;<strong>Marte Martinka,<\/strong>&nbsp;quen \u00e9 a autora tanto da portada como das ilustraci\u00f3ns que acompa\u00f1ar\u00e1n, en forma de l\u00e1mina, todas e cada unha das dez pezas que forman parte deste&nbsp;<em>Lugar A Ponte<\/em>.&nbsp;&nbsp;<\/p>\n\n\n\n<p class=\"has-text-align-justify\"><strong>Caldo<\/strong><\/p>\n\n\n\n<p class=\"has-text-align-justify\"><strong>Mar\u00eda Jorge<\/strong>&nbsp;(viol\u00edn),<strong>&nbsp;Ana\u00efs Barbier<\/strong>&nbsp;(voz e pandeireta) e&nbsp;<strong>Pedro Fari\u00f1as<\/strong>&nbsp;(guitarra e gaita)&nbsp;<strong>son Caldo<\/strong>, o tr\u00edo que achega a m\u00fasica tradicional a contextos sonoros contempor\u00e1neos a trav\u00e9s da experimentaci\u00f3n cos propios instrumentos. Premiadas co galard\u00f3n ao&nbsp;<strong>Mellor proxecto de m\u00fasica folk&nbsp;nos&nbsp;Premios Mart\u00edn C\u00f3dax da M\u00fasica (2020<\/strong>)&nbsp;e&nbsp;<strong>ga\u00f1adoras do concurso Fran P\u00e9rez \u2018Narf\u2019 da Deputaci\u00f3n da Coru\u00f1a (2020<\/strong>), as creadoras de Caldo integran melod\u00edas tradicionais galegas e composici\u00f3ns propias con influencias das m\u00fasicas europeas e atl\u00e1nticas, unha fusi\u00f3n natural que vai directa ao sentir do p\u00fablico.<\/p>\n\n\n\n<p><\/p>\n\n\n<a href=\"http:\/\/culturaliagz.com\/wp-content\/uploads\/2023\/05\/20230511-Caldo-publica-este-venres-12-o-seu-album-mais-intimo.pdf\" class=\"pdfemb-viewer\" style=\"\" data-width=\"max\" data-height=\"max\" data-toolbar=\"bottom\" data-toolbar-fixed=\"off\">20230511-Caldo-publica-este-venres-12-o-seu-album-mais-intimo<\/a>\n<p class=\"wp-block-pdfemb-pdf-embedder-viewer\"><\/p>\n","protected":false},"excerpt":{"rendered":"<p>O novo traballo discogr\u00e1fico do tr\u00edo \u00e9 unha proposta moderna e potente, ateigada&nbsp;de honestidade e de responsabilidade tanto coa tradici\u00f3n coma con elas mesmas Producido da man de Alberto Cernadas [&hellip;]<\/p>\n","protected":false},"author":1,"featured_media":0,"comment_status":"open","ping_status":"open","sticky":false,"template":"","format":"standard","meta":{"_et_pb_use_builder":"","_et_pb_old_content":"","_et_gb_content_width":"","_jetpack_memberships_contains_paid_content":false,"footnotes":""},"categories":[23,7,6,57,1],"tags":[536,1611],"class_list":["post-13008","post","type-post","status-publish","format-standard","hentry","category-autoresas","category-creacion","category-novas","category-outras-artes","category-xeral","tag-caldo","tag-lugar-a-ponte-caldo"],"jetpack_featured_media_url":"","jetpack_sharing_enabled":true,"_links":{"self":[{"href":"http:\/\/culturaliagz.com\/index.php?rest_route=\/wp\/v2\/posts\/13008","targetHints":{"allow":["GET"]}}],"collection":[{"href":"http:\/\/culturaliagz.com\/index.php?rest_route=\/wp\/v2\/posts"}],"about":[{"href":"http:\/\/culturaliagz.com\/index.php?rest_route=\/wp\/v2\/types\/post"}],"author":[{"embeddable":true,"href":"http:\/\/culturaliagz.com\/index.php?rest_route=\/wp\/v2\/users\/1"}],"replies":[{"embeddable":true,"href":"http:\/\/culturaliagz.com\/index.php?rest_route=%2Fwp%2Fv2%2Fcomments&post=13008"}],"version-history":[{"count":3,"href":"http:\/\/culturaliagz.com\/index.php?rest_route=\/wp\/v2\/posts\/13008\/revisions"}],"predecessor-version":[{"id":13014,"href":"http:\/\/culturaliagz.com\/index.php?rest_route=\/wp\/v2\/posts\/13008\/revisions\/13014"}],"wp:attachment":[{"href":"http:\/\/culturaliagz.com\/index.php?rest_route=%2Fwp%2Fv2%2Fmedia&parent=13008"}],"wp:term":[{"taxonomy":"category","embeddable":true,"href":"http:\/\/culturaliagz.com\/index.php?rest_route=%2Fwp%2Fv2%2Fcategories&post=13008"},{"taxonomy":"post_tag","embeddable":true,"href":"http:\/\/culturaliagz.com\/index.php?rest_route=%2Fwp%2Fv2%2Ftags&post=13008"}],"curies":[{"name":"wp","href":"https:\/\/api.w.org\/{rel}","templated":true}]}}