{"id":12991,"date":"2023-05-08T10:53:08","date_gmt":"2023-05-08T09:53:08","guid":{"rendered":"http:\/\/culturaliagz.com\/?p=12991"},"modified":"2023-05-08T10:53:11","modified_gmt":"2023-05-08T09:53:11","slug":"a-feira-do-libro-de-bos-aires-acolle-a-presentacion-da-guia-ninja-do-ilustrador","status":"publish","type":"post","link":"http:\/\/culturaliagz.com\/?p=12991","title":{"rendered":"A Feira do Libro de Bos Aires acolle a presentaci\u00f3n da \u2018Gu\u00eda ninja do ilustrador\u2019"},"content":{"rendered":"\n<p><\/p>\n\n\n\n<p><\/p>\n\n\n<div class=\"wp-block-image\">\n<figure class=\"aligncenter size-large\"><a href=\"http:\/\/culturaliagz.com\/wp-content\/uploads\/2023\/05\/GN-portada.jpeg\" target=\"_blank\" rel=\"noreferrer noopener\"><img loading=\"lazy\" decoding=\"async\" width=\"722\" height=\"1024\" src=\"http:\/\/culturaliagz.com\/wp-content\/uploads\/2023\/05\/GN-portada-722x1024.jpeg\" alt=\"\" class=\"wp-image-12992\"\/><\/a><\/figure>\n<\/div>\n\n\n<p><\/p>\n\n\n\n<p class=\"has-text-align-justify\"><strong>Alberto Guiti\u00e1n, coordinador da obra e un dos seus ilustradores, presentar\u00e1 o manual\u00a0este martes, 9 de de maio, no stand da Xunta de Galicia<\/strong><\/p>\n\n\n\n<p class=\"has-text-align-justify\"><strong>Este manual para combater as pr\u00e1cticas abusivas nos eidos creativos est\u00e1 promovido pola Asociaci\u00f3n Galega de Profesionais da Ilustraci\u00f3n (AGPI)<\/strong><\/p>\n\n\n\n<p class=\"has-text-align-justify\"><strong>A versi\u00f3n dixital en galego e castel\u00e1n p\u00f3dese descargar gratuitamente no micrositio\u00a0<a href=\"https:\/\/www.guianinjadoilustrador.org\/\">www.<\/a><a href=\"https:\/\/www.guianinjadoilustrador.org\/\" target=\"_blank\" rel=\"noreferrer noopener\">guianinjadoilustrador<\/a><a href=\"https:\/\/www.guianinjadoilustrador.org\/\">.org<\/a><\/strong><\/p>\n\n\n\n<p><\/p>\n\n\n\n<p><\/p>\n\n\n\n<figure class=\"wp-block-gallery has-nested-images columns-default is-cropped wp-block-gallery-1 is-layout-flex wp-block-gallery-is-layout-flex\">\n<figure class=\"wp-block-image size-large\"><a href=\"http:\/\/culturaliagz.com\/wp-content\/uploads\/2023\/05\/GN-foto-detalle-2.jpeg\" target=\"_blank\" rel=\"noreferrer noopener\"><img loading=\"lazy\" decoding=\"async\" width=\"1024\" height=\"790\" data-id=\"12993\" src=\"http:\/\/culturaliagz.com\/wp-content\/uploads\/2023\/05\/GN-foto-detalle-2-1024x790.jpeg\" alt=\"\" class=\"wp-image-12993\" srcset=\"http:\/\/culturaliagz.com\/wp-content\/uploads\/2023\/05\/GN-foto-detalle-2-1024x790.jpeg 1024w, http:\/\/culturaliagz.com\/wp-content\/uploads\/2023\/05\/GN-foto-detalle-2-980x756.jpeg 980w, http:\/\/culturaliagz.com\/wp-content\/uploads\/2023\/05\/GN-foto-detalle-2-480x370.jpeg 480w\" sizes=\"auto, (min-width: 0px) and (max-width: 480px) 480px, (min-width: 481px) and (max-width: 980px) 980px, (min-width: 981px) 1024px, 100vw\" \/><\/a><\/figure>\n\n\n\n<figure class=\"wp-block-image size-large\"><a href=\"http:\/\/culturaliagz.com\/wp-content\/uploads\/2023\/05\/GN-foto-detalle-1.jpeg\" target=\"_blank\" rel=\"noreferrer noopener\"><img loading=\"lazy\" decoding=\"async\" width=\"1024\" height=\"725\" data-id=\"12994\" src=\"http:\/\/culturaliagz.com\/wp-content\/uploads\/2023\/05\/GN-foto-detalle-1-1024x725.jpeg\" alt=\"\" class=\"wp-image-12994\" srcset=\"http:\/\/culturaliagz.com\/wp-content\/uploads\/2023\/05\/GN-foto-detalle-1-1024x725.jpeg 1024w, http:\/\/culturaliagz.com\/wp-content\/uploads\/2023\/05\/GN-foto-detalle-1-980x694.jpeg 980w, http:\/\/culturaliagz.com\/wp-content\/uploads\/2023\/05\/GN-foto-detalle-1-480x340.jpeg 480w\" sizes=\"auto, (min-width: 0px) and (max-width: 480px) 480px, (min-width: 481px) and (max-width: 980px) 980px, (min-width: 981px) 1024px, 100vw\" \/><\/a><\/figure>\n<\/figure>\n\n\n\n<p><\/p>\n\n\n\n<p><\/p>\n\n\n\n<p class=\"has-text-align-justify\">A\u00a0<strong><a rel=\"noreferrer noopener\" href=\"https:\/\/agpi.es\/\" target=\"_blank\">Asociaci\u00f3n Galega de Profesionais da Ilustraci\u00f3n (AGPI)<\/a><\/strong>\u00a0vai presentar\u00a0este martes,\u00a09 de maio, na Feira do Libro de Bos Aires, a segunda edici\u00f3n, revisada e ampliada, da s\u00faa\u00a0<strong><a rel=\"noreferrer noopener\" href=\"https:\/\/www.guianinjadoilustrador.org\/\" target=\"_blank\">Gu\u00eda ninja do ilustrador<\/a><\/strong>. O acto vaise desenvolver no stand da Xunta de Galicia \u00e1s 17.30 horas (12.30 hora espa\u00f1ola) e o responsable da presentaci\u00f3n vai ser Alberto Guiti\u00e1n, un dos ilustradores da gu\u00eda e o seu coordinador. Este manual \u201cninja\u201d de apoio a profesionais creativos freelance est\u00e1 dispo\u00f1ible gratuitamente en formato dixital na web\u00a0<a rel=\"noreferrer noopener\" href=\"https:\/\/www.guianinjadoilustrador.org\/\" target=\"_blank\">www.guianinjadoilustrador.org<\/a>\u00a0e axi\u00f1a comezar\u00e1 a s\u00faa distribuci\u00f3n en papel.<\/p>\n\n\n\n<p class=\"has-text-align-justify\">A maior\u00eda dos profesionais da ilustraci\u00f3n son aut\u00f3nomos, o que na pr\u00e1ctica se traduce en que operan como miniempresas. Non s\u00f3 te\u00f1en que crear, sen\u00f3n que deben afrontar cuesti\u00f3ns m\u00e1is prosaicas como a elaboraci\u00f3n de plans de empresa, o negocio de proxectos, a estimaci\u00f3n de orzamentos ou a redacci\u00f3n de contratos e facturas. Tam\u00e9n deben co\u00f1ecer a fondo os dereitos e deberes da s\u00faa creaci\u00f3n art\u00edstica para protexela e poder explotala. E, por se non abondase, han de se manexar nun mercado complexo e protexerse de pr\u00e1cticas abusivas. Para sortearen con \u00e9xito estas dificultades, os ilustradores freelance precisan adestramento e habilidades ninja.<\/p>\n\n\n\n<p class=\"has-text-align-justify\">En 2016, a primeira edici\u00f3n da Gu\u00eda ninja do ilustrador veu encher o baleiro sobre estas cuesti\u00f3ns dun xeito \u00e1xil, con abundantes ilustraci\u00f3ns, infograf\u00edas e enlaces a recursos \u00fatiles para os creativos freelance. A nova edici\u00f3n mant\u00e9n a estrutura de dec\u00e1logo da s\u00faa predecesora pero ve a luz con novidades relativas tanto ao continente como ao contido. As\u00ed, desta volta incorp\u00f3ranse dez vi\u00f1etas ilustradas por Jos\u00e9 Domingo e Alberto Guiti\u00e1n que xogan coa est\u00e9tica e o imaxinario xapon\u00e9s. A versi\u00f3n animada destas vi\u00f1etas estase a difundir nas redes sociais da AGPI como minic\u00e1psulas de v\u00eddeo.<\/p>\n\n\n\n<p class=\"has-text-align-justify\">No que respecta aos contidos, tr\u00e1tanse temas como os concursos especulativos, isto \u00e9, os certames abusivos ou non- \u00e9ticos, ou cuesti\u00f3ns de actualidade como o novo sistema de cotas de aut\u00f3nomo, m\u00e1is equitativo pero ao mesmo tempo m\u00e1is embrollado ca o anterior. Non falta na Gu\u00eda ninja do ilustrador unha parte dedicada \u00e1s intelixencias artificiais gr\u00e1ficas, sistemas cun desenvolvemento exponencial que po\u00f1en en serio perigo a subsistencia de moitos creadores.<\/p>\n\n\n\n<p class=\"has-text-align-justify\">O lanzamento da primeira edici\u00f3n da gu\u00eda estivo marcado por unha extraordinaria acollida, da que dan conta as cifras acadadas: super\u00e1ronse m\u00e1is de 25 000 descargas da versi\u00f3n dixital e o milleiro de exemplares impresos esgotouse en poucos meses. Ademais, foi moi ben acollida por outras asociaci\u00f3ns europeas e mesmo traducida ao italiano e ao turco. O seu lanzamento complementouse con exposici\u00f3ns e charlas en escolas de arte e dese\u00f1o galegas. As claves do seu \u00e9xito vertebr\u00e1ronse nunha comunicaci\u00f3n \u00e1xil, onde o humor e o tratamento visual se aliaban para tratar problem\u00e1ticas globais com\u00fans a case todos os creadores freelance.<\/p>\n\n\n\n<p class=\"has-text-align-justify\">Agora, sete anos m\u00e1is tarde, chega esta nova edici\u00f3n, que baixo o lema \u2018M\u00e1is ninja, my friend\u2019 segue a combater os principais perigos e problemas que rodean a profesi\u00f3n e proporciona ideas sobre como facerlles fronte. A Gu\u00eda ninja do ilustrador tam\u00e9n vai dirixida a estudantes de arte, creativos freelance, clientes, amigos da ilustraci\u00f3n e, sobre todo, \u00e1s persoas que comezan ou queren comezar na profesi\u00f3n. O proxecto est\u00e1 editado coa axuda da Deputaci\u00f3n da Coru\u00f1a e conta co apoio da Conseller\u00eda de Cultura, Educaci\u00f3n e Ordenaci\u00f3n Universitaria da Xunta de Galicia.<\/p>\n\n\n\n<p class=\"has-text-align-justify\">As versi\u00f3ns en PDF da gu\u00eda en galego e en castel\u00e1n est\u00e1n dispo\u00f1ibles para a s\u00faa descarga gratu\u00edta no micrositio <a rel=\"noreferrer noopener\" href=\"https:\/\/www.guianinjadoilustrador.org\/\" target=\"_blank\">www.guianinjadoilustrador.org<\/a>. A versi\u00f3n impresa, editada en galego, estar\u00e1 \u00e1 venda a un prezo simb\u00f3lico de un euro (1 \u20ac) en librar\u00edas e espazos culturais, e distribuirase de xeito gratu\u00edto nas escolas de arte de Galicia. A lista completa de puntos de venda publicarase a partir da segunda quincena de maio. Al\u00e9n diso, a p\u00e1xina actualizarase coas novidades relacionadas cos temas da gu\u00eda, que tam\u00e9n se van difundir a trav\u00e9s da web da AGPI e as s\u00faas redes sociais.<\/p>\n\n\n\n<p><strong>PRESENTACI\u00d3N FEIRA DO LIBRO DE BOS AIRES<\/strong><br>Martes 9\u00a0de maio \u00e1s\u00a017.30 h\u00a0(12.30 hora espa\u00f1ola)<br>Stand da Xunta de Galicia (n\u00ba 1601)<\/p>\n\n\n\n<p><\/p>\n\n\n<a href=\"http:\/\/culturaliagz.com\/wp-content\/uploads\/2023\/05\/20230508-NP-Presentacion-Bos-Aires-Guia-ninja-do-ilustrador.pdf\" class=\"pdfemb-viewer\" style=\"\" data-width=\"max\" data-height=\"max\" data-toolbar=\"bottom\" data-toolbar-fixed=\"off\">20230508-NP-Presentacion-Bos-Aires-Guia-ninja-do-ilustrador<\/a>\n<p class=\"wp-block-pdfemb-pdf-embedder-viewer\"><\/p>\n","protected":false},"excerpt":{"rendered":"<p>Alberto Guiti\u00e1n, coordinador da obra e un dos seus ilustradores, presentar\u00e1 o manual\u00a0este martes, 9 de de maio, no stand da Xunta de Galicia Este manual para combater as pr\u00e1cticas [&hellip;]<\/p>\n","protected":false},"author":1,"featured_media":0,"comment_status":"open","ping_status":"open","sticky":false,"template":"","format":"standard","meta":{"_et_pb_use_builder":"","_et_pb_old_content":"","_et_gb_content_width":"","_jetpack_memberships_contains_paid_content":false,"footnotes":""},"categories":[23,7,129,6,57,1],"tags":[1642,1641,1614],"class_list":["post-12991","post","type-post","status-publish","format-standard","hentry","category-autoresas","category-creacion","category-literaria","category-novas","category-outras-artes","category-xeral","tag-alberto-guitian","tag-feira-do-libro-de-bos-aires","tag-guia-ninja-do-ilustrador"],"jetpack_featured_media_url":"","jetpack_sharing_enabled":true,"_links":{"self":[{"href":"http:\/\/culturaliagz.com\/index.php?rest_route=\/wp\/v2\/posts\/12991","targetHints":{"allow":["GET"]}}],"collection":[{"href":"http:\/\/culturaliagz.com\/index.php?rest_route=\/wp\/v2\/posts"}],"about":[{"href":"http:\/\/culturaliagz.com\/index.php?rest_route=\/wp\/v2\/types\/post"}],"author":[{"embeddable":true,"href":"http:\/\/culturaliagz.com\/index.php?rest_route=\/wp\/v2\/users\/1"}],"replies":[{"embeddable":true,"href":"http:\/\/culturaliagz.com\/index.php?rest_route=%2Fwp%2Fv2%2Fcomments&post=12991"}],"version-history":[{"count":1,"href":"http:\/\/culturaliagz.com\/index.php?rest_route=\/wp\/v2\/posts\/12991\/revisions"}],"predecessor-version":[{"id":12996,"href":"http:\/\/culturaliagz.com\/index.php?rest_route=\/wp\/v2\/posts\/12991\/revisions\/12996"}],"wp:attachment":[{"href":"http:\/\/culturaliagz.com\/index.php?rest_route=%2Fwp%2Fv2%2Fmedia&parent=12991"}],"wp:term":[{"taxonomy":"category","embeddable":true,"href":"http:\/\/culturaliagz.com\/index.php?rest_route=%2Fwp%2Fv2%2Fcategories&post=12991"},{"taxonomy":"post_tag","embeddable":true,"href":"http:\/\/culturaliagz.com\/index.php?rest_route=%2Fwp%2Fv2%2Ftags&post=12991"}],"curies":[{"name":"wp","href":"https:\/\/api.w.org\/{rel}","templated":true}]}}