{"id":12963,"date":"2023-05-03T22:46:07","date_gmt":"2023-05-03T21:46:07","guid":{"rendered":"http:\/\/culturaliagz.com\/?p=12963"},"modified":"2023-05-03T22:47:54","modified_gmt":"2023-05-03T21:47:54","slug":"presentacion-do-libro-as-aldeas-da-memoria-de-baldo-ramos-na-casa-da-cultura-de-vilalba","status":"publish","type":"post","link":"http:\/\/culturaliagz.com\/?p=12963","title":{"rendered":"Presentaci\u00f3n do libro AS ALDEAS DA MEMORIA, de Baldo Ramos, na Casa da Cultura de Vilalba"},"content":{"rendered":"\n<p><\/p>\n\n\n<div class=\"wp-block-image\">\n<figure class=\"aligncenter size-large is-resized\"><a href=\"http:\/\/culturaliagz.com\/wp-content\/uploads\/2023\/05\/cartaz-AS-ALDEAS-DA-MEMORIA.jpg\" target=\"_blank\" rel=\"noreferrer noopener\"><img loading=\"lazy\" decoding=\"async\" src=\"http:\/\/culturaliagz.com\/wp-content\/uploads\/2023\/05\/cartaz-AS-ALDEAS-DA-MEMORIA-1024x1024.jpg\" alt=\"\" class=\"wp-image-12964\" width=\"839\" height=\"839\"\/><\/a><\/figure>\n<\/div>\n\n\n<p><\/p>\n\n\n\n<p><\/p>\n\n\n\n<p><\/p>\n\n\n\n<p class=\"has-text-align-justify\" style=\"font-size:16px\">O <a rel=\"noreferrer noopener\" href=\"https:\/\/estudoschairegos.gal\/\" target=\"_blank\">IESCHA <\/a>organiza, en colaboraci\u00f3n coa <a href=\"https:\/\/www.deputacionlugo.gal\/gl\/a-deputacion\/areasgoberno\/cultura\" target=\"_blank\" rel=\"noreferrer noopener\">Vicepresidencia da Deputaci\u00f3n de Lugo<\/a>, a presentaci\u00f3n do libro de Baldo Ramos, <strong><a href=\"https:\/\/estudoschairegos.gal\/presentacion-de-as-aldeas-da-memoria-de-baldo-ramos-domingo-7-de-maio-de-2023-1900-casa-da-cultura-de-vilalba\/\" target=\"_blank\" rel=\"noreferrer noopener\">As aldeas da memoria<\/a><\/strong>, que ter\u00e1 lugar o domingo 7 de maio de 2023, \u00e1s 19:00, na Casa da Cultura de Vilalba.<\/p>\n\n\n\n<p><\/p>\n\n\n\n<p><\/p>\n\n\n<a href=\"http:\/\/culturaliagz.com\/wp-content\/uploads\/2023\/05\/NOTA_INFORMATIVA_BALDO-RAMOS.pdf\" class=\"pdfemb-viewer\" style=\"\" data-width=\"max\" data-height=\"max\" data-toolbar=\"bottom\" data-toolbar-fixed=\"off\">NOTA_INFORMATIVA_BALDO-RAMOS<\/a>\n<p class=\"wp-block-pdfemb-pdf-embedder-viewer\"><\/p>\n\n\n\n<p><\/p>\n","protected":false},"excerpt":{"rendered":"<p>O IESCHA organiza, en colaboraci\u00f3n coa Vicepresidencia da Deputaci\u00f3n de Lugo, a presentaci\u00f3n do libro de Baldo Ramos, As aldeas da memoria, que ter\u00e1 lugar o domingo 7 de maio [&hellip;]<\/p>\n","protected":false},"author":1,"featured_media":0,"comment_status":"open","ping_status":"open","sticky":false,"template":"","format":"standard","meta":{"_et_pb_use_builder":"","_et_pb_old_content":"","_et_gb_content_width":"","_jetpack_memberships_contains_paid_content":false,"footnotes":""},"categories":[23,7,129,6,57,1],"tags":[769,1630,1503,234,1632,1631],"class_list":["post-12963","post","type-post","status-publish","format-standard","hentry","category-autoresas","category-creacion","category-literaria","category-novas","category-outras-artes","category-xeral","tag-area-de-cultura-vicepresidencia-da-deputacion-provincial-de-lugo","tag-as-aldeas-da-memoria","tag-baldo-ramos","tag-iescha","tag-mano-panforreteiro","tag-nachok"],"jetpack_featured_media_url":"","jetpack_sharing_enabled":true,"_links":{"self":[{"href":"http:\/\/culturaliagz.com\/index.php?rest_route=\/wp\/v2\/posts\/12963","targetHints":{"allow":["GET"]}}],"collection":[{"href":"http:\/\/culturaliagz.com\/index.php?rest_route=\/wp\/v2\/posts"}],"about":[{"href":"http:\/\/culturaliagz.com\/index.php?rest_route=\/wp\/v2\/types\/post"}],"author":[{"embeddable":true,"href":"http:\/\/culturaliagz.com\/index.php?rest_route=\/wp\/v2\/users\/1"}],"replies":[{"embeddable":true,"href":"http:\/\/culturaliagz.com\/index.php?rest_route=%2Fwp%2Fv2%2Fcomments&post=12963"}],"version-history":[{"count":3,"href":"http:\/\/culturaliagz.com\/index.php?rest_route=\/wp\/v2\/posts\/12963\/revisions"}],"predecessor-version":[{"id":12968,"href":"http:\/\/culturaliagz.com\/index.php?rest_route=\/wp\/v2\/posts\/12963\/revisions\/12968"}],"wp:attachment":[{"href":"http:\/\/culturaliagz.com\/index.php?rest_route=%2Fwp%2Fv2%2Fmedia&parent=12963"}],"wp:term":[{"taxonomy":"category","embeddable":true,"href":"http:\/\/culturaliagz.com\/index.php?rest_route=%2Fwp%2Fv2%2Fcategories&post=12963"},{"taxonomy":"post_tag","embeddable":true,"href":"http:\/\/culturaliagz.com\/index.php?rest_route=%2Fwp%2Fv2%2Ftags&post=12963"}],"curies":[{"name":"wp","href":"https:\/\/api.w.org\/{rel}","templated":true}]}}