{"id":12898,"date":"2023-04-27T15:11:48","date_gmt":"2023-04-27T14:11:48","guid":{"rendered":"http:\/\/culturaliagz.com\/?p=12898"},"modified":"2023-04-27T15:11:52","modified_gmt":"2023-04-27T14:11:52","slug":"comeza-o-encontro-mundial-de-humorismo-dez-dias-para-axitar-a-cabeza-coa-comedia","status":"publish","type":"post","link":"http:\/\/culturaliagz.com\/?p=12898","title":{"rendered":"Comeza o Encontro Mundial de Humorismo: dez d\u00edas para axitar a cabeza coa comedia"},"content":{"rendered":"\n<p><\/p>\n\n\n\n<p><\/p>\n\n\n<div class=\"wp-block-image\">\n<figure class=\"aligncenter size-full\"><a href=\"http:\/\/culturaliagz.com\/wp-content\/uploads\/2023\/04\/emhu2023.png\" target=\"_blank\" rel=\"noreferrer noopener\"><img loading=\"lazy\" decoding=\"async\" width=\"851\" height=\"908\" src=\"http:\/\/culturaliagz.com\/wp-content\/uploads\/2023\/04\/emhu2023.png\" alt=\"\" class=\"wp-image-12899\" srcset=\"http:\/\/culturaliagz.com\/wp-content\/uploads\/2023\/04\/emhu2023.png 851w, http:\/\/culturaliagz.com\/wp-content\/uploads\/2023\/04\/emhu2023-480x512.png 480w\" sizes=\"auto, (min-width: 0px) and (max-width: 480px) 480px, (min-width: 481px) 851px, 100vw\" \/><\/a><\/figure>\n<\/div>\n\n\n<p><\/p>\n\n\n\n<p><\/p>\n\n\n\n<p><\/p>\n\n\n\n<p class=\"has-text-align-justify\" style=\"font-size:17px\"><strong>Dez d\u00edas para axitar a cabeza coa comedia: este venres 28 comeza na Coru\u00f1a a terceira edici\u00f3n do Encontro Mundial de Humorismo<\/strong><\/p>\n\n\n\n<p class=\"has-text-align-justify\" style=\"font-size:14px\"><br><strong>O EMHU congregar\u00e1 na cidade as figuras e os espect\u00e1culos m\u00e1is relevantes do panorama humor\u00edstico do momento, nunha cita cuxas entradas est\u00e1n practicamente esgotadas<\/strong><\/p>\n\n\n\n<p class=\"has-text-align-justify\"><strong>Ana Morgade, Dani Rovira, Eva Hache, Eva Soriano, Leo Harlem, Luis Piedrahita, Pantomima Full, S\u00edlvia Abril e Xos\u00e9 A. Touri\u00f1\u00e1n participar\u00e1n en produci\u00f3ns exclusivas que unicamente se poder\u00e1n ver estes d\u00edas na cidade herculina<br><br>As propostas m\u00e1is demandadas polo p\u00fablico, como \u2018Estirando el chicle\u2019, \u2018Buenismo Show\u2019, \u2018La ruina\u2019, \u2018La comedia salv\u00f3 mi vida\u2019, con Ignatius Farray, ou \u2018La capital del pecado 2.0\u2019, con Juan D\u00e1vila, formar\u00e1n parte da programaci\u00f3n do evento<br><br>As \u00faltimas entradas \u00e1 venda para gozar das funci\u00f3ns de \u2018Sin datos no hay para\u00edso\u2019, \u2018As R(h)umorosas, \u2018Ansia viva\u2019 ou \u2018Garabato controlado\u2019 est\u00e1n dispo\u00f1ibles en <\/strong><a href=\"http:\/\/www.emhu.es\"><strong>www.emhu.es<\/strong><\/a><\/p>\n\n\n\n<p><\/p>\n\n\n\n<p><\/p>\n\n\n\n<p><\/p>\n\n\n\n<figure class=\"wp-block-gallery has-nested-images columns-2 is-cropped wp-block-gallery-1 is-layout-flex wp-block-gallery-is-layout-flex\">\n<figure class=\"wp-block-image size-large is-style-default\"><a href=\"http:\/\/culturaliagz.com\/wp-content\/uploads\/2023\/04\/Buenismo-Show.jpg\" target=\"_blank\" rel=\"noreferrer noopener\"><img loading=\"lazy\" decoding=\"async\" width=\"1024\" height=\"683\" data-id=\"12900\" src=\"http:\/\/culturaliagz.com\/wp-content\/uploads\/2023\/04\/Buenismo-Show-1024x683.jpg\" alt=\"\" class=\"wp-image-12900\" srcset=\"http:\/\/culturaliagz.com\/wp-content\/uploads\/2023\/04\/Buenismo-Show-1024x683.jpg 1024w, http:\/\/culturaliagz.com\/wp-content\/uploads\/2023\/04\/Buenismo-Show-980x653.jpg 980w, http:\/\/culturaliagz.com\/wp-content\/uploads\/2023\/04\/Buenismo-Show-480x320.jpg 480w\" sizes=\"auto, (min-width: 0px) and (max-width: 480px) 480px, (min-width: 481px) and (max-width: 980px) 980px, (min-width: 981px) 1024px, 100vw\" \/><\/a><\/figure>\n\n\n\n<figure class=\"wp-block-image size-large\"><a href=\"http:\/\/culturaliagz.com\/wp-content\/uploads\/2023\/04\/Dani-Rovira.jpg\" target=\"_blank\" rel=\"noreferrer noopener\"><img loading=\"lazy\" decoding=\"async\" width=\"683\" height=\"1024\" data-id=\"12902\" src=\"http:\/\/culturaliagz.com\/wp-content\/uploads\/2023\/04\/Dani-Rovira-683x1024.jpg\" alt=\"\" class=\"wp-image-12902\" srcset=\"http:\/\/culturaliagz.com\/wp-content\/uploads\/2023\/04\/Dani-Rovira-683x1024.jpg 683w, http:\/\/culturaliagz.com\/wp-content\/uploads\/2023\/04\/Dani-Rovira-480x720.jpg 480w\" sizes=\"auto, (min-width: 0px) and (max-width: 480px) 480px, (min-width: 481px) 683px, 100vw\" \/><\/a><\/figure>\n\n\n\n<figure class=\"wp-block-image size-large\"><a href=\"http:\/\/culturaliagz.com\/wp-content\/uploads\/2023\/04\/Estirando-el-Chicle.jpg\" target=\"_blank\" rel=\"noreferrer noopener\"><img loading=\"lazy\" decoding=\"async\" width=\"1024\" height=\"1024\" data-id=\"12903\" src=\"http:\/\/culturaliagz.com\/wp-content\/uploads\/2023\/04\/Estirando-el-Chicle-1024x1024.jpg\" alt=\"\" class=\"wp-image-12903\" srcset=\"http:\/\/culturaliagz.com\/wp-content\/uploads\/2023\/04\/Estirando-el-Chicle-1024x1024.jpg 1024w, http:\/\/culturaliagz.com\/wp-content\/uploads\/2023\/04\/Estirando-el-Chicle-980x980.jpg 980w, http:\/\/culturaliagz.com\/wp-content\/uploads\/2023\/04\/Estirando-el-Chicle-480x480.jpg 480w\" sizes=\"auto, (min-width: 0px) and (max-width: 480px) 480px, (min-width: 481px) and (max-width: 980px) 980px, (min-width: 981px) 1024px, 100vw\" \/><\/a><\/figure>\n\n\n\n<figure class=\"wp-block-image size-large\"><a href=\"http:\/\/culturaliagz.com\/wp-content\/uploads\/2023\/04\/Javier-Cansado.jpg\" target=\"_blank\" rel=\"noreferrer noopener\"><img loading=\"lazy\" decoding=\"async\" width=\"683\" height=\"1024\" data-id=\"12901\" src=\"http:\/\/culturaliagz.com\/wp-content\/uploads\/2023\/04\/Javier-Cansado-683x1024.jpg\" alt=\"\" class=\"wp-image-12901\" srcset=\"http:\/\/culturaliagz.com\/wp-content\/uploads\/2023\/04\/Javier-Cansado-683x1024.jpg 683w, http:\/\/culturaliagz.com\/wp-content\/uploads\/2023\/04\/Javier-Cansado-480x720.jpg 480w\" sizes=\"auto, (min-width: 0px) and (max-width: 480px) 480px, (min-width: 481px) 683px, 100vw\" \/><\/a><\/figure>\n<\/figure>\n\n\n\n<p><\/p>\n\n\n\n<p><\/p>\n\n\n\n<p class=\"has-text-align-justify\">O <a href=\"https:\/\/emhu.es\/\" target=\"_blank\" rel=\"noreferrer noopener\">Encontro Mundial de Humorismo<\/a> arrancar\u00e1 este venres 28 na Coru\u00f1a a s\u00faa terceira edici\u00f3n. At\u00e9 o vindeiro 7 de maio, a cidade herculina converterase no epicentro humor\u00edstico do pa\u00eds coa celebraci\u00f3n dunha cita que reunir\u00e1, durante dez d\u00edas, as figuras e os espect\u00e1culos m\u00e1is relevantes do panorama da comedia. M\u00e1is de 30 artistas estar\u00e1n sobre os escenarios dun evento que, coma avanza o seu cartel, procura axitar as mentes a trav\u00e9s do humor, e para o que practicamente non quedan entradas libres.<\/p>\n\n\n\n<p class=\"has-text-align-justify\">Ana Morgade, Carolina Iglesias, Dani Rovira, David Amor, Eva Hache, Eva Soriano, Leo Harlem, Ignatius Farray, Javier Cansado, Javier Veiga, Juan D\u00e1vila, Leo Harlem, Luis Piedrahita, Marta Hazas, Pantomima Full, S\u00edlvia Abril e Xos\u00e9 A. Touri\u00f1\u00e1n estar\u00e1n presentes no evento, que tam\u00e9n contar\u00e1 coa participaci\u00f3n de <em>Buenismo Show <\/em>(con Henar \u00c1lvarez, Manuel Burque e Quique Peinado -nunha funci\u00f3n que supor\u00e1 a estrea do espect\u00e1culo en Galicia-), <em>Estirando el chicle<\/em> (con Carolina Iglesias e Victoria Mart\u00edn -que estar\u00e1n no Castelo de Santo Ant\u00f3n-) ou <em>La Ruina<\/em> (con Ignasi Taltavull e Tom\u00e0s Fuentes -que regresan \u00e1 cidade esta primavera-).<\/p>\n\n\n\n<p class=\"has-text-align-justify\">Ademais, figuras galegas da comedia estrear\u00e1n espect\u00e1culo no marco do EMHU: \u00e9 o caso de Carmen M\u00e9ndez, Ledicia Sola e Marta Doviro, que presentar\u00e1n <em>As R(h)umorosas, <\/em>e Oswaldo Dig\u00f3n, que dar\u00e1 a co\u00f1ecer o seu <em>Ansia viva<\/em>. No Encontro Mundial de Humorismo tam\u00e9n estar\u00e1 o arxentino Juan Barraza, quen presentar\u00e1 por vez primeira en Espa\u00f1a o seu <em>Garabato controlado; e <\/em>\u2018influencers\u2019 como Animalize21, Car de Lorenzo, El Cejas e Xurxo Carre\u00f1o, que volver\u00e1n ao Teatro Col\u00f3n con <em>Sin datos no hay para\u00edso<\/em>. As \u00faltimas entradas dispo\u00f1ibles para estas cinco propostas p\u00f3dense conseguir en <a href=\"http:\/\/www.emhu.es\">www.emhu.es<\/a>.<\/p>\n\n\n\n<p class=\"has-text-align-justify\">A terceira edici\u00f3n do EMHU contar\u00e1 con actividades gratu\u00edtas e de acceso libre. \u00c9 o caso da exposici\u00f3n <em>El Guernica: una vi\u00f1eta universal, humor en la oscuridad<\/em> (desde o 28 de abril e at\u00e9 o 30 de xu\u00f1o na Casa Museo Picasso), a charla <em>Picasso e a caricatura <\/em>(venres 28, 19;00 horas, tam\u00e9n na Casa Museo Picasso) ou a funci\u00f3n da Escuela de Impro Coru\u00f1a (s\u00e1bado 29, 12:30 horas, na sede de Afundaci\u00f3n). Tam\u00e9n forman parte desta programaci\u00f3n paralela citas como o concerto <em>La banda sonora de nuestra risa,<\/em> conducido por Luis Piedrahita e coa interpretaci\u00f3n da Banda Municipal de M\u00fasica da Coru\u00f1a (4 de maio); e a presentaci\u00f3n do programa de Movistar Plus+ <em>Showriano,<\/em> con Eva Soriano, e na que Leo Harlem ser\u00e1 o convidado (5 de maio). Para estas d\u00faas \u00faltimas propostas os convites gratu\u00edtos est\u00e1n esgotados.<\/p>\n\n\n\n<p><strong><br><\/strong><strong>EMHU 2023<\/strong><\/p>\n\n\n\n<p class=\"has-text-align-justify\"><br>O EMHU, promovido polas produtoras Etiqueta Negra (Galicia) e Producciones El Espectador (Madrid) -e que conta co apoio do Concello da Coru\u00f1a, da Xunta de Galicia e de Estrella Galicia- \u00e9 unha das citas de referencia da comedia a nivel estatal tanto pola s\u00faa programaci\u00f3n -pola que pasaron artistas como Andreu Buenafuente, In\u00e9s Hernand e Nerea P\u00e9rez de las Heras ou David Broncano, entre outras- como pola afluencia de p\u00fablicos: no 2022, no que o Coliseum foi unha das principais sedes, o Encontro Mundial do Humorismo sumou m\u00e1is de 19.000 espectadores.<br><br>De cara \u00e1 edici\u00f3n de 2023, o EMHU incl\u00fae, como \u00e9 habitual, a presenza de figuras ic\u00f3nicas en galas de produci\u00f3n propia, creadas exclusivamente para o evento. \u00c9 o caso de <em>Humoris Causa,<\/em> que este ano xuntar\u00e1 a Eva Hache, Dani Rovira, Javier Cansado e Xos\u00e9 A. Touri\u00f1\u00e1n sobre o escenario do Pazo da \u00d3pera o 29 de abril; da nova gala <em>Animus Iocandi,<\/em> coa que o EMHU regresar\u00e1 ao Palexco para que o p\u00fablico escache coa risa da man de Ana Morgade, Eva Soriano, Leo Harlem e S\u00edlvia Abril; ou de <em>Fantastic Colofon,<\/em> a gala de peche do evento, que ter\u00e1 lugar o 7 de maio e que contar\u00e1 con Carolina Iglesias, Pantomima Full e co director art\u00edstico do EMHU, Luis Piedrahita, sobre as t\u00e1boas do Teatro Col\u00f3n. Nesta cita, ademais, entregaranse os Premios EMHU 230: Leo Harlem, Laura Caballero, Siro L\u00f3pez e Carlos Ballarta son os reco\u00f1ecidos nesta edici\u00f3n.<\/p>\n\n\n\n<p class=\"has-text-align-justify\">O Encontro Mundial de Humorismo contar\u00e1 na s\u00faa programaci\u00f3n troncal con alg\u00fans dos<strong> espect\u00e1culos en xira m\u00e1is demandados polo p\u00fablico<\/strong> neste momento. \u00c9 o caso de <em>Buenismo Show<strong>,<\/strong><\/em> cuxa estrea en Galicia ter\u00e1 lugar o 28 de abril no marco do EMHU; ao igual que<em> La capital del pecado 2.0<\/em> de Juan D\u00e1vila, cuxa funci\u00f3n est\u00e1 programada para o 1 de maio; ou <em>Estirando el chicle desde un castillo<\/em>, un programa especial do podcast presentado por Carolina Iglesias e Victoria Mart\u00edn que se gravar\u00e1, ao vivo, na tarde do 30 de abril desde o Castelo de Santo Ant\u00f3n. Ademais, entre as propostas que se poder\u00e1n estes dez d\u00edas na Coru\u00f1a, est\u00e1n <em>La comedia salv\u00f3 mi vida,<\/em> con Ignatius Farray (30 de abril);<em> La Ruina,<\/em> o show de Ignasi Taltavull e Tom\u00e0s Fuentes (6 de maio); e <em>Garabato controlado<\/em> (5 de maio), do arxentino Juan Barraza.<\/p>\n\n\n\n<p class=\"has-text-align-justify\">A comedia galega ter\u00e1 unha importante presenza neste encontro de \u00e1mbito estatal. Al\u00e9n das estreas absolutas de <em>As R(h)umorosas<\/em> e <em>Ansia Viva<\/em>, ou da participaci\u00f3n de Carolina Iglesias, Luis Piedrahita e Rober Bodegas (Pantomima Full) na gala <em>Fantastic Colofon<\/em>, tam\u00e9n conta con selo do pa\u00eds o filme <em>Amigos hasta la muerte,<\/em> a adaptaci\u00f3n cinematogr\u00e1fica que dirixe Javier Veiga sobre a obra teatral e que se proxectar\u00e1 por primeira vez para o p\u00fablico o domingo 30 de abril no Teatro Col\u00f3n, antes da s\u00faa chegada aos cinemas -prevista para o mes de setembro-. A exhibici\u00f3n da pel\u00edcula estar\u00e1 acompa\u00f1ada dunha breve conversa e espect\u00e1culo que contar\u00e1 coa participaci\u00f3n de Marta Hazas, David Amor, Xos\u00e9 A. Touri\u00f1\u00e1n e do propio Veiga.<\/p>\n\n\n\n<p><strong><br><\/strong><strong>APERTURA DA NOVA EDICI\u00d3N<\/strong><\/p>\n\n\n\n<p class=\"has-text-align-justify\">O EMHU 2023 arrancar\u00e1 este vernes, 28 de abril, coa apertura, \u00e1s 11:30 horas, na Casa Museo Picasso, da exposici\u00f3n <em>El Guernica: una vi\u00f1eta universal, humor en la oscuridad; <\/em>unha cita que contar\u00e1 coa participaci\u00f3n da alcaldesa da Coru\u00f1a, In\u00e9s Rey; un dos coordinadores do EMHU e da produtora Etiqueta Negra, Iago Regueiro; e o comisario da exhibici\u00f3n, Juan Garc\u00eda Cerrada, do Instituto Quevedo del Humor. No acto daranse a co\u00f1ecer as ilustraci\u00f3ns de 50 humoristas -gr\u00e1ficos ou esc\u00e9nicos- que participan na mostra, e na que o p\u00fablico poder\u00e1 co\u00f1ecer a reinterpretaci\u00f3n que fan do m\u00edtico cadro de Picasso nomes como Quino, Atxe, Mingote, Gallego y Rey, Elena Ospina, Siro L\u00f3pez, Pinto &amp; Chinto ou at\u00e9 o propio Luis Piedrahita.<br><br>Xa pola tarde deste venres 28, contra \u00e1s 19:00 horas na mesma Casa Museo Picasso, o humorista gr\u00e1fico Siro L\u00f3pez -Premio EMHU Fugas 2023- ofrecer\u00e1 un parladoiro aberto ao p\u00fablico, nomeado <em>Picasso e a caricatura<\/em>, sobre a relaci\u00f3n entre o pintor malague\u00f1o e a disciplina art\u00edstica. E, como peche da primeira xornada e inicio da programaci\u00f3n de espect\u00e1culos, chegar\u00e1 un dos momentos m\u00e1is agardados desta edici\u00f3n: a estrea en Galicia de <em>Buenismo Show,<\/em> o espect\u00e1culo baseado no podcast que presentan Henar \u00c1lvarez, Manuel Burque e Quique Peinado. A cita -para a que xa non quedan entradas dispo\u00f1ibles- ser\u00e1 \u00e1s 21:30 horas no Teatro Col\u00f3n.<br><br>A actividade continuar\u00e1 cunha proposta aberta ao p\u00fablico o s\u00e1bado 29 na sede coru\u00f1esa de Afundaci\u00f3n: o alumnado do curso avanzado da Escola de Impro Coru\u00f1a actuar\u00e1 contra \u00e1s 12:30 horas -entrada libre ata completar a capacidade do auditorio-. Pola tarde, a programaci\u00f3n repartirase en d\u00faas das sedes centrais do EMHU: o Teatro Col\u00f3n (<em>Sin datos no hay para\u00edso<\/em>, 17:00 horas) e o Pazo da \u00d3pera (<em>Humoris Causa<\/em>, dobre funci\u00f3n \u00e1s 19:00 e 22:00 horas).&nbsp; De cara ao domingo, as citas ser\u00e1n no Castelo de Santo Ant\u00f3n (<em>Estirando el chicle en un castillo,<\/em> 16:00 horas) e Teatro Col\u00f3n (<em>Ignatius Farray: La comedia salv\u00f3 mi vida, <\/em>18:00 horas, e <em>Amigos hasta la muerte,<\/em> 20:30 horas). A fin de semana festiva, que incl\u00fae o 1 de maio, pecharase con outra das citas m\u00e1is relevantes desta edici\u00f3n, cuxas entradas se esgotaron nuns minutos: a estrea en Galicia de <em>La capital del pecado 2.0, de Juan D\u00e1vila<\/em>. A cita ser\u00e1 o luns 1 no Teatro Col\u00f3n (19:30 horas).<\/p>\n\n\n\n<p class=\"has-text-align-justify\"><strong><u>HORARIOS PROGRAMACI\u00d3N EMHU 2023<\/u><\/strong><strong><br><br>Venres 28 de abril<br><\/strong>11:30 horas | Casa Picasso: <em><strong>El Guernica: una vi\u00f1eta universal, humor en la oscuridad <\/strong><\/em>(apertura)<br>19:00 horas | Casa Picasso: <em><strong>Picasso e a caricatura <\/strong><\/em>(acceso libre ata completar capacidade)<br>21:30 horas | Teatro Col\u00f3n: <em><strong>Buenismo Show<\/strong><\/em><strong> <\/strong>(estrea en Galicia)<\/p>\n\n\n\n<p><strong>S\u00e1bado 29 de abril<\/strong><strong><br><\/strong>12:30 horas | Afundaci\u00f3n: <em><strong>Escuela de Impro Coru\u00f1a <\/strong><\/em>(acceso libre ata completar capacidade)<strong><br><\/strong>17:00 horas | Teatro Col\u00f3n: <em><strong>Sin datos no hay para\u00edso<\/strong><\/em><strong><em><br><\/em><\/strong>19:00 horas | Pazo da \u00d3pera: <em><strong>Humoris Causa<\/strong><\/em><strong><em><br><\/em><\/strong>22:00 horas | Pazo da \u00d3pera: <em><strong>Humoris Causa<\/strong><\/em><\/p>\n\n\n\n<p><strong>Domingo 30 de abril<\/strong><strong><br><\/strong>16:00 horas | Castelo de Santo Ant\u00f3n: <em><strong>Estirando el chicle en un castillo<\/strong><\/em><strong><em><br><\/em><\/strong>18:00 horas | Teatro Col\u00f3n: <em><strong>Ignatius Farray: La comedia salv\u00f3 mi vida<\/strong><\/em><strong><em><br><\/em><\/strong>20:30 horas | Teatro Col\u00f3n: <em><strong>Amigos hasta la muerte<\/strong><\/em><\/p>\n\n\n\n<p><strong>Luns 1 de maio<\/strong><strong><br><\/strong>19:30 horas | Teatro Col\u00f3n: <em><strong>Juan D\u00e1vila: La capital del pecado 2.0<\/strong><\/em><strong> <\/strong>(estrea en Galicia)<\/p>\n\n\n\n<p><strong>M\u00e9rcores 3 de maio<\/strong><strong><br><\/strong>19:30 horas | Afundaci\u00f3n: <em><strong>As R(h)umorosas<\/strong><\/em> (estrea absoluta)<\/p>\n\n\n\n<p><strong>Xoves 4 de maio<\/strong><strong><br><\/strong>19:30 horas | Teatro Col\u00f3n:<em><strong> La banda sonora de nuestra risa<\/strong><\/em><strong><br><\/strong>21:00 horas | Afundaci\u00f3n: <em><strong>Ansia viva<\/strong><\/em> (estrea absoluta)<\/p>\n\n\n\n<p><strong>Venres 5 de maio<\/strong><strong><br><\/strong>19:30 horas | Afundaci\u00f3n: <em><strong>Juan Barraza: Garabato controlado<\/strong><\/em> (estrea en Espa\u00f1a)<br>21:00 horas | Teatro Col\u00f3n: <em><strong>Showriano<\/strong><\/em><\/p>\n\n\n\n<p><strong>S\u00e1bado 6 de maio<\/strong><strong><br><\/strong>12:30 horas | Teatro Col\u00f3n: <em><strong>La Ruina<\/strong><\/em><strong><em><br><\/em><\/strong>19:00 horas | Palexco: <em><strong>Animus Iocandi<\/strong><\/em> (estrea absoluta)<br>22:00 horas | Palexco: <em><strong>Animus Iocandi<\/strong><\/em><\/p>\n\n\n\n<p><strong>Domingo 7 de maio<br><\/strong>20:00 horas | Teatro Col\u00f3n: <em><strong>Fantastic Colofon<\/strong><\/em><\/p>\n\n\n\n<p><\/p>\n\n\n<a href=\"http:\/\/culturaliagz.com\/wp-content\/uploads\/2023\/04\/20230427-Comeza-o-EMHU-2023.pdf\" class=\"pdfemb-viewer\" style=\"\" data-width=\"max\" data-height=\"max\" data-toolbar=\"bottom\" data-toolbar-fixed=\"off\">20230427-Comeza-o-EMHU-2023<\/a>\n<p class=\"wp-block-pdfemb-pdf-embedder-viewer\"><\/p>\n","protected":false},"excerpt":{"rendered":"<p>Dez d\u00edas para axitar a cabeza coa comedia: este venres 28 comeza na Coru\u00f1a a terceira edici\u00f3n do Encontro Mundial de Humorismo O EMHU congregar\u00e1 na cidade as figuras e [&hellip;]<\/p>\n","protected":false},"author":1,"featured_media":0,"comment_status":"open","ping_status":"open","sticky":false,"template":"","format":"standard","meta":{"_et_pb_use_builder":"","_et_pb_old_content":"","_et_gb_content_width":"","_jetpack_memberships_contains_paid_content":false,"footnotes":""},"categories":[23,7,6,57,1],"tags":[1492],"class_list":["post-12898","post","type-post","status-publish","format-standard","hentry","category-autoresas","category-creacion","category-novas","category-outras-artes","category-xeral","tag-encontro-mundial-de-humorismo"],"jetpack_featured_media_url":"","jetpack_sharing_enabled":true,"_links":{"self":[{"href":"http:\/\/culturaliagz.com\/index.php?rest_route=\/wp\/v2\/posts\/12898","targetHints":{"allow":["GET"]}}],"collection":[{"href":"http:\/\/culturaliagz.com\/index.php?rest_route=\/wp\/v2\/posts"}],"about":[{"href":"http:\/\/culturaliagz.com\/index.php?rest_route=\/wp\/v2\/types\/post"}],"author":[{"embeddable":true,"href":"http:\/\/culturaliagz.com\/index.php?rest_route=\/wp\/v2\/users\/1"}],"replies":[{"embeddable":true,"href":"http:\/\/culturaliagz.com\/index.php?rest_route=%2Fwp%2Fv2%2Fcomments&post=12898"}],"version-history":[{"count":3,"href":"http:\/\/culturaliagz.com\/index.php?rest_route=\/wp\/v2\/posts\/12898\/revisions"}],"predecessor-version":[{"id":12907,"href":"http:\/\/culturaliagz.com\/index.php?rest_route=\/wp\/v2\/posts\/12898\/revisions\/12907"}],"wp:attachment":[{"href":"http:\/\/culturaliagz.com\/index.php?rest_route=%2Fwp%2Fv2%2Fmedia&parent=12898"}],"wp:term":[{"taxonomy":"category","embeddable":true,"href":"http:\/\/culturaliagz.com\/index.php?rest_route=%2Fwp%2Fv2%2Fcategories&post=12898"},{"taxonomy":"post_tag","embeddable":true,"href":"http:\/\/culturaliagz.com\/index.php?rest_route=%2Fwp%2Fv2%2Ftags&post=12898"}],"curies":[{"name":"wp","href":"https:\/\/api.w.org\/{rel}","templated":true}]}}