{"id":12859,"date":"2023-04-25T15:54:07","date_gmt":"2023-04-25T14:54:07","guid":{"rendered":"http:\/\/culturaliagz.com\/?p=12859"},"modified":"2023-04-25T15:54:11","modified_gmt":"2023-04-25T14:54:11","slug":"brais-das-hortas-este-sabado-29-na-casa-museo-manuel-maria-co-seu-concertasso-na-horta","status":"publish","type":"post","link":"http:\/\/culturaliagz.com\/?p=12859","title":{"rendered":"Brais das Hortas este s\u00e1bado 29 na Casa-Museo Manuel Mar\u00eda co seu &#8220;Concertasso na horta&#8221;"},"content":{"rendered":"\n<p><\/p>\n\n\n<div class=\"wp-block-image\">\n<figure class=\"aligncenter size-large\"><a href=\"http:\/\/culturaliagz.com\/wp-content\/uploads\/2023\/04\/consertasso23-formato-eventofacebook2b.jpg\" target=\"_blank\" rel=\"noreferrer noopener\"><img loading=\"lazy\" decoding=\"async\" width=\"1024\" height=\"536\" src=\"http:\/\/culturaliagz.com\/wp-content\/uploads\/2023\/04\/consertasso23-formato-eventofacebook2b-1024x536.jpg\" alt=\"\" class=\"wp-image-12860\" srcset=\"http:\/\/culturaliagz.com\/wp-content\/uploads\/2023\/04\/consertasso23-formato-eventofacebook2b-1024x536.jpg 1024w, http:\/\/culturaliagz.com\/wp-content\/uploads\/2023\/04\/consertasso23-formato-eventofacebook2b-980x513.jpg 980w, http:\/\/culturaliagz.com\/wp-content\/uploads\/2023\/04\/consertasso23-formato-eventofacebook2b-480x251.jpg 480w\" sizes=\"auto, (min-width: 0px) and (max-width: 480px) 480px, (min-width: 481px) and (max-width: 980px) 980px, (min-width: 981px) 1024px, 100vw\" \/><\/a><\/figure>\n<\/div>\n\n\n<p><\/p>\n\n\n\n<p><\/p>\n\n\n\n<p class=\"has-text-align-justify\"><strong>O P\u00daBLICO INFANTIL E FAMILIAR PODER\u00c1 ESTE S\u00c1BADO, NA CASA-MUSEO MANUEL MAR\u00cdA, GOZAR CON BRAIS DAS HORTAS E O SEU ESPECT\u00c1CULO MUSICAL &#8220;CONSERTASSO NA HORTA&#8221;<\/strong><\/p>\n\n\n\n<p class=\"has-text-align-justify\">O auditorio da <a href=\"http:\/\/www.casamuseomanuelmaria.gal\/portada.htm;jsessionid=1829E48102B8DFAFBB753D0BDE0F9A8B\" target=\"_blank\" rel=\"noreferrer noopener\">Casa-Museo Manuel Mar\u00eda<\/a> acolle este s\u00e1bado, 29 de abril,\u00a0\u00e1s 17 horas, o espect\u00e1culo, para p\u00fablico infantil e familiar,<a href=\"http:\/\/www.casamuseomanuelmaria.gal\/actividades\/brais-das-hortas-trae-a-casa-de-hortas-casa-museo-manuel-maria-o-seu-consertasso-na-horta.htm?tipo=ACTIVIDADE\" target=\"_blank\" rel=\"noreferrer noopener\"> &#8220;Consertasso na horta&#8221;<\/a> de Brais das Hortas.<\/p>\n\n\n\n<p class=\"has-text-align-justify\">Grelos e temazos, cun equilibrio variado de formas e estilos &#8211; como debe ser nun ecosistema musical diverso e saud\u00e1bel! A Santa Compa\u00f1a apar\u00e9cese entre as patacas cantando un<em>&nbsp;trap<\/em>. Hai unha pulga punk da praia de Lim\u00e9ns. As cabras tiran para o monte e os caracois reivindican o seu ritmo: o&nbsp;<em>reggae<\/em>. Entre as cenouras, os lagartos toman o sol ao son dun&nbsp;<em>tumbao<\/em>&nbsp;-\u00e9 o propio!- e os kiwis non paran de brotar bailando&nbsp;<em>ska<\/em>. Tam\u00e9n hai sitio para os so\u00f1os, coma o de ser astronauta, ou para pedirlle axuda \u00e1 veci\u00f1anza para botarlle o sulfato \u00e1s vi\u00f1as. E m\u00e1is temazos entre guitarrazos, charangazos e un lote de instrumentazos m\u00e1is. M\u00fasica e humor para toda a familia. Letras e arranxos coidados para sementar e apa\u00f1ar risos e ganas de cantar xuntas.<\/p>\n\n\n\n<p class=\"has-text-align-justify\">Billete: 2 euros. \u00c9 necesario reservar en\u00a0<a rel=\"noreferrer noopener\" href=\"mailto:contacto@casamuseomanuelmaria.gal\" target=\"_blank\">contacto@casamuseomanuelmaria.gal<\/a>\u00a0ou a trav\u00e9s do whatsapp 698177621<\/p>\n\n\n\n<p><\/p>\n\n\n\n<p><\/p>\n\n\n\n<figure class=\"wp-block-embed is-type-video is-provider-youtube wp-block-embed-youtube wp-embed-aspect-16-9 wp-has-aspect-ratio\"><div class=\"wp-block-embed__wrapper\">\n<iframe loading=\"lazy\" title=\"BRAIS DAS HORTAS - Consertasso na Horta\" width=\"1080\" height=\"608\" src=\"https:\/\/www.youtube.com\/embed\/QdRiOnjO6DM?feature=oembed\" frameborder=\"0\" allow=\"accelerometer; autoplay; clipboard-write; encrypted-media; gyroscope; picture-in-picture; web-share\" allowfullscreen><\/iframe>\n<\/div><\/figure>\n","protected":false},"excerpt":{"rendered":"<p>O P\u00daBLICO INFANTIL E FAMILIAR PODER\u00c1 ESTE S\u00c1BADO, NA CASA-MUSEO MANUEL MAR\u00cdA, GOZAR CON BRAIS DAS HORTAS E O SEU ESPECT\u00c1CULO MUSICAL &#8220;CONSERTASSO NA HORTA&#8221; O auditorio da Casa-Museo Manuel [&hellip;]<\/p>\n","protected":false},"author":1,"featured_media":0,"comment_status":"open","ping_status":"open","sticky":false,"template":"","format":"standard","meta":{"_et_pb_use_builder":"","_et_pb_old_content":"","_et_gb_content_width":"","_jetpack_memberships_contains_paid_content":false,"footnotes":""},"categories":[23,7,6,57,1],"tags":[1460,190,1461],"class_list":["post-12859","post","type-post","status-publish","format-standard","hentry","category-autoresas","category-creacion","category-novas","category-outras-artes","category-xeral","tag-brais-das-hortas","tag-casa-museo-manuel-maria","tag-concertasso-na-horta"],"jetpack_featured_media_url":"","jetpack_sharing_enabled":true,"_links":{"self":[{"href":"http:\/\/culturaliagz.com\/index.php?rest_route=\/wp\/v2\/posts\/12859","targetHints":{"allow":["GET"]}}],"collection":[{"href":"http:\/\/culturaliagz.com\/index.php?rest_route=\/wp\/v2\/posts"}],"about":[{"href":"http:\/\/culturaliagz.com\/index.php?rest_route=\/wp\/v2\/types\/post"}],"author":[{"embeddable":true,"href":"http:\/\/culturaliagz.com\/index.php?rest_route=\/wp\/v2\/users\/1"}],"replies":[{"embeddable":true,"href":"http:\/\/culturaliagz.com\/index.php?rest_route=%2Fwp%2Fv2%2Fcomments&post=12859"}],"version-history":[{"count":3,"href":"http:\/\/culturaliagz.com\/index.php?rest_route=\/wp\/v2\/posts\/12859\/revisions"}],"predecessor-version":[{"id":12863,"href":"http:\/\/culturaliagz.com\/index.php?rest_route=\/wp\/v2\/posts\/12859\/revisions\/12863"}],"wp:attachment":[{"href":"http:\/\/culturaliagz.com\/index.php?rest_route=%2Fwp%2Fv2%2Fmedia&parent=12859"}],"wp:term":[{"taxonomy":"category","embeddable":true,"href":"http:\/\/culturaliagz.com\/index.php?rest_route=%2Fwp%2Fv2%2Fcategories&post=12859"},{"taxonomy":"post_tag","embeddable":true,"href":"http:\/\/culturaliagz.com\/index.php?rest_route=%2Fwp%2Fv2%2Ftags&post=12859"}],"curies":[{"name":"wp","href":"https:\/\/api.w.org\/{rel}","templated":true}]}}