{"id":12817,"date":"2023-04-18T23:44:21","date_gmt":"2023-04-18T22:44:21","guid":{"rendered":"http:\/\/culturaliagz.com\/?p=12817"},"modified":"2023-04-18T23:49:26","modified_gmt":"2023-04-18T22:49:26","slug":"o-proxecto-lugares-salienta-o-valor-das-comunidades-locais-e-da-hibridacion-de-disciplinas-para-transformar-o-camino-de-santiago","status":"publish","type":"post","link":"http:\/\/culturaliagz.com\/?p=12817","title":{"rendered":"O Proxecto Lugares salienta o valor das comunidades locais e da hibridaci\u00f3n de disciplinas para transformar o Cami\u00f1o De Santiago"},"content":{"rendered":"\n<p><\/p>\n\n\n<div class=\"wp-block-image\">\n<figure class=\"aligncenter size-large\"><a href=\"http:\/\/culturaliagz.com\/wp-content\/uploads\/2023\/04\/20230418-Proxecto-Lugares-Mesa-redonda.jpeg\"><img loading=\"lazy\" decoding=\"async\" width=\"1024\" height=\"683\" src=\"http:\/\/culturaliagz.com\/wp-content\/uploads\/2023\/04\/20230418-Proxecto-Lugares-Mesa-redonda-1024x683.jpeg\" alt=\"\" class=\"wp-image-12818\" srcset=\"http:\/\/culturaliagz.com\/wp-content\/uploads\/2023\/04\/20230418-Proxecto-Lugares-Mesa-redonda-1024x683.jpeg 1024w, http:\/\/culturaliagz.com\/wp-content\/uploads\/2023\/04\/20230418-Proxecto-Lugares-Mesa-redonda-980x654.jpeg 980w, http:\/\/culturaliagz.com\/wp-content\/uploads\/2023\/04\/20230418-Proxecto-Lugares-Mesa-redonda-480x320.jpeg 480w\" sizes=\"auto, (min-width: 0px) and (max-width: 480px) 480px, (min-width: 481px) and (max-width: 980px) 980px, (min-width: 981px) 1024px, 100vw\" \/><\/a><\/figure>\n<\/div>\n\n\n<p><\/p>\n\n\n\n<p class=\"has-text-align-justify\"><strong>O Proxecto Lugares salienta o valor das comunidades locais, da experimentaci\u00f3n&nbsp;e da hibridaci\u00f3n de disciplinas \u00e1 hora de transformar,&nbsp;dun xeito sostible, o Cami\u00f1o de Santiago<\/strong><br><br><strong>A iniciativa, impulsada pola Xunta de Galicia e pola Fundaci\u00f3n \u201cLa Caixa\u201d,&nbsp;celebra este martes en Palas de Rei a primeira xornada dun espazo de debate&nbsp;e pensamento no que participan m\u00e1is de vinte profesionais da arquitectura,&nbsp;da paisaxe, do dese\u00f1o, da artesan\u00eda e da comunicaci\u00f3n&nbsp;<\/strong><\/p>\n\n\n\n<p class=\"has-text-align-justify\"><strong>O seminario continuar\u00e1 ma\u00f1\u00e1 m\u00e9rcores 19 coa presentaci\u00f3n&nbsp;dunha serie de boas pr\u00e1cticas \u00e1 hora de dese\u00f1ar e realizar novas intervenci\u00f3ns&nbsp;no espazo p\u00fablico polo que transita o Cami\u00f1o de Santiago<\/strong><\/p>\n\n\n\n<p class=\"has-text-align-justify\"><strong>A alcaldesa de Larouco e a directora da Axencia Turismo de Galicia recibir\u00e1n ma\u00f1\u00e1&nbsp;pola tarde, nas covas de Seadur, ao grupo de expertas que traballar\u00e1&nbsp;durante toda a semana na comarca de Valdeorras<\/strong><\/p>\n\n\n\n<p><\/p>\n\n\n\n<p><\/p>\n\n\n\n<figure class=\"wp-block-gallery has-nested-images columns-default is-cropped wp-block-gallery-1 is-layout-flex wp-block-gallery-is-layout-flex\">\n<figure class=\"wp-block-image size-large\"><a href=\"http:\/\/culturaliagz.com\/wp-content\/uploads\/2023\/04\/20230418-Proxecto-Lugares-Natalia-Balseiro.jpeg\" target=\"_blank\" rel=\"noreferrer noopener\"><img loading=\"lazy\" decoding=\"async\" width=\"1024\" height=\"683\" data-id=\"12819\" src=\"http:\/\/culturaliagz.com\/wp-content\/uploads\/2023\/04\/20230418-Proxecto-Lugares-Natalia-Balseiro-1024x683.jpeg\" alt=\"\" class=\"wp-image-12819\" srcset=\"http:\/\/culturaliagz.com\/wp-content\/uploads\/2023\/04\/20230418-Proxecto-Lugares-Natalia-Balseiro-1024x683.jpeg 1024w, http:\/\/culturaliagz.com\/wp-content\/uploads\/2023\/04\/20230418-Proxecto-Lugares-Natalia-Balseiro-980x654.jpeg 980w, http:\/\/culturaliagz.com\/wp-content\/uploads\/2023\/04\/20230418-Proxecto-Lugares-Natalia-Balseiro-480x320.jpeg 480w\" sizes=\"auto, (min-width: 0px) and (max-width: 480px) 480px, (min-width: 481px) and (max-width: 980px) 980px, (min-width: 981px) 1024px, 100vw\" \/><\/a><figcaption class=\"wp-element-caption\">Natalia Balseiro<\/figcaption><\/figure>\n\n\n\n<figure class=\"wp-block-image size-large\"><a href=\"http:\/\/culturaliagz.com\/wp-content\/uploads\/2023\/04\/20230418-Proxecto-Lugares-Susan-Santos_Amador-Sande_Marta-Barrera-.jpeg\" target=\"_blank\" rel=\"noreferrer noopener\"><img loading=\"lazy\" decoding=\"async\" width=\"1024\" height=\"683\" data-id=\"12820\" src=\"http:\/\/culturaliagz.com\/wp-content\/uploads\/2023\/04\/20230418-Proxecto-Lugares-Susan-Santos_Amador-Sande_Marta-Barrera--1024x683.jpeg\" alt=\"\" class=\"wp-image-12820\" srcset=\"http:\/\/culturaliagz.com\/wp-content\/uploads\/2023\/04\/20230418-Proxecto-Lugares-Susan-Santos_Amador-Sande_Marta-Barrera--1024x683.jpeg 1024w, http:\/\/culturaliagz.com\/wp-content\/uploads\/2023\/04\/20230418-Proxecto-Lugares-Susan-Santos_Amador-Sande_Marta-Barrera--980x654.jpeg 980w, http:\/\/culturaliagz.com\/wp-content\/uploads\/2023\/04\/20230418-Proxecto-Lugares-Susan-Santos_Amador-Sande_Marta-Barrera--480x320.jpeg 480w\" sizes=\"auto, (min-width: 0px) and (max-width: 480px) 480px, (min-width: 481px) and (max-width: 980px) 980px, (min-width: 981px) 1024px, 100vw\" \/><\/a><figcaption class=\"wp-element-caption\">Susan Santos Amado<\/figcaption><\/figure>\n<\/figure>\n\n\n\n<p><\/p>\n\n\n\n<p><\/p>\n\n\n\n<p class=\"has-text-align-justify\">O Castelo de Pambre acolle este martes 18 a apertura do&nbsp;&nbsp;<strong><em>Proxecto Lugares,<\/em><\/strong>&nbsp;unha iniciativa innovadora impulsada pola Xunta de Galicia e pola Fundaci\u00f3n \u201cLa Caixa\u201d para transformar, dun xeito colaborativo e sostible, o espazo p\u00fablico do Cami\u00f1o de Santiago. Ao longo de toda esta semana, e nun \u00e1mbito de actuaci\u00f3n que abrangue os municipios de Palas de Rei e Larouco,&nbsp;<strong>m\u00e1is dunha vintena de profesionais da arquitectura, da paisaxe, do dese\u00f1o e da artesan\u00eda<\/strong>&nbsp;debatir\u00e1n, pensar\u00e1n e dese\u00f1ar\u00e1n, da man da&nbsp;<strong>comunidade local da Ulloa e de Valdeorras,<\/strong>&nbsp;posibles intervenci\u00f3ns para implantar no territorio.&nbsp;<\/p>\n\n\n\n<p class=\"has-text-align-justify\"><br>A comisaria da iniciativa,&nbsp;<strong>Natalia Balseiro<\/strong>, salientou esta ma\u00f1\u00e1 o car\u00e1cter innovador do proxecto, tanto pola&nbsp;<strong>mirada transdisciplinar&nbsp;<\/strong>do mesmo -que a\u00fana nun mesmo proceso arquitectura, paisaxe, dese\u00f1o, artesan\u00eda, comunicaci\u00f3n e mediaci\u00f3n- como da&nbsp;<strong>metodolox\u00eda&nbsp;<\/strong>aplicada desde a s\u00faa concepci\u00f3n. \u201cUn dos principais valores do proxecto reside no seu proceso ou desenvolvemento. A innovaci\u00f3n desde a conversa, o pensamento, a investigaci\u00f3n e pr\u00e1ctica ou mesmo desde a publicaci\u00f3n dos resultados deste traballo, coa intenci\u00f3n, ademais, de que se poida replicar noutros lugares ou momentos\u201d. Neste sentido, Balseiro destacou o&nbsp;<strong>car\u00e1cter cultural de Proxecto Lugares e a s\u00faa implicaci\u00f3n co territorio.&nbsp;&nbsp;<\/strong>\u201cEntendemos a cultura como unha ferramenta para xerar e afianzar os lazos entre as comunidades. E con Lugares queremos precisamente relacionar \u00e1s expertas coas axentes locais para implicalas na transformaci\u00f3n do&nbsp;&nbsp;territorio que habitan\u201d, afirmou.&nbsp;&nbsp;<br><br>O tenente de alcalde de Palas de Rei, Amador Sande, a responsable territorial da Fundaci\u00f3n \u201cLa Caixa\u201d, Susan Santos; e a secretaria territorial da Xunta de Galicia en Lugo, Marta Barreiro, foron as responsables de dar a benvida \u00e1s e aos asistentes ao seminario. Ao longo da ma\u00f1\u00e1 suced\u00e9ronse as intervenci\u00f3ns de expertas e expertos. Foi o caso do director da Fundaci\u00f3n Juana de Vega,&nbsp;<strong>Jos\u00e9 Manuel Andrade<\/strong>, quen&nbsp;defendeu a oportunidade que sup\u00f3n o Cami\u00f1o de Santiago para o desenvolvemento das \u00e1reas rurais. Concretamente, Andrade defendeu \u201ca alta calidade paisax\u00edstica\u201d das zonas polas que decorre a ruta xacobea \u201cgrazas \u00e1 actividade agr\u00edcola e gandeira\u201d posta en marcha pola veci\u00f1anza que se dedica \u00e1 gandeir\u00eda, e que definiu como \u201cos xestores do territorio\u201d. \u201cHoxe en d\u00eda o 50% das explotaci\u00f3ns agrarias est\u00e1n dirixidas por persoas dunha media de idade de m\u00e1is de 60 anos. O reto para manter e preservar esta calidade paisax\u00edstica en Galicia \u00e9 o relevo xeracional. O Cami\u00f1o pode contribu\u00edr \u00e1 sostibilidade social dos territorios e revalorizar o rural\u201d, aseverou o experto.&nbsp;<br><br>Pola s\u00faa banda, a bioenxe\u00f1eira e paisaxista&nbsp;<strong>Paola Sangalli&nbsp;<\/strong>apuntou \u00e1 necesidade de pensar na beleza \u00e1 hora de repensar e recuperar a paisaxe tanto en \u00e1reas rurais coma urbanas. Neste sentido, avogou por soluci\u00f3ns sostibles e baseadas na natureza, \u201cque son as que realmente nos permitir\u00e1n facer frente aos desequilibrios ou desaf\u00edos como o da emerxencia clim\u00e1tica\u201d. Pola s\u00faa banda, a mediadora cultural&nbsp;<strong>Amparo Moro\u00f1o&nbsp;<\/strong>avanzou, na s\u00faa ponencia, que a paisaxe \u00e9 un espazo de pensamento, no que traballar coas e cos artistas, pero moi especialmente coas e cos habitantes do territorio, \u201cquen realmente constr\u00fae a propia paisaxe\u201d. \u201cO di\u00e1logo cultural, as pr\u00e1cticas art\u00edsticas colaborativas e o pensamento colectivo son partes fundamentais da metodolox\u00eda dos procesos de mediaci\u00f3n no territorio para favorecer a s\u00faa transformaci\u00f3n\u201d, dixo.&nbsp;<br><br>A primeira xornada do Seminario do Proxecto Lugares conta con catro mesas redondas, que abordan diferentes intervenci\u00f3ns arquitect\u00f3nicas, paisax\u00edsticas e art\u00edsticas contempor\u00e1neas no espazo p\u00fablico do Cami\u00f1o de Santiago. Na primeira delas, titulada&nbsp;<em>Achegamentos, referencias, t\u00e9cnicas e perspectivas desde as diferentes linguaxes da arquitectura, da artesan\u00eda, da paisaxe e do dese\u00f1o<\/em>, estivo moderada pola xornalista de El Pa\u00eds e historiadora da arte&nbsp;<strong>Anatxu Zabalbeascoa<\/strong>&nbsp;e contou coa presenza e as experiencias achegadas pola paisaxista&nbsp;<strong>Paola Sangalli,&nbsp;<\/strong>a artes\u00e1&nbsp;<strong>In\u00e9s Rir<\/strong>, a arquitecta e mediadora&nbsp;<strong>Ma\u00e9 Durant&nbsp;<\/strong>e a dese\u00f1adora&nbsp;<strong>Uqui Permui.&nbsp;<\/strong>A beleza e a \u00e9tica do sostible, a xeraci\u00f3n de espazos que coiden das persoas ou a participaci\u00f3n directa por parte da veci\u00f1anza nos proxectos de transformaci\u00f3n no espazo p\u00fablico foron algunhas das li\u00f1as destacadas desta mesa.<strong><br><br><\/strong>Durante toda a xornada abordaranse cuesti\u00f3ns como&nbsp;<em>Achegamentos ao patrimonio desde a arquitectura<\/em>, na que conversar\u00e1n&nbsp;<strong>Ariadna Cantis&nbsp;<\/strong>(comunicadora e arquitecta),&nbsp;<strong>Carlos Pita&nbsp;<\/strong>(arquitecto),&nbsp;<strong>Pedro Calaza&nbsp;<\/strong>(director da Escola Galega de Paisaxe) e&nbsp;<strong>Paola Sangalli<\/strong>; ou&nbsp;<em>Linguaxes, escalas, materiais. Un cami\u00f1o cara \u00e1 sostibilidade,<\/em>&nbsp;con&nbsp;<strong>Ana Amado<\/strong>&nbsp;(arquitecta),&nbsp;<strong>Izaskun Chinchilla<\/strong>&nbsp;(arquitecta),&nbsp;<strong>Carlos Seoane<\/strong>&nbsp;(arquitecto) e&nbsp;<strong>Ver\u00f3nica Moar<\/strong>&nbsp;(artes\u00e1). Finalmente,&nbsp;<strong>Ariadna Cantis&nbsp;<\/strong>(comunicadora e arquitecta),&nbsp;<strong>Estelle Jullian&nbsp;<\/strong>(artista),&nbsp;<strong>Mar\u00eda Fandi\u00f1o&nbsp;<\/strong>(arquitecta) e&nbsp;<strong>Julia de la Cal&nbsp;<\/strong>(artes\u00e1) falar\u00e1n arredor das intervenci\u00f3ns situadas, a conexi\u00f3n co territorio e coas comunidades locais.&nbsp;<\/p>\n\n\n\n<p class=\"has-text-align-justify\"><strong><br><br>Segunda xornada de seminario e inicio do taller en Seadur<br><br><\/strong>Este m\u00e9rcores, 19 de abril, o Castelo de Pambre acoller\u00e1 -en horario de ma\u00f1\u00e1- a segunda xornada do seminario. Xa pola tarde, o grupo desprazarase at\u00e9 a comarca de Valdeorras, concretamente ao concello de Larouco, no que o xoves 20 dar\u00e1 comezo o taller do Proxecto Lugares nas covas de Seadur. \u00c1 s\u00faa chegada, contra \u00e1s 18.00 horas, as e os participantes ser\u00e1n recibidos pola alcaldesa do municipio, Patricia Lamela, e a directora da Axencia Turismo de Galicia, Nava Castro.<\/p>\n\n\n\n<p><\/p>\n\n\n<a href=\"http:\/\/culturaliagz.com\/wp-content\/uploads\/2023\/04\/AXENDA-E-PARTICIPANTES-18-e-19-de-abril.pdf\" class=\"pdfemb-viewer\" style=\"\" data-width=\"max\" data-height=\"max\" data-toolbar=\"bottom\" data-toolbar-fixed=\"off\">AXENDA-E-PARTICIPANTES-18-e-19-de-abril<\/a>\n<p class=\"wp-block-pdfemb-pdf-embedder-viewer\"><\/p>\n\n\n<a href=\"http:\/\/culturaliagz.com\/wp-content\/uploads\/2023\/04\/20230418-NP-Inicio-Seminario-Proxecto-Lugares-.pdf\" class=\"pdfemb-viewer\" style=\"\" data-width=\"max\" data-height=\"max\" data-toolbar=\"bottom\" data-toolbar-fixed=\"off\">20230418-NP-Inicio-Seminario-Proxecto-Lugares-<\/a>\n<p class=\"wp-block-pdfemb-pdf-embedder-viewer\"><\/p>\n\n\n\n<p class=\"has-text-align-justify\"><br><br><\/p>\n","protected":false},"excerpt":{"rendered":"<p>O Proxecto Lugares salienta o valor das comunidades locais, da experimentaci\u00f3n&nbsp;e da hibridaci\u00f3n de disciplinas \u00e1 hora de transformar,&nbsp;dun xeito sostible, o Cami\u00f1o de Santiago A iniciativa, impulsada pola Xunta [&hellip;]<\/p>\n","protected":false},"author":1,"featured_media":0,"comment_status":"open","ping_status":"open","sticky":false,"template":"","format":"standard","meta":{"_et_pb_use_builder":"","_et_pb_old_content":"","_et_gb_content_width":"","_jetpack_memberships_contains_paid_content":false,"footnotes":""},"categories":[7,6,57,1],"tags":[1592,1308,1591,1593,1552],"class_list":["post-12817","post","type-post","status-publish","format-standard","hentry","category-creacion","category-novas","category-outras-artes","category-xeral","tag-axencia-de-turismo-de-galicia","tag-camino-de-santiago","tag-concello-de-larouco","tag-natalia-balseiro","tag-proxecto-lugares"],"jetpack_featured_media_url":"","jetpack_sharing_enabled":true,"_links":{"self":[{"href":"http:\/\/culturaliagz.com\/index.php?rest_route=\/wp\/v2\/posts\/12817","targetHints":{"allow":["GET"]}}],"collection":[{"href":"http:\/\/culturaliagz.com\/index.php?rest_route=\/wp\/v2\/posts"}],"about":[{"href":"http:\/\/culturaliagz.com\/index.php?rest_route=\/wp\/v2\/types\/post"}],"author":[{"embeddable":true,"href":"http:\/\/culturaliagz.com\/index.php?rest_route=\/wp\/v2\/users\/1"}],"replies":[{"embeddable":true,"href":"http:\/\/culturaliagz.com\/index.php?rest_route=%2Fwp%2Fv2%2Fcomments&post=12817"}],"version-history":[{"count":2,"href":"http:\/\/culturaliagz.com\/index.php?rest_route=\/wp\/v2\/posts\/12817\/revisions"}],"predecessor-version":[{"id":12825,"href":"http:\/\/culturaliagz.com\/index.php?rest_route=\/wp\/v2\/posts\/12817\/revisions\/12825"}],"wp:attachment":[{"href":"http:\/\/culturaliagz.com\/index.php?rest_route=%2Fwp%2Fv2%2Fmedia&parent=12817"}],"wp:term":[{"taxonomy":"category","embeddable":true,"href":"http:\/\/culturaliagz.com\/index.php?rest_route=%2Fwp%2Fv2%2Fcategories&post=12817"},{"taxonomy":"post_tag","embeddable":true,"href":"http:\/\/culturaliagz.com\/index.php?rest_route=%2Fwp%2Fv2%2Ftags&post=12817"}],"curies":[{"name":"wp","href":"https:\/\/api.w.org\/{rel}","templated":true}]}}