{"id":12796,"date":"2023-04-17T15:54:53","date_gmt":"2023-04-17T14:54:53","guid":{"rendered":"http:\/\/culturaliagz.com\/?p=12796"},"modified":"2023-04-17T15:54:56","modified_gmt":"2023-04-17T14:54:56","slug":"ataque-escampe-publica-mana-cabalgata-o-seu-novo-disco-nas-principais-plataformas-dixitais","status":"publish","type":"post","link":"http:\/\/culturaliagz.com\/?p=12796","title":{"rendered":"Ataque Escampe publica ma\u00f1\u00e1 &#8216;Cabalgata&#8217;, o seu novo disco, nas principais plataformas dixitais"},"content":{"rendered":"\n<p><\/p>\n\n\n\n<p><\/p>\n\n\n<div class=\"wp-block-image\">\n<figure class=\"aligncenter size-large\"><a href=\"http:\/\/culturaliagz.com\/wp-content\/uploads\/2023\/04\/Ataque-Escampe-\u00a9-David-Silva-1.jpeg\" target=\"_blank\" rel=\"noreferrer noopener\"><img loading=\"lazy\" decoding=\"async\" width=\"1024\" height=\"791\" src=\"http:\/\/culturaliagz.com\/wp-content\/uploads\/2023\/04\/Ataque-Escampe-\u00a9-David-Silva-1-1024x791.jpeg\" alt=\"\" class=\"wp-image-12797\" srcset=\"http:\/\/culturaliagz.com\/wp-content\/uploads\/2023\/04\/Ataque-Escampe-\u00a9-David-Silva-1-1024x791.jpeg 1024w, http:\/\/culturaliagz.com\/wp-content\/uploads\/2023\/04\/Ataque-Escampe-\u00a9-David-Silva-1-300x232.jpeg 300w, http:\/\/culturaliagz.com\/wp-content\/uploads\/2023\/04\/Ataque-Escampe-\u00a9-David-Silva-1-768x593.jpeg 768w, http:\/\/culturaliagz.com\/wp-content\/uploads\/2023\/04\/Ataque-Escampe-\u00a9-David-Silva-1-1080x834.jpeg 1080w, http:\/\/culturaliagz.com\/wp-content\/uploads\/2023\/04\/Ataque-Escampe-\u00a9-David-Silva-1-980x757.jpeg 980w, http:\/\/culturaliagz.com\/wp-content\/uploads\/2023\/04\/Ataque-Escampe-\u00a9-David-Silva-1-480x371.jpeg 480w, http:\/\/culturaliagz.com\/wp-content\/uploads\/2023\/04\/Ataque-Escampe-\u00a9-David-Silva-1.jpeg 1200w\" sizes=\"auto, (max-width: 1024px) 100vw, 1024px\" \/><\/a><\/figure>\n<\/div>\n\n\n<p><\/p>\n\n\n\n<p class=\"has-text-align-justify\"><strong>Ataque Escampe dialoga co pasado en&nbsp;<em>Cabalgata<\/em>, o novo \u00e1lbum que publica&nbsp;este martes 18&nbsp;nas principais plataformas dixitais<\/strong><\/p>\n\n\n\n<p class=\"has-text-align-justify\"><strong><em>Cabalgata<\/em>&nbsp;est\u00e1 producido polo Hevi (Ortiga, Novedades Carminha) e conta coa colaboraci\u00f3n como vocalista de Ant\u00eda Ameixeiras (do d\u00fao de m\u00fasica de ra\u00edz Caama\u00f1o&amp;Ameixeiras) e o dese\u00f1o e v\u00eddeos de David Silva<\/strong><\/p>\n\n\n\n<p class=\"has-text-align-justify\"><strong>A presentaci\u00f3n ao vivo ter\u00e1 lugar o\u00a0s\u00e1bado 29 de abril\u00a0na Sala Capitol e as entradas xa est\u00e1n \u00e1 venda na plataforma\u00a0<\/strong><a href=\"http:\/\/www.ataquilla.com\/\" target=\"_blank\" rel=\"noreferrer noopener\"><strong>www.ataquilla.com<\/strong><\/a><\/p>\n\n\n\n<p><\/p>\n\n\n\n<p><\/p>\n\n\n<div class=\"wp-block-image\">\n<figure class=\"alignleft size-medium\"><a href=\"http:\/\/culturaliagz.com\/wp-content\/uploads\/2023\/04\/Ataque-Escampe-2-\u00a9-David-Silva.jpeg\" target=\"_blank\" rel=\"noreferrer noopener\"><img loading=\"lazy\" decoding=\"async\" width=\"300\" height=\"240\" src=\"http:\/\/culturaliagz.com\/wp-content\/uploads\/2023\/04\/Ataque-Escampe-2-\u00a9-David-Silva-300x240.jpeg\" alt=\"\" class=\"wp-image-12799\" srcset=\"http:\/\/culturaliagz.com\/wp-content\/uploads\/2023\/04\/Ataque-Escampe-2-\u00a9-David-Silva-300x240.jpeg 300w, http:\/\/culturaliagz.com\/wp-content\/uploads\/2023\/04\/Ataque-Escampe-2-\u00a9-David-Silva-1024x819.jpeg 1024w, http:\/\/culturaliagz.com\/wp-content\/uploads\/2023\/04\/Ataque-Escampe-2-\u00a9-David-Silva-768x614.jpeg 768w, http:\/\/culturaliagz.com\/wp-content\/uploads\/2023\/04\/Ataque-Escampe-2-\u00a9-David-Silva-1080x864.jpeg 1080w, http:\/\/culturaliagz.com\/wp-content\/uploads\/2023\/04\/Ataque-Escampe-2-\u00a9-David-Silva-980x784.jpeg 980w, http:\/\/culturaliagz.com\/wp-content\/uploads\/2023\/04\/Ataque-Escampe-2-\u00a9-David-Silva-480x384.jpeg 480w, http:\/\/culturaliagz.com\/wp-content\/uploads\/2023\/04\/Ataque-Escampe-2-\u00a9-David-Silva.jpeg 1200w\" sizes=\"auto, (max-width: 300px) 100vw, 300px\" \/><\/a><\/figure>\n<\/div>\n\n\n<p class=\"has-text-align-justify\"><em>Cabalgata<\/em>,\u00a0o oitavo disco de <a href=\"https:\/\/ataqueescampe.bandcamp.com\/\" target=\"_blank\" rel=\"noreferrer noopener\">Ataque Escampe<\/a>,\u00a0<a href=\"https:\/\/ffm.to\/cabalgata\" target=\"_blank\" rel=\"noreferrer noopener\">estar\u00e1 dispo\u00f1ible desde as 00.00 horas deste martes, 18 de abril,<\/a>\u00a0nas principais plataformas dixitais. Tr\u00e1tase do primeiro LP que publica a banda compostel\u00e1 en seis anos. Nesta ocasi\u00f3n, o grupo volve amosarnos o seu\u00a0universo creativo, mantendo os seus trazos de identidade (como o coidado dunhas letras apoiadas no humor e a vulnerabilidade e o achegamento a estilos diversos) e achegando tam\u00e9n numerosas novidades tanto na instrumentaci\u00f3n -como a presenza de sintetizadores e, ocasionalmente, de saxo e bases electr\u00f3nicas- como a nivel l\u00edrico.<\/p>\n\n\n\n<p class=\"has-text-align-justify\">O f\u00edo principal do disco \u00e9 o&nbsp;di\u00e1logo co pasado<strong>,<\/strong>&nbsp;non como obxecto de nostalxia sen\u00f3n, en palabras do grupo, \u201ccomo espazo inesgotable que nos interpela\u201d. De a\u00ed sae o intento de&nbsp;explorar estilos musicais doutras \u00e9pocas,&nbsp;pero tam\u00e9n tem\u00e1ticas que atravesan o \u00e1lbum, como a infancia, os amores diferentes ou as amizades conservadas ou perdidas, simbolizadas nas letras polas diferentes imaxes de cabalos \u00e1s que fai referencia o t\u00edtulo: a tenrura dos cabali\u00f1os de carrusel das festas, a ameaza dos polic\u00edas montados, a emotividade da relaci\u00f3n cos animais \u00e1 que poder\u00eda apuntar&nbsp;<em>Cabali\u00f1o lento,<\/em>&nbsp;o terceiro adianto do LP -estreado o 31 de marzo- e tema que pecha o \u00e1lbum.&nbsp;<\/p>\n\n\n\n<p><strong>O peso das colaboraci\u00f3ns<\/strong><\/p>\n\n\n\n<p class=\"has-text-align-justify\"><em>A coci\u00f1a pr\u00e1ctica,&nbsp;<\/em>un dos dez temas que conforma o disco, conta cunha das colaboraci\u00f3ns clave do mesmo:&nbsp;Ant\u00eda Ameixeiras,&nbsp;do d\u00fao de m\u00fasica de ra\u00edz Caama\u00f1o&amp;Ameixeiras, participa no tema como vocalista, acheg\u00e1ndose as\u00ed a un rexistro m\u00e1is pop, e suma tam\u00e9n voces en Supermartes. A maiores,&nbsp;<em>Cabalgata&nbsp;<\/em>est\u00e1 marcado tam\u00e9n pola participaci\u00f3n de dous colaboradores habituais: o&nbsp;Hevi e David Silva.&nbsp;Hevi, responsable tam\u00e9n de gravaci\u00f3ns de Ortiga, Novedades Carminha ou Faia, entre outras creadoras, repite na produci\u00f3n despois de&nbsp;<em>A alma<\/em>&nbsp;e, como suced\u00eda naquel EP, o resultado destaca pola procura da naturalidade nas interpretaci\u00f3ns e o imaxinativo dos arranxos no achegamento aos diferentes estilos. Pola s\u00faa banda, David Silva, que v\u00e9n de realizar con Ataque Escampe o espect\u00e1culo audiovisual&nbsp;<em>Na noite brillan<\/em>, enc\u00e1rgase dos videoclips de&nbsp;<em>Cabalgata<\/em>&nbsp;e do dese\u00f1o, onde afonda na iconograf\u00eda ecuestre presente no t\u00edtulo.<\/p>\n\n\n\n<p><strong>Presentaci\u00f3n na Sala Capitol<\/strong><\/p>\n\n\n\n<p class=\"has-text-align-justify\">Ataque Escampe presentar\u00e1<em>\u00a0Cabalgata<\/em>\u00a0na Sala Capitol o\u00a0s\u00e1bado 29 de abril,\u00a0nun evento que abrir\u00e1 un combinado de membros da\u00a0Banda de Lal\u00edn. As\u00ed, p\u00e9chase en certa maneira o c\u00edrculo aberto pola menci\u00f3n \u00e1 Banda dentro do disco ou a presenza de parte da s\u00faa formaci\u00f3n no videoclip do adianto\u00a0<em>Lamborghini.<\/em>As entradas xa est\u00e1n \u00e1 venda, a partir de 10 euros, na web de\u00a0<a href=\"http:\/\/www.ataquilla.com\/\" target=\"_blank\" rel=\"noreferrer noopener\">www.ataquilla.com<\/a>; mentres na billeteira costar\u00e1n 15 euros.<\/p>\n\n\n\n<p><\/p>\n\n\n<a href=\"http:\/\/culturaliagz.com\/wp-content\/uploads\/2023\/04\/20230417-NP-Ataque-Escampe-publica-este-martes-18-Cabalgata.pdf\" class=\"pdfemb-viewer\" style=\"\" data-width=\"max\" data-height=\"max\" data-toolbar=\"bottom\" data-toolbar-fixed=\"off\">20230417-NP-Ataque-Escampe-publica-este-martes-18-Cabalgata<\/a>\n<p class=\"wp-block-pdfemb-pdf-embedder-viewer\"><\/p>\n","protected":false},"excerpt":{"rendered":"<p>Ataque Escampe dialoga co pasado en&nbsp;Cabalgata, o novo \u00e1lbum que publica&nbsp;este martes 18&nbsp;nas principais plataformas dixitais Cabalgata&nbsp;est\u00e1 producido polo Hevi (Ortiga, Novedades Carminha) e conta coa colaboraci\u00f3n como vocalista de [&hellip;]<\/p>\n","protected":false},"author":1,"featured_media":0,"comment_status":"open","ping_status":"open","sticky":false,"template":"","format":"standard","meta":{"_et_pb_use_builder":"","_et_pb_old_content":"","_et_gb_content_width":"","_jetpack_memberships_contains_paid_content":false,"footnotes":""},"categories":[23,7,6,57,1],"tags":[1560,1562],"class_list":["post-12796","post","type-post","status-publish","format-standard","hentry","category-autoresas","category-creacion","category-novas","category-outras-artes","category-xeral","tag-ataque-escampe","tag-cabalgata"],"jetpack_featured_media_url":"","jetpack_sharing_enabled":true,"_links":{"self":[{"href":"http:\/\/culturaliagz.com\/index.php?rest_route=\/wp\/v2\/posts\/12796","targetHints":{"allow":["GET"]}}],"collection":[{"href":"http:\/\/culturaliagz.com\/index.php?rest_route=\/wp\/v2\/posts"}],"about":[{"href":"http:\/\/culturaliagz.com\/index.php?rest_route=\/wp\/v2\/types\/post"}],"author":[{"embeddable":true,"href":"http:\/\/culturaliagz.com\/index.php?rest_route=\/wp\/v2\/users\/1"}],"replies":[{"embeddable":true,"href":"http:\/\/culturaliagz.com\/index.php?rest_route=%2Fwp%2Fv2%2Fcomments&post=12796"}],"version-history":[{"count":2,"href":"http:\/\/culturaliagz.com\/index.php?rest_route=\/wp\/v2\/posts\/12796\/revisions"}],"predecessor-version":[{"id":12801,"href":"http:\/\/culturaliagz.com\/index.php?rest_route=\/wp\/v2\/posts\/12796\/revisions\/12801"}],"wp:attachment":[{"href":"http:\/\/culturaliagz.com\/index.php?rest_route=%2Fwp%2Fv2%2Fmedia&parent=12796"}],"wp:term":[{"taxonomy":"category","embeddable":true,"href":"http:\/\/culturaliagz.com\/index.php?rest_route=%2Fwp%2Fv2%2Fcategories&post=12796"},{"taxonomy":"post_tag","embeddable":true,"href":"http:\/\/culturaliagz.com\/index.php?rest_route=%2Fwp%2Fv2%2Ftags&post=12796"}],"curies":[{"name":"wp","href":"https:\/\/api.w.org\/{rel}","templated":true}]}}