{"id":12784,"date":"2023-04-15T10:52:37","date_gmt":"2023-04-15T09:52:37","guid":{"rendered":"http:\/\/culturaliagz.com\/?p=12784"},"modified":"2023-04-15T11:00:18","modified_gmt":"2023-04-15T10:00:18","slug":"sinsal-primavera-celebrarase-o-19-e-20-de-maio-en-vigo","status":"publish","type":"post","link":"http:\/\/culturaliagz.com\/?p=12784","title":{"rendered":"Sinsal Primavera celebrarase o 19 e 20 de maio en Vigo"},"content":{"rendered":"\n<p><\/p>\n\n\n<div class=\"wp-block-image\">\n<figure class=\"aligncenter size-large\"><a href=\"http:\/\/culturaliagz.com\/wp-content\/uploads\/2023\/04\/Cartel-Sinsal-Primavera-2023_page-0001-scaled.jpg\" target=\"_blank\" rel=\"noreferrer noopener\"><img loading=\"lazy\" decoding=\"async\" width=\"576\" height=\"1024\" src=\"http:\/\/culturaliagz.com\/wp-content\/uploads\/2023\/04\/Cartel-Sinsal-Primavera-2023_page-0001-576x1024.jpg\" alt=\"\" class=\"wp-image-12785\"\/><\/a><\/figure>\n<\/div>\n\n\n<p><\/p>\n\n\n\n<p><\/p>\n\n\n\n<p class=\"has-text-align-justify has-medium-font-size\"><strong>Sinsal Primavera celebrarase o 19 e 20 de maio no MARCO e na Sala Radar de Vigo<\/strong><\/p>\n\n\n\n<p class=\"has-text-align-justify\"><strong>Seis artistas e grupos de mulleres de Espa\u00f1a, Portugal, Su\u00edza e Turqu\u00eda conforman o cartel do evento, vinculado \u00e1 creaci\u00f3n contempor\u00e1nea&nbsp;e \u00e1 vangarda, e que conta co apoio do Concello de Vigo<\/strong><\/p>\n\n\n\n<p class=\"has-text-align-justify\"><strong>Ang\u00e9lica Salvi, Ece Canli, Ivankov\u00e0 e Superorganismus -proxecto creado por Tramontana e Luz Gonz\u00e1lez- actuar\u00e1n no MARCO; mentres&nbsp;que Ana L\u00faa Caiano inaugurar\u00e1 o primeiro concerto do evento na Sala Radar<\/strong><\/p>\n\n\n\n<p class=\"has-text-align-justify\"><strong>As entradas xa est\u00e1n dispo\u00f1ibles no web <\/strong><a href=\"http:\/\/www.enterticket.es\/\" target=\"_blank\" rel=\"noreferrer noopener\"><strong>www.enterticket.es<\/strong><\/a><strong>; e as persoas con billete para as sesi\u00f3ns do MARCO poder\u00e1n acceder, de balde,&nbsp;ao concerto da sala Radar&nbsp;<\/strong><\/p>\n\n\n\n<p><strong><br><\/strong><\/p>\n\n\n\n<p class=\"has-text-align-justify\">O primeiro evento de Sinsalaudio deste ano en Vigo celebrarase no mes de maio:<strong> <a href=\"http:\/\/festival.sins.al\/gl\" target=\"_blank\" rel=\"noreferrer noopener\">Sinsal Primavera<\/a><\/strong> <strong>ter\u00e1 lugar na fin de semana do venres 19 e s\u00e1bado 20<\/strong>. O<strong> <\/strong>evento, que conta coa colaboraci\u00f3n principal do Concello de Vigo, ademais do apoio do MARCO, do Instituto Cam\u00f5es e da Sala Radar, contar\u00e1 este ano cunha programaci\u00f3n conformada por <strong>cinco proxectos de vangarda, de e liderados por mulleres,<\/strong> chegadas de distintos puntos da<strong> Pen\u00ednsula Ib\u00e9rica, Su\u00edza e Turqu\u00eda<\/strong>. <strong><br><br>Sinsal Primavera <\/strong>prop\u00f3n visualizar propostas singulares e \u00fanicas, <strong>vinculadas \u00e1 experimentaci\u00f3n e \u00e1 creaci\u00f3n contempor\u00e1nea<\/strong>, de dif\u00edcil clasificaci\u00f3n e, por tanto, pouco habituais na programaci\u00f3n dirixida ao p\u00fablico xeral. As\u00ed, <strong>Ang\u00e9lica Salvi, Ece Canli, Superorganismus<\/strong> -proxecto musical de Tramontana e Luz Gonz\u00e1lez-, <strong>Ivankov\u00e0 e Ana L\u00faa Caiano<\/strong> conforman o cartel desta edici\u00f3n, que se celebrar\u00e1 os d\u00edas 19 e 20 de maio no <strong>MARCO de Vigo<\/strong>. Como novidade, ademais, este ano a programaci\u00f3n extenderase a unha das principais recintos de m\u00fasica ao vivo da cidade, a <strong>Sala Radar,<\/strong> que acoller\u00e1 o concerto da portuguesa Ana L\u00faa Caiano na noite do s\u00e1bado 20.&nbsp;<\/p>\n\n\n\n<p class=\"has-text-align-justify\">As <strong>entradas do Sinsal Primavera 2023<\/strong> <strong>est\u00e1n \u00e1 venda<\/strong>, desde hoxe mesmo, na plataforma web <a href=\"http:\/\/www.enterticket.es\/\" target=\"_blank\" rel=\"noreferrer noopener\">www.enterticket.es<\/a>&nbsp; e desde a p\u00e1xina web <a href=\"https:\/\/festival.sins.al\/gl\" target=\"_blank\" rel=\"noreferrer noopener\">&nbsp;https:\/\/festival.sins.al\/gl<\/a>. O prezo da entrada anticipada para cada xornada no MARCO \u00e9 de 15 euros (ag\u00e1s no caso dos billetes para as e os menores de 10 anos, cuxo acceso ser\u00e1 gratu\u00edto). No caso d<strong>as persoas que pos\u00faan unha entrada para os concertos do MARCO, poder\u00e1n asistir de balde ao concerto da Sala Radar na noite do s\u00e1bado 20<\/strong> (as entradas para este directo tam\u00e9n est\u00e1n dispo\u00f1ibles en Enterticket por 8 euros anticipada e 10 euros na billeteira).<br><br>O Sinsal Primavera \u00e9 a primeira cita do ano de Sinsalaudio, que suma \u00e1 xa anunciada <strong>nova edici\u00f3n do Festival Sinsal SON Estrella Galicia<\/strong>, que se celebrar\u00e1 na<strong> illa de San Sim\u00f3n <\/strong>do <strong>21 ao 23 de xullo<\/strong>. As entradas para o festival sair\u00e1n \u00e1 venda proximamente.&nbsp;<\/p>\n\n\n\n<p><strong><br><\/strong><\/p>\n\n\n\n<p><strong>PROGRAMACI\u00d3N SINSAL PRIMAVERA 2023<\/strong><\/p>\n\n\n\n<p><strong><br><\/strong><\/p>\n\n\n\n<figure class=\"wp-block-gallery has-nested-images columns-default is-cropped wp-block-gallery-1 is-layout-flex wp-block-gallery-is-layout-flex\">\n<figure class=\"wp-block-image size-large\"><a href=\"http:\/\/culturaliagz.com\/wp-content\/uploads\/2023\/04\/Angelica-Salvi-\u00a9-Dinis-Santos-1.jpeg\" target=\"_blank\" rel=\"noreferrer noopener\"><img loading=\"lazy\" decoding=\"async\" width=\"683\" height=\"1024\" data-id=\"12786\" src=\"http:\/\/culturaliagz.com\/wp-content\/uploads\/2023\/04\/Angelica-Salvi-\u00a9-Dinis-Santos-1-683x1024.jpeg\" alt=\"\" class=\"wp-image-12786\" srcset=\"http:\/\/culturaliagz.com\/wp-content\/uploads\/2023\/04\/Angelica-Salvi-\u00a9-Dinis-Santos-1-683x1024.jpeg 683w, http:\/\/culturaliagz.com\/wp-content\/uploads\/2023\/04\/Angelica-Salvi-\u00a9-Dinis-Santos-1-200x300.jpeg 200w, http:\/\/culturaliagz.com\/wp-content\/uploads\/2023\/04\/Angelica-Salvi-\u00a9-Dinis-Santos-1-768x1151.jpeg 768w, http:\/\/culturaliagz.com\/wp-content\/uploads\/2023\/04\/Angelica-Salvi-\u00a9-Dinis-Santos-1-480x719.jpeg 480w, http:\/\/culturaliagz.com\/wp-content\/uploads\/2023\/04\/Angelica-Salvi-\u00a9-Dinis-Santos-1.jpeg 854w\" sizes=\"auto, (max-width: 683px) 100vw, 683px\" \/><\/a><figcaption class=\"wp-element-caption\">ANG\u00c9LICA SALVI<\/figcaption><\/figure>\n\n\n\n<figure class=\"wp-block-image size-large\"><a href=\"http:\/\/culturaliagz.com\/wp-content\/uploads\/2023\/04\/Ece-Canli-\u00a9-Pelin-Kazak-2.jpeg\" target=\"_blank\" rel=\"noreferrer noopener\"><img loading=\"lazy\" decoding=\"async\" width=\"1024\" height=\"768\" data-id=\"12787\" src=\"http:\/\/culturaliagz.com\/wp-content\/uploads\/2023\/04\/Ece-Canli-\u00a9-Pelin-Kazak-2-1024x768.jpeg\" alt=\"\" class=\"wp-image-12787\" srcset=\"http:\/\/culturaliagz.com\/wp-content\/uploads\/2023\/04\/Ece-Canli-\u00a9-Pelin-Kazak-2-1024x768.jpeg 1024w, http:\/\/culturaliagz.com\/wp-content\/uploads\/2023\/04\/Ece-Canli-\u00a9-Pelin-Kazak-2-300x225.jpeg 300w, http:\/\/culturaliagz.com\/wp-content\/uploads\/2023\/04\/Ece-Canli-\u00a9-Pelin-Kazak-2-768x576.jpeg 768w, http:\/\/culturaliagz.com\/wp-content\/uploads\/2023\/04\/Ece-Canli-\u00a9-Pelin-Kazak-2-510x382.jpeg 510w, http:\/\/culturaliagz.com\/wp-content\/uploads\/2023\/04\/Ece-Canli-\u00a9-Pelin-Kazak-2-1080x810.jpeg 1080w, http:\/\/culturaliagz.com\/wp-content\/uploads\/2023\/04\/Ece-Canli-\u00a9-Pelin-Kazak-2-980x735.jpeg 980w, http:\/\/culturaliagz.com\/wp-content\/uploads\/2023\/04\/Ece-Canli-\u00a9-Pelin-Kazak-2-480x360.jpeg 480w, http:\/\/culturaliagz.com\/wp-content\/uploads\/2023\/04\/Ece-Canli-\u00a9-Pelin-Kazak-2.jpeg 1280w\" sizes=\"auto, (max-width: 1024px) 100vw, 1024px\" \/><\/a><figcaption class=\"wp-element-caption\">ECE CANLI<\/figcaption><\/figure>\n\n\n\n<figure class=\"wp-block-image size-large\"><a href=\"http:\/\/culturaliagz.com\/wp-content\/uploads\/2023\/04\/Ana-Lua-Caiano-\u00a9-Joana-Caiano.jpeg\" target=\"_blank\" rel=\"noreferrer noopener\"><img loading=\"lazy\" decoding=\"async\" width=\"682\" height=\"1024\" data-id=\"12788\" src=\"http:\/\/culturaliagz.com\/wp-content\/uploads\/2023\/04\/Ana-Lua-Caiano-\u00a9-Joana-Caiano-682x1024.jpeg\" alt=\"\" class=\"wp-image-12788\" srcset=\"http:\/\/culturaliagz.com\/wp-content\/uploads\/2023\/04\/Ana-Lua-Caiano-\u00a9-Joana-Caiano-682x1024.jpeg 682w, http:\/\/culturaliagz.com\/wp-content\/uploads\/2023\/04\/Ana-Lua-Caiano-\u00a9-Joana-Caiano-200x300.jpeg 200w, http:\/\/culturaliagz.com\/wp-content\/uploads\/2023\/04\/Ana-Lua-Caiano-\u00a9-Joana-Caiano-768x1152.jpeg 768w, http:\/\/culturaliagz.com\/wp-content\/uploads\/2023\/04\/Ana-Lua-Caiano-\u00a9-Joana-Caiano-480x720.jpeg 480w, http:\/\/culturaliagz.com\/wp-content\/uploads\/2023\/04\/Ana-Lua-Caiano-\u00a9-Joana-Caiano.jpeg 853w\" sizes=\"auto, (max-width: 682px) 100vw, 682px\" \/><\/a><figcaption class=\"wp-element-caption\">ANA L\u00daA CAIANO<\/figcaption><\/figure>\n<\/figure>\n\n\n\n<p><\/p>\n\n\n\n<p><\/p>\n\n\n\n<p class=\"has-text-align-justify\"><strong>ANG\u00c9LICA SALVI<\/strong> (Espa\u00f1a) | MARCO. Venres 19, 20:30 horas&nbsp;<br>Ang\u00e9lica Salvi \u00e9 unha arpista espa\u00f1ola que reside en Porto (Portugal) desde o 2011. Ded\u00edcase \u00e1 i<strong>mprovisaci\u00f3n dentro da m\u00fasica contempor\u00e1nea e da electroac\u00fastica<\/strong>, explorando varias t\u00e9cnicas de preparaci\u00f3n e amplificaci\u00f3n do instrumento na procura de novos timbres e sonoridades. A arpista convida ao p\u00fablico a mergullarse nas s\u00faas vivencias emocionais e espirituais, empregando as mesmas para escribir o gui\u00f3n dun so\u00f1o.<br><br><strong>ECE CANLI <\/strong>(Turqu\u00eda) | MARCO. Venres 19, 21:30 horas<br>Ece Canli \u00e9 artista, m\u00fasica e investigadora. Naceu en Turquia e reside en Porto (Portugal). Na s\u00faa pr\u00e1ctica art\u00edstica e vocal <strong>explora o estado liminal dos corpos agonizantes e demonizados,<\/strong> a desvinculaci\u00f3n corporal e mental, e as expresi\u00f3ns extraling\u00fc\u00edsticas por medio de t\u00e9cnicas vocais extendidas. Colaborou con varios artistas, m\u00fasicos e core\u00f3grafos a nivel internacional e creou bandas sonoras para performances ou exposici\u00f3ns.<em>&nbsp;<\/em><\/p>\n\n\n\n<p class=\"has-text-align-justify\"><strong>SUPERORGANISMUS<\/strong> (Suiza) | MARCO. S\u00e1bado 20, 20:30 horas<br>Tramontana e Luz Gonz\u00e1lez crean <em>Superorganismus,<\/em> unha peza electroac\u00fastica para flauta, viola, arpa e electr\u00f3nica ao vivo. A proposta agroma coa intenci\u00f3n de <strong>xerar m\u00fasica de forma cooperativa e horizontal. <\/strong>A\u00ednda que as catro m\u00fasicas sexan independentes, a electr\u00f3nica de Luz Gonz\u00e1lez pode modificar o son de Tramontana, mais os instrumentos ac\u00fasticos son a ra\u00edz sonora dun superorganismo que o p\u00fablico percibir\u00e1 coma un todo.&nbsp;<\/p>\n\n\n\n<p class=\"has-text-align-justify\"><strong>IVANKOV\u00c0<\/strong> (Espa\u00f1a) | MARCO. S\u00e1bado 20, 21:30 horas<br>Ivankov\u00e0 \u00e9 o proxecto en solitario da artista e compositora madrile\u00f1a Irene de la Cueva. As s\u00faas creaci\u00f3ns agroman a trav\u00e9s de <strong>estruturas repetitivas que se converten en mantras <\/strong>dese\u00f1ados para xerar atm\u00f3sferas determinadas e convidar as\u00ed ao p\u00fablico a transitar por paisaxes nas que os sintetizadores, a voz e os sons electr\u00f3nicos xerados a partir da transformaci\u00f3n de sons org\u00e1nicos son protagonistas.&nbsp;<\/p>\n\n\n\n<p class=\"has-text-align-justify\"><strong>ANA L\u00daA CAIANO<\/strong> (Portugal) | Sala Radar. S\u00e1bado, 23:00 horas.<br>Cantante, compositora e artista multidisciplinar. Ana L\u00faa Caiano converte constantemente a experiencia en creatividade e <strong>explora a fusi\u00f3n do folclore portugu\u00e9s co m\u00fasica electr\u00f3nica e sons coti\u00e1ns.<\/strong> Nos seus director, parte de bases sinxelas para constru\u00edr marcos r\u00edtmicos usando beatbox, palmas, tambores e maracas, nas que super\u00f3n texturas de teclado, sons ambientais e a propia s\u00faa voz.\u00a0<\/p>\n\n\n\n<p><\/p>\n\n\n<a href=\"http:\/\/culturaliagz.com\/wp-content\/uploads\/2023\/04\/20230413-NP-Sinsal-Primavera.pdf\" class=\"pdfemb-viewer\" style=\"\" data-width=\"max\" data-height=\"max\" data-toolbar=\"bottom\" data-toolbar-fixed=\"off\">20230413-NP-Sinsal-Primavera<\/a>\n<p class=\"wp-block-pdfemb-pdf-embedder-viewer\"><\/p>\n","protected":false},"excerpt":{"rendered":"<p>Sinsal Primavera celebrarase o 19 e 20 de maio no MARCO e na Sala Radar de Vigo Seis artistas e grupos de mulleres de Espa\u00f1a, Portugal, Su\u00edza e Turqu\u00eda conforman [&hellip;]<\/p>\n","protected":false},"author":1,"featured_media":0,"comment_status":"open","ping_status":"open","sticky":false,"template":"","format":"standard","meta":{"_et_pb_use_builder":"","_et_pb_old_content":"","_et_gb_content_width":"","_jetpack_memberships_contains_paid_content":false,"footnotes":""},"categories":[23,7,6,57,1],"tags":[1585,1580,1581,1579,1583,1292,1586,1584],"class_list":["post-12784","post","type-post","status-publish","format-standard","hentry","category-autoresas","category-creacion","category-novas","category-outras-artes","category-xeral","tag-ana-lua-caiano","tag-angelica-salvi","tag-ece-canli","tag-festival-sinsal-primavera-2023","tag-ivankova","tag-marco","tag-sala-radar","tag-superorganismus"],"jetpack_featured_media_url":"","jetpack_sharing_enabled":true,"_links":{"self":[{"href":"http:\/\/culturaliagz.com\/index.php?rest_route=\/wp\/v2\/posts\/12784","targetHints":{"allow":["GET"]}}],"collection":[{"href":"http:\/\/culturaliagz.com\/index.php?rest_route=\/wp\/v2\/posts"}],"about":[{"href":"http:\/\/culturaliagz.com\/index.php?rest_route=\/wp\/v2\/types\/post"}],"author":[{"embeddable":true,"href":"http:\/\/culturaliagz.com\/index.php?rest_route=\/wp\/v2\/users\/1"}],"replies":[{"embeddable":true,"href":"http:\/\/culturaliagz.com\/index.php?rest_route=%2Fwp%2Fv2%2Fcomments&post=12784"}],"version-history":[{"count":4,"href":"http:\/\/culturaliagz.com\/index.php?rest_route=\/wp\/v2\/posts\/12784\/revisions"}],"predecessor-version":[{"id":12794,"href":"http:\/\/culturaliagz.com\/index.php?rest_route=\/wp\/v2\/posts\/12784\/revisions\/12794"}],"wp:attachment":[{"href":"http:\/\/culturaliagz.com\/index.php?rest_route=%2Fwp%2Fv2%2Fmedia&parent=12784"}],"wp:term":[{"taxonomy":"category","embeddable":true,"href":"http:\/\/culturaliagz.com\/index.php?rest_route=%2Fwp%2Fv2%2Fcategories&post=12784"},{"taxonomy":"post_tag","embeddable":true,"href":"http:\/\/culturaliagz.com\/index.php?rest_route=%2Fwp%2Fv2%2Ftags&post=12784"}],"curies":[{"name":"wp","href":"https:\/\/api.w.org\/{rel}","templated":true}]}}