{"id":12733,"date":"2023-04-10T10:01:00","date_gmt":"2023-04-10T09:01:00","guid":{"rendered":"http:\/\/culturaliagz.com\/?p=12733"},"modified":"2023-04-10T00:54:51","modified_gmt":"2023-04-09T23:54:51","slug":"henko-a-mirada-de-miguel-diaz-43","status":"publish","type":"post","link":"http:\/\/culturaliagz.com\/?p=12733","title":{"rendered":"HENKO. A mirada de Miguel D\u00edaz"},"content":{"rendered":"\n<p><\/p>\n\n\n<div class=\"wp-block-image\">\n<figure class=\"alignleft size-medium\"><a href=\"http:\/\/culturaliagz.com\/wp-content\/uploads\/2021\/07\/Henko_Portada2.jpg\" target=\"_blank\" rel=\"noreferrer noopener\"><img loading=\"lazy\" decoding=\"async\" width=\"300\" height=\"300\" src=\"http:\/\/culturaliagz.com\/wp-content\/uploads\/2021\/07\/Henko_Portada2-300x300.jpg\" alt=\"\" class=\"wp-image-8195\"\/><\/a><\/figure>\n<\/div>\n\n\n<p><\/p>\n\n\n\n<p class=\"has-medium-font-size\"><strong><a rel=\"noreferrer noopener\" href=\"http:\/\/culturaliagz.com\/category\/henko\" target=\"_blank\">HENKO<\/a><\/strong><\/p>\n\n\n\n<p class=\"has-medium-font-size\"><a href=\"https:\/\/omurmuriodovento.wordpress.com\/author\/omurmuriodovento\/\" target=\"_blank\" rel=\"noreferrer noopener\">Miguel D\u00edaz<\/a><\/p>\n\n\n\n<p class=\"has-medium-font-size\">T\u00edtulo:\u00a0<em>O F\u00cdO<\/em><\/p>\n\n\n\n<p><\/p>\n\n\n\n<p><\/p>\n\n\n\n<p><\/p>\n\n\n\n<p><\/p>\n\n\n<div class=\"wp-block-image\">\n<figure class=\"aligncenter size-large\"><a href=\"http:\/\/culturaliagz.com\/wp-content\/uploads\/2023\/04\/O-fio.jpg\" target=\"_blank\" rel=\"noreferrer noopener\"><img loading=\"lazy\" decoding=\"async\" width=\"1024\" height=\"1024\" src=\"http:\/\/culturaliagz.com\/wp-content\/uploads\/2023\/04\/O-fio-1024x1024.jpg\" alt=\"\" class=\"wp-image-12734\" srcset=\"http:\/\/culturaliagz.com\/wp-content\/uploads\/2023\/04\/O-fio-980x980.jpg 980w, http:\/\/culturaliagz.com\/wp-content\/uploads\/2023\/04\/O-fio-480x480.jpg 480w\" sizes=\"auto, (min-width: 0px) and (max-width: 480px) 480px, (min-width: 481px) and (max-width: 980px) 980px, (min-width: 981px) 1024px, 100vw\" \/><\/a><figcaption class=\"wp-element-caption\">Miguel D\u00edaz, <em>O F\u00cdO<\/em><\/figcaption><\/figure>\n<\/div>\n\n\n<p><\/p>\n\n\n\n<p class=\"has-text-align-justify\" style=\"font-size:16px\">O f\u00edo, que pode sempre romper. Flutuando nos territorios do medo, gaiola infame, anuladora.<\/p>\n\n\n\n<p class=\"has-text-align-justify\" style=\"font-size:16px\">E, entre o medo, o lugar desde o que miro e o lugar desde o que son mirado. Ambos constru\u00edndo (me). Conform\u00e1ndome no territorio das ilusi\u00f3ns fracturadas. No que son non sendo.<\/p>\n\n\n\n<p class=\"has-text-align-justify\" style=\"font-size:16px\">As ru\u00ednas nas que me reco\u00f1ezo. E nas que vexo a\u00ednda un fogar. Un fogar que me habita.<\/p>\n\n\n\n<p class=\"has-text-align-justify\" style=\"font-size:16px\">O f\u00edo, que pode sempre coser.<\/p>\n","protected":false},"excerpt":{"rendered":"<p>HENKO Miguel D\u00edaz T\u00edtulo:\u00a0O F\u00cdO O f\u00edo, que pode sempre romper. Flutuando nos territorios do medo, gaiola infame, anuladora. E, entre o medo, o lugar desde o que miro e [&hellip;]<\/p>\n","protected":false},"author":38,"featured_media":0,"comment_status":"open","ping_status":"open","sticky":false,"template":"","format":"standard","meta":{"_et_pb_use_builder":"","_et_pb_old_content":"","_et_gb_content_width":"","_jetpack_memberships_contains_paid_content":false,"footnotes":""},"categories":[23,967,7,894,129,57,1],"tags":[952,895,650,1571],"class_list":["post-12733","post","type-post","status-publish","format-standard","hentry","category-autoresas","category-colaboracions","category-creacion","category-henko","category-literaria","category-outras-artes","category-xeral","tag-a-mirada-de-miguel-diaz","tag-henko","tag-miguel-diaz","tag-o-fio"],"jetpack_featured_media_url":"","jetpack_sharing_enabled":true,"_links":{"self":[{"href":"http:\/\/culturaliagz.com\/index.php?rest_route=\/wp\/v2\/posts\/12733","targetHints":{"allow":["GET"]}}],"collection":[{"href":"http:\/\/culturaliagz.com\/index.php?rest_route=\/wp\/v2\/posts"}],"about":[{"href":"http:\/\/culturaliagz.com\/index.php?rest_route=\/wp\/v2\/types\/post"}],"author":[{"embeddable":true,"href":"http:\/\/culturaliagz.com\/index.php?rest_route=\/wp\/v2\/users\/38"}],"replies":[{"embeddable":true,"href":"http:\/\/culturaliagz.com\/index.php?rest_route=%2Fwp%2Fv2%2Fcomments&post=12733"}],"version-history":[{"count":1,"href":"http:\/\/culturaliagz.com\/index.php?rest_route=\/wp\/v2\/posts\/12733\/revisions"}],"predecessor-version":[{"id":12735,"href":"http:\/\/culturaliagz.com\/index.php?rest_route=\/wp\/v2\/posts\/12733\/revisions\/12735"}],"wp:attachment":[{"href":"http:\/\/culturaliagz.com\/index.php?rest_route=%2Fwp%2Fv2%2Fmedia&parent=12733"}],"wp:term":[{"taxonomy":"category","embeddable":true,"href":"http:\/\/culturaliagz.com\/index.php?rest_route=%2Fwp%2Fv2%2Fcategories&post=12733"},{"taxonomy":"post_tag","embeddable":true,"href":"http:\/\/culturaliagz.com\/index.php?rest_route=%2Fwp%2Fv2%2Ftags&post=12733"}],"curies":[{"name":"wp","href":"https:\/\/api.w.org\/{rel}","templated":true}]}}