{"id":12718,"date":"2023-04-07T10:01:00","date_gmt":"2023-04-07T09:01:00","guid":{"rendered":"http:\/\/culturaliagz.com\/?p=12718"},"modified":"2023-04-07T10:17:42","modified_gmt":"2023-04-07T09:17:42","slug":"andanzas-do-suso-de-lamelina-a-primavera","status":"publish","type":"post","link":"http:\/\/culturaliagz.com\/?p=12718","title":{"rendered":"Andanzas do Suso de Lameli\u00f1a. A PRIMAVERA"},"content":{"rendered":"\n<p><\/p>\n\n\n<div class=\"wp-block-image\">\n<figure class=\"alignright size-medium\"><a href=\"http:\/\/culturaliagz.com\/wp-content\/uploads\/2021\/11\/D0D3B433-167F-4987-80C9-35A78DD28377.jpeg\" target=\"_blank\" rel=\"noreferrer noopener\"><img loading=\"lazy\" decoding=\"async\" width=\"225\" height=\"300\" src=\"http:\/\/culturaliagz.com\/wp-content\/uploads\/2021\/11\/D0D3B433-167F-4987-80C9-35A78DD28377-225x300.jpeg\" alt=\"\" class=\"wp-image-8740\" srcset=\"http:\/\/culturaliagz.com\/wp-content\/uploads\/2021\/11\/D0D3B433-167F-4987-80C9-35A78DD28377-225x300.jpeg 225w, http:\/\/culturaliagz.com\/wp-content\/uploads\/2021\/11\/D0D3B433-167F-4987-80C9-35A78DD28377.jpeg 469w\" sizes=\"auto, (max-width: 225px) 100vw, 225px\" \/><\/a><\/figure>\n<\/div>\n\n\n<p><\/p>\n\n\n\n<p class=\"has-text-align-right has-medium-font-size\"><strong><a rel=\"noreferrer noopener\" href=\"http:\/\/culturaliagz.com\/category\/andanzas-do-suso-de-lamelina\" target=\"_blank\">Andanzas do Suso de Lameli\u00f1a<\/a><\/strong><\/p>\n\n\n\n<p class=\"has-text-align-right has-medium-font-size\"><em><a href=\"http:\/\/galegos.galiciadigital.com\/es\/jesus-trashorras-nogueira\" target=\"_blank\" rel=\"noreferrer noopener\">Suso de Lameli\u00f1a<\/a><\/em><\/p>\n\n\n\n<p class=\"has-text-align-right has-medium-font-size\"><strong>A PRIMAVERA<\/strong><\/p>\n\n\n\n<p><\/p>\n\n\n\n<p><\/p>\n\n\n\n<p><\/p>\n\n\n\n<p><\/p>\n\n\n\n<p><\/p>\n\n\n\n<p><\/p>\n\n\n\n<p><\/p>\n\n\n\n<p><\/p>\n\n\n\n<p class=\"has-text-align-justify\">Acabamos de estrear a primavera. Vela\u00ed uns poemas que fan alusi\u00f3n \u00e1 estaci\u00f3n florida do ano<\/p>\n\n\n\n<p><\/p>\n\n\n\n<p><\/p>\n\n\n\n<p><\/p>\n\n\n\n<p>NATUREZA EN PRIMAVERA<\/p>\n\n\n\n<p>Xa sei que v\u00e9s de arribar dunha longa e fr\u00eda viaxe,<br>que a\u00ednda o teu corpo non ten quentura dabondo.<br>Pero noto que comezas a amosar unha nova roupaxe,<br>con esa gama de azuis e verdes que tanto nos engaiola.<br>Un lixeiro nord\u00e9s bota por terra o teu florido chapeu<br>e deixa albiscar uns brancos e fermosos cabelos.<br>Imperturbable, douta e vella mestra,<br>ens\u00ednasnos o ciclo eterno da nosa existencia,<br>e de novo, outra vez m\u00e1is, am\u00f3saste coas t\u00faas mellores galas,<br>ti que tan pronto fas entristecernos coma aledarnos.<br>Quero mergullarme de cheo no teu vexado e d\u00e9bil existir,<br>e contigo compartir o rechouch\u00edo harmonioso dos merli\u00f1os,<br>o primeiro cucar do arteiro paxari\u00f1o, o croar das ras nas charqueiras.<br>Quero volver a ver polas noites as p\u00edntegas e os sapos cruzar as corredoiras,<br>escoitar o canto dos grilos e ollar coma a velli\u00f1a fai o caldo.<br>Hoxe, benquerida e venerada natureza d\u00e1s os primeiros pasos<br>cara ao teu novo estado, e acios de amarelas e recendentes mimosas<br>acic\u00e1lanse para mellor engalanar o teu ben lucido verdor, ao tempo<br>que se rompe o silencio polo grallar dunhas pegas rebord\u00e1s empoleiradas<br>no curuto dunha rebola, ou polo asub\u00edo dun \u00e1rbitro e o bourear de cativos<br>que moi preto se divirten xogando ao deporte rei.<br>Sentado no valo da leira olfacteo o grato cheiro a herba fresca,<br>mentres acari\u00f1o ao meu asustadizo e inquedo gati\u00f1o.<br>Ao fondo, carballeiras espidas, agardan a chegada de novos aderezos<br>e unha fumareda xurdida dun eido lixa o teu estreado traxe azul.<br>Un grupo de mozos e mozas, nas mans uns ramos de flores, entran no camposanto,<br>mentres ao lonxe, soa o estrepitoso ru\u00eddo dunha motoserra.<br>\u00c9rgome e ollando para o ceo diviso un ronsel branco dun reactor<br>que semella converxer co teu cano cabelo.<br>Paseni\u00f1amente, con Tigre no colo, cami\u00f1o cara \u00e1 casa\u2026<br>Unha saborosa empanada de liscos e un bo Menc\u00eda, por min agardan.<\/p>\n\n\n\n<p>\u2026\u2026\u2026\u2026\u2026\u2026\u2026\u2026\u2026\u2026\u2026\u2026\u2026\u2026\u2026\u2026\u2026\u2026\u2026\u2026\u2026\u2026\u2026\u2026\u2026\u2026..<\/p>\n\n\n\n<p>Procuro nos teus ollos o verdor da primavera,<br>o canto dos paxaros de Vivaldi,<br>as adolescentes chorimas,<br>aquel vinte e cinco do setenta e catro,<br>Gr\u00e2ndola Vila Morena\u2026<br>E s\u00f3 atopo a ollada triste da soidade,<br>apenas un f\u00edo de esperanza.<\/p>\n\n\n\n<p>\u2026\u2026\u2026\u2026\u2026\u2026\u2026\u2026\u2026\u2026\u2026\u2026\u2026\u2026\u2026\u2026\u2026\u2026\u2026\u2026\u2026\u2026\u2026\u2026\u2026\u2026\u2026\u2026\u2026\u2026\u2026\u2026\u2026.<\/p>\n\n\n\n<p>C or amarela<br>H ospitalaria flor<br>O rnato dos nosos montes<br>R a\u00ed\u00f1a da primavera<br>I cona da galeguidade<br>M i\u00f1a<br>A dorada adolescente.<br>\u2026\u2026\u2026\u2026\u2026\u2026\u2026\u2026\u2026\u2026\u2026\u2026\u2026\u2026\u2026\u2026\u2026\u2026\u2026\u2026\u2026\u2026\u2026\u2026\u2026\u2026\u2026\u2026\u2026\u2026\u2026\u2026<\/p>\n\n\n\n<p>Primavera,<br>so\u00f1os de margaridas,<br>ax\u00f3uxeres na distancia.<\/p>\n\n\n\n<p>Primavera,<br>gacela en celo<\/p>\n\n\n\n<p>na foresta da virxindade.<\/p>\n\n\n\n<p>Primavera<br>en clave de sol,<br>melod\u00eda que se extingue.<\/p>\n\n\n\n<p>\u2026\u2026\u2026\u2026\u2026\u2026\u2026\u2026\u2026\u2026\u2026\u2026\u2026\u2026\u2026\u2026\u2026\u2026\u2026\u2026\u2026\u2026\u2026\u2026\u2026\u2026\u2026\u2026\u2026\u2026..<\/p>\n\n\n\n<p>Beb\u00edn da cunca da alba<br>O celme da t\u00faa querenza<br>Chegou a primavera<br>Nas \u00e1s dun novo amencer<br>Ardendo mais sen queimar<br>\u2026\u2026\u2026\u2026\u2026\u2026\u2026\u2026\u2026\u2026\u2026\u2026\u2026\u2026\u2026\u2026\u2026\u2026\u2026\u2026\u2026\u2026\u2026\u2026\u2026\u2026\u2026\u2026\u2026\u2026\u2026\u2026\u2026\u2026\u2026\u2026\u2026\u2026\u2026..<\/p>\n\n\n\n<p>Escribo domingo primavera<br>sinfon\u00eda cuarta de Mendelssohn<br>mentres a ma\u00f1\u00e1 pasa engorde<br>e unha gaivota alba e solitaria<br>sobrevoa un ceo a\u00ednda cinsento.<br>Escribo Florencia Roma Venecia<br>o sol tenuemente comeza a asomar<br>e abro a xanela para imaxinarte<br>desbordante luz do sur.<br>Escribo Andante con moto<br>beldade m\u00fasica Italia<br>Minueto con moto moderato<br>o sol aloumi\u00f1a o meu rostro<br>e unha lixeira brisa<br>sansanica docemente o folio.<br>Escribo Saltarello acuarela napolitana.<\/p>\n\n\n\n<p>Escribo\u2026<\/p>\n","protected":false},"excerpt":{"rendered":"<p>Andanzas do Suso de Lameli\u00f1a Suso de Lameli\u00f1a A PRIMAVERA Acabamos de estrear a primavera. Vela\u00ed uns poemas que fan alusi\u00f3n \u00e1 estaci\u00f3n florida do ano NATUREZA EN PRIMAVERA Xa [&hellip;]<\/p>\n","protected":false},"author":39,"featured_media":0,"comment_status":"open","ping_status":"open","sticky":false,"template":"","format":"standard","meta":{"_et_pb_use_builder":"","_et_pb_old_content":"","_et_gb_content_width":"","_jetpack_memberships_contains_paid_content":false,"footnotes":""},"categories":[974,23,967,7,129,1],"tags":[1567,976,975,993],"class_list":["post-12718","post","type-post","status-publish","format-standard","hentry","category-andanzas-do-suso-de-lamelina","category-autoresas","category-colaboracions","category-creacion","category-literaria","category-xeral","tag-a-primavera","tag-andanzas-do-suso-de-lamelina","tag-suso-de-lamelina","tag-xesus-trashorras"],"jetpack_featured_media_url":"","jetpack_sharing_enabled":true,"_links":{"self":[{"href":"http:\/\/culturaliagz.com\/index.php?rest_route=\/wp\/v2\/posts\/12718","targetHints":{"allow":["GET"]}}],"collection":[{"href":"http:\/\/culturaliagz.com\/index.php?rest_route=\/wp\/v2\/posts"}],"about":[{"href":"http:\/\/culturaliagz.com\/index.php?rest_route=\/wp\/v2\/types\/post"}],"author":[{"embeddable":true,"href":"http:\/\/culturaliagz.com\/index.php?rest_route=\/wp\/v2\/users\/39"}],"replies":[{"embeddable":true,"href":"http:\/\/culturaliagz.com\/index.php?rest_route=%2Fwp%2Fv2%2Fcomments&post=12718"}],"version-history":[{"count":4,"href":"http:\/\/culturaliagz.com\/index.php?rest_route=\/wp\/v2\/posts\/12718\/revisions"}],"predecessor-version":[{"id":12723,"href":"http:\/\/culturaliagz.com\/index.php?rest_route=\/wp\/v2\/posts\/12718\/revisions\/12723"}],"wp:attachment":[{"href":"http:\/\/culturaliagz.com\/index.php?rest_route=%2Fwp%2Fv2%2Fmedia&parent=12718"}],"wp:term":[{"taxonomy":"category","embeddable":true,"href":"http:\/\/culturaliagz.com\/index.php?rest_route=%2Fwp%2Fv2%2Fcategories&post=12718"},{"taxonomy":"post_tag","embeddable":true,"href":"http:\/\/culturaliagz.com\/index.php?rest_route=%2Fwp%2Fv2%2Ftags&post=12718"}],"curies":[{"name":"wp","href":"https:\/\/api.w.org\/{rel}","templated":true}]}}