{"id":12599,"date":"2023-03-20T16:56:49","date_gmt":"2023-03-20T15:56:49","guid":{"rendered":"http:\/\/culturaliagz.com\/?p=12599"},"modified":"2023-03-20T17:05:35","modified_gmt":"2023-03-20T16:05:35","slug":"a-creatividade-e-a-extension-social-vertebran-a-decima-edicion-do-noia-harp-fest-que-se-celebrara-do-3-ao-6-de-agosto-en-noia","status":"publish","type":"post","link":"http:\/\/culturaliagz.com\/?p=12599","title":{"rendered":"A creatividade e a extensi\u00f3n social vertebran&nbsp;a d\u00e9cima edici\u00f3n do Noia Harp Fest,&nbsp; que se celebrar\u00e1 do 3 ao 6 de agosto en Noia"},"content":{"rendered":"\n<p><\/p>\n\n\n<div class=\"wp-block-image\">\n<figure class=\"aligncenter size-full\"><a href=\"http:\/\/culturaliagz.com\/wp-content\/uploads\/2023\/03\/20230320-Presentacion-10NHF-2.jpeg\" target=\"_blank\" rel=\"noreferrer noopener\"><img loading=\"lazy\" decoding=\"async\" width=\"640\" height=\"480\" src=\"http:\/\/culturaliagz.com\/wp-content\/uploads\/2023\/03\/20230320-Presentacion-10NHF-2.jpeg\" alt=\"\" class=\"wp-image-12600\" srcset=\"http:\/\/culturaliagz.com\/wp-content\/uploads\/2023\/03\/20230320-Presentacion-10NHF-2.jpeg 640w, http:\/\/culturaliagz.com\/wp-content\/uploads\/2023\/03\/20230320-Presentacion-10NHF-2-480x360.jpeg 480w\" sizes=\"auto, (min-width: 0px) and (max-width: 480px) 480px, (min-width: 481px) 640px, 100vw\" \/><\/a><\/figure>\n<\/div>\n\n\n<p><\/p>\n\n\n\n<p class=\"has-text-align-justify\"><strong>O director do Festival Internacional de Arpa Vila de Noia, Rodrigo Roman\u00ed,&nbsp;presentou esta ma\u00f1\u00e1 en Santiago de Compostela a programaci\u00f3n do evento,&nbsp;que contar\u00e1 con artistas de Alemania, Chile, Escocia, Espa\u00f1a, Francia e Irlanda<br><br>\u2018Hibrys\u2019, a obra do compositor arxentino Alejandro Civilotti ga\u00f1adora&nbsp;do I Premio Portus Apostoli, estrearase o s\u00e1bado 5 de agosto na Praza do Tapal&nbsp;da man da Real Filharmon\u00eda de Galicia<br><br>Noia Harp Fest, en colaboraci\u00f3n co Instituto de Investigaci\u00f3ns Sanitarias&nbsp;de Santiago de Compostela, levar\u00e1 esta primavera a m\u00fasica da arpa&nbsp;\u00e1s consultas do CHUS co proxecto \u2018Boas vibras. Arpistas pola sa\u00fade\u2019<\/strong><\/p>\n\n\n\n<p><\/p>\n\n\n\n<p><\/p>\n\n\n<a href=\"http:\/\/culturaliagz.com\/wp-content\/uploads\/2023\/03\/20230320-GAL-NP-10NHF.pdf\" class=\"pdfemb-viewer\" style=\"\" data-width=\"max\" data-height=\"max\" data-toolbar=\"bottom\" data-toolbar-fixed=\"off\">20230320-GAL-NP-10NHF<\/a>\n<p class=\"wp-block-pdfemb-pdf-embedder-viewer\"><\/p>\n\n\n\n<p><\/p>\n\n\n\n<p class=\"has-text-align-justify\">A d\u00e9cima edici\u00f3n do Festival Internacional de Arpa Vila de Noia, co\u00f1ecido como <a href=\"https:\/\/noiaharpfest.gal\/\" target=\"_blank\" rel=\"noreferrer noopener\">N<strong>oia Harp Fest<\/strong><\/a>, celebrarase do 3 ao 6 de agosto. O director do certame, Rodrigo Roman\u00ed, presentou esta ma\u00f1\u00e1 un avance da programaci\u00f3n do evento, que festexar\u00e1 os seus primeiros dez anos de vida po\u00f1endo en valor a creatividade e a extensi\u00f3n social da arpa. As\u00ed, o festival acoller\u00e1, entre outras propostas, a<strong>\u00a0estrea absoluta de tres obras, concertos de reco\u00f1ecidas arpistas internacionais ou un novo encontro do alumnado das escolas de arpa de Galicia;<\/strong>\u00a0ademais de ampliar a s\u00faa actividade achegando o instrumento\u00a0\u00a0aos centros hospitalarios co programa piloto\u00a0<strong><em>Boas vibras. Arpistas pola sa\u00fade<\/em><\/strong>.\u00a0\u00a0<\/p>\n\n\n\n<p class=\"has-text-align-justify\">Rodrigo Roman\u00ed, acompa\u00f1ado polo concelleiro de Cultura de Noia, Jos\u00e9 P\u00e9rez, e da directora t\u00e9cnica da Real Filharmon\u00eda de Galicia, Sabela Garc\u00eda, presentou hoxe no Auditorio de Galicia a programaci\u00f3n de concertos que ter\u00e1n lugar no marco desta d\u00e9cima edici\u00f3n do\u00a0<strong>Noia Harp Fest, o \u00fanico festival de Galicia e do noroeste da Pen\u00ednsula Ib\u00e9rica que ten como absoluta protagonista a arpa<\/strong>. No seu cartel confl\u00faen, desde hai dez anos, solistas e grupos de estilos moi diversos procedentes do \u00e1mbito galego, estatal e internacional, mais\u00a0<strong>todos eles unidos pola interpretaci\u00f3n musical a trav\u00e9s da arpa.\u00a0<\/strong>Os concertos, de acceso libre e dunha notable calidade art\u00edstica, cel\u00e9branse en horario de tarde tanto a ceo aberto coma no interior de recintos culturais da vila de Noia, cuxo Concello \u00e9 patrocinador do evento, coa intenci\u00f3n de favorecer o achegamento ao instrumento por parte de p\u00fablicos de todas as idades. A este respecto, Rodrigo Roman\u00ed avanzou que\u00a0<strong>o festival dar\u00e1 a co\u00f1ecer, nas vindeiras semanas, o programa de actividades paralelas,\u00a0<\/strong>que incl\u00fae as habituais clases maxistrais ou mesmo obradoiros familiares.\u00a0<br><br>Unha das principais novidades deste\u00a0<strong><a href=\"https:\/\/noiaharpfest.gal\/\" target=\"_blank\" rel=\"noreferrer noopener\">10\u00ba Noia Harp Fest<\/a><\/strong>\u00a0\u00e9 a estrea mundial de\u00a0<strong><em>Hibrys<\/em><\/strong><em>,\u00a0<\/em>do hispano-arxentino\u00a0<strong>Alejandro Civilotti.\u00a0<\/strong>Tr\u00e1tase da obra ga\u00f1adora da primeira edici\u00f3n do\u00a0<strong>premio internacional de composici\u00f3n Portus Apostoli,<\/strong>\u00a0patrocinado polo Concello de Noia. A\u00a0<strong>Real Filhamon\u00eda de Galicia<\/strong>\u00a0ser\u00e1 a responsable de interpretar unha peza que, segundo o tribunal do certame, foi a m\u00e1is destacada das 16 composici\u00f3ns recibidas pola s\u00faa \u201calta calidade e interese\u201d, \u00e1 vez que mostra unha \u201celevada t\u00e9cnica orquestral, onde a arpa e a orquestra concertan \u00e1 perfecci\u00f3n\u201d. A estrea ter\u00e1 lugar na noite do s\u00e1bado 5 de agosto na praza do Tapal de Noia.\u00a0<\/p>\n\n\n\n<p><\/p>\n\n\n\n<p><strong>Programaci\u00f3n de concertos do 10\u00ba Noia Harp Fest<\/strong><\/p>\n\n\n\n<p class=\"has-text-align-justify\">A d\u00e9cima edici\u00f3n do Noia Harp Fest dar\u00e1 comezo o xoves 3 de agosto cunha sesi\u00f3n festiva e que por\u00e1 en valor o talento local e de proximidade. O&nbsp;<strong>alumnado das escolas de arpa de Galicia&nbsp;<\/strong>participar\u00e1, por segundo ano consecutivo, nun encontro aberto ao p\u00fablico. Tr\u00e1tase da proposta m\u00e1is singular deste eido no pa\u00eds, ao por en relaci\u00f3n a todas e todos os estudantes do instrumento. O obxectivo do NHF \u00e9 que este Encontro sexa unha referencia para o alumnado e que elas e eles sexan sempre as protagonistas da apertura do festival. Logo deste concerto, ter\u00e1 lugar unha foliada de benvida e, de seguido, un concerto do chileno&nbsp;<strong>Cr\u00edstian Rodr\u00edguez Cuarteto&nbsp;<\/strong>ser\u00e1 o ramo desta xornada inaugural.&nbsp;<br><br>O venres 4 estar\u00e1 fiado polo&nbsp;<strong>virtuosismo de mulleres arpistas&nbsp;<\/strong>do \u00e1mbito do folk. A irlandesa&nbsp;<strong>Laoise Kelly,&nbsp;<\/strong>considerada a m\u00e1is relevante da s\u00faa xeraci\u00f3n, abrir\u00e1 a segunda xornada de concertos na igrexa de Santa Mar\u00eda a Nova. Pioneira nun novo estilo de conducci\u00f3n da arpa instrumental e reco\u00f1ecida pola cr\u00edtica polos seus traballos en solitario, ao longo da s\u00faa carreira -na que fundou grupos como Bumblebees ou Fiddletree- participou na gravaci\u00f3n de m\u00e1is de 70 \u00e1lbums con artistas como Seamus Heaney, The Chieftains ou Sharon Shannon.&nbsp;&nbsp;<\/p>\n\n\n\n<p class=\"has-text-align-justify\">\u00c1s 21.00 horas, na praza do Tapal, ser\u00e1 a quenda do d\u00fao franco-alem\u00e1n conformado por&nbsp;<strong>Gilles Chabenat e Daniela Heiderich.<\/strong>&nbsp;Cunha arpa de levas bohemia, zanfona, voz e gaita francesa, os dous m\u00fasicos evocar\u00e1n melod\u00edas de baile conmovedoras e canci\u00f3ns profundamente emotivas, no marco dun repertorio que incluir\u00e1 tanto composici\u00f3ns propias modernas como m\u00fasicas tradicionais francesas e alem\u00e1s, ou mesmo melod\u00edas de manuscritos antigos. A noite pecharase cunha das bandas que irromperon na escena folk dos anos 90 para mudala:&nbsp;<strong>The Poozies.<\/strong>&nbsp;Esta agrupaci\u00f3n totalmente feminina f\u00edxose moi co\u00f1ecida polas s\u00faas xiras mundiais, nas que amosaban os seus arranxos inusuais e emocionantes, ademais de harmon\u00edas vocais conmovedoras. Cunha formaci\u00f3n renovada, The Poozies ser\u00e1 unha das grandes sensaci\u00f3ns do festival pola s\u00faa gran colecci\u00f3n de temas e melod\u00edas groovy.&nbsp;<\/p>\n\n\n\n<p class=\"has-text-align-justify\">O s\u00e1bado 5, o Noia Harp Fest e a Asociaci\u00f3n Espa\u00f1ola de Arpistas render\u00e1n unha homenaxe especial ao m\u00fasico e virtuoso&nbsp;<strong>Nicanor Zabaleta,<\/strong>&nbsp;considerado o mellor int\u00e9rprete do instrumento, no trix\u00e9simo aniversario da s\u00faa morte. Ser\u00e1 cun concerto, que ter\u00e1 lugar no Teatro Coliseo Noelia, no que intervir\u00e1n solistas de prestixio internacional para interpretar obras adicadas \u00e1 s\u00faa figura. De seguido, contra \u00e1s 21.30 horas, ser\u00e1 a estrea mundial de&nbsp;<strong><em>Hibrys,<\/em><\/strong>&nbsp;coa Real Filharmon\u00eda de Galicia, na praza do Tapal. Nas vindeiras semanas darase a co\u00f1ecer a ou o int\u00e9rprete solista.<\/p>\n\n\n\n<p class=\"has-text-align-justify\">A \u00faltima xornada da d\u00e9cima edici\u00f3n do Noia Harp Fest comezar\u00e1 \u00e1s 19.00 horas do domingo 6 de agosto cun concerto da arpista, cantante e artista multidisciplinar&nbsp;<strong>Musg\u00f6,<\/strong>&nbsp;especialista en looping ao vivo e arpa el\u00e9ctrica. O seu traballo \u00e9 unha mestura de contempor\u00e1neo e vintage, cunha posta en escena atrevida e elegante que se poder\u00e1 ver no Teatro Coliseo Noela. Finalmente, o broche dourado do evento chegar\u00e1 da man da orquestra de folk de Galicia.&nbsp;<strong>SonDeSeu estrear\u00e1 na praza do Tapal d\u00faas novas composici\u00f3ns creadas especificamente para este concerto:<\/strong>&nbsp;ser\u00e1n a&nbsp;<strong><em>Suite Micelio<\/em><\/strong><em>,<\/em>&nbsp;de Anxo Pintos, para arpa e orquestra folk, que contar\u00e1 con Bego\u00f1a Riob\u00f3 como solista; e a&nbsp;<strong><em>Suite Escumas Atl\u00e1nticas<\/em><\/strong>, de Rodrigo Roman\u00ed, na que ser\u00e1n solistas Laoise Kelly, Mary Macmaster e Beatriz Mart\u00ednez.<strong>Programa piloto \u2018Boas vibras. Arpistas pola sa\u00fade\u2019<br><\/strong><br>A presentaci\u00f3n tam\u00e9n serviu dar a co\u00f1ecer a posta en marcha de<strong>&nbsp;<em>Boas vibras. Arpistas pola sa\u00fade<\/em>,&nbsp;<\/strong>un programa&nbsp;&nbsp;piloto que por\u00e1n en marcha a Asociaci\u00f3n Noia Harp Fest e a Fundaci\u00f3n Instituto de Investigaci\u00f3ns Sanitarias de Santiago de Compostela para&nbsp;<strong>favorecer a presenza da m\u00fasica de arpa en centros hospitalarios.<\/strong>&nbsp;A intenci\u00f3n \u00e9 acompa\u00f1ar a mellorar da humanizaci\u00f3n na asistencia aos pacientes as\u00ed como o aproveitamento dos beneficios que sup\u00f3n esta pr\u00e1ctica para a sa\u00fade, estudados e analizados noutras experiencias similares realizadas en diversas partes do mundo.&nbsp;<br><br>A experiencia piloto desenvolverase con pacientes de Pediatr\u00eda do Complexo Hospitalario Universitario de Santiago de Compostela e estar\u00e1 controlada polo persoal sanitario. Cinco arpistas visitar\u00e1n nas vindeiras semanas aos pacientes, establecendo unha comunicaci\u00f3n sonora baseada na personalizaci\u00f3n da m\u00fasica que se interpreta, centrada na adaptaci\u00f3n \u00e1s caracter\u00edsticas e \u00e1 situaci\u00f3n de cada persoa, primando tam\u00e9n a improvisaci\u00f3n musical para chegar a provocar cambios positivos e observables na s\u00faa evoluci\u00f3n.<\/p>\n\n\n\n<p><\/p>\n\n\n\n<p><\/p>\n\n\n<a href=\"http:\/\/culturaliagz.com\/wp-content\/uploads\/2023\/03\/Dossier-prensa-Noia-Harp-Fest.pdf\" class=\"pdfemb-viewer\" style=\"\" data-width=\"max\" data-height=\"max\" data-toolbar=\"bottom\" data-toolbar-fixed=\"off\">Dossier-prensa-Noia-Harp-Fest<\/a>\n<p class=\"wp-block-pdfemb-pdf-embedder-viewer\"><\/p>\n\n\n\n<p class=\"has-text-align-justify\"><br><\/p>\n","protected":false},"excerpt":{"rendered":"<p>O director do Festival Internacional de Arpa Vila de Noia, Rodrigo Roman\u00ed,&nbsp;presentou esta ma\u00f1\u00e1 en Santiago de Compostela a programaci\u00f3n do evento,&nbsp;que contar\u00e1 con artistas de Alemania, Chile, Escocia, Espa\u00f1a, [&hellip;]<\/p>\n","protected":false},"author":1,"featured_media":0,"comment_status":"open","ping_status":"open","sticky":false,"template":"","format":"standard","meta":{"_et_pb_use_builder":"","_et_pb_old_content":"","_et_gb_content_width":"","_jetpack_memberships_contains_paid_content":false,"footnotes":""},"categories":[23,7,6,57,1],"tags":[1155],"class_list":["post-12599","post","type-post","status-publish","format-standard","hentry","category-autoresas","category-creacion","category-novas","category-outras-artes","category-xeral","tag-noia-harp-fest"],"jetpack_featured_media_url":"","jetpack_sharing_enabled":true,"_links":{"self":[{"href":"http:\/\/culturaliagz.com\/index.php?rest_route=\/wp\/v2\/posts\/12599","targetHints":{"allow":["GET"]}}],"collection":[{"href":"http:\/\/culturaliagz.com\/index.php?rest_route=\/wp\/v2\/posts"}],"about":[{"href":"http:\/\/culturaliagz.com\/index.php?rest_route=\/wp\/v2\/types\/post"}],"author":[{"embeddable":true,"href":"http:\/\/culturaliagz.com\/index.php?rest_route=\/wp\/v2\/users\/1"}],"replies":[{"embeddable":true,"href":"http:\/\/culturaliagz.com\/index.php?rest_route=%2Fwp%2Fv2%2Fcomments&post=12599"}],"version-history":[{"count":6,"href":"http:\/\/culturaliagz.com\/index.php?rest_route=\/wp\/v2\/posts\/12599\/revisions"}],"predecessor-version":[{"id":12610,"href":"http:\/\/culturaliagz.com\/index.php?rest_route=\/wp\/v2\/posts\/12599\/revisions\/12610"}],"wp:attachment":[{"href":"http:\/\/culturaliagz.com\/index.php?rest_route=%2Fwp%2Fv2%2Fmedia&parent=12599"}],"wp:term":[{"taxonomy":"category","embeddable":true,"href":"http:\/\/culturaliagz.com\/index.php?rest_route=%2Fwp%2Fv2%2Fcategories&post=12599"},{"taxonomy":"post_tag","embeddable":true,"href":"http:\/\/culturaliagz.com\/index.php?rest_route=%2Fwp%2Fv2%2Ftags&post=12599"}],"curies":[{"name":"wp","href":"https:\/\/api.w.org\/{rel}","templated":true}]}}