{"id":12553,"date":"2023-03-17T10:01:00","date_gmt":"2023-03-17T09:01:00","guid":{"rendered":"http:\/\/culturaliagz.com\/?p=12553"},"modified":"2023-03-17T01:27:43","modified_gmt":"2023-03-17T00:27:43","slug":"andanzas-do-suso-de-lamelina-na-procura-de-inspiracion","status":"publish","type":"post","link":"http:\/\/culturaliagz.com\/?p=12553","title":{"rendered":"Andanzas do Suso de Lameli\u00f1a. NA PROCURA DE INSPIRACI\u00d3N"},"content":{"rendered":"\n<p><\/p>\n\n\n<div class=\"wp-block-image\">\n<figure class=\"alignright size-medium\"><a href=\"http:\/\/culturaliagz.com\/wp-content\/uploads\/2021\/11\/D0D3B433-167F-4987-80C9-35A78DD28377.jpeg\" target=\"_blank\" rel=\"noreferrer noopener\"><img loading=\"lazy\" decoding=\"async\" width=\"225\" height=\"300\" src=\"http:\/\/culturaliagz.com\/wp-content\/uploads\/2021\/11\/D0D3B433-167F-4987-80C9-35A78DD28377-225x300.jpeg\" alt=\"\" class=\"wp-image-8740\" srcset=\"http:\/\/culturaliagz.com\/wp-content\/uploads\/2021\/11\/D0D3B433-167F-4987-80C9-35A78DD28377-225x300.jpeg 225w, http:\/\/culturaliagz.com\/wp-content\/uploads\/2021\/11\/D0D3B433-167F-4987-80C9-35A78DD28377.jpeg 469w\" sizes=\"auto, (max-width: 225px) 100vw, 225px\" \/><\/a><\/figure>\n<\/div>\n\n\n<p><\/p>\n\n\n\n<p class=\"has-text-align-right has-medium-font-size\"><strong><a rel=\"noreferrer noopener\" href=\"http:\/\/culturaliagz.com\/category\/andanzas-do-suso-de-lamelina\" target=\"_blank\">Andanzas do Suso de Lameli\u00f1a<\/a><\/strong><\/p>\n\n\n\n<p class=\"has-text-align-right has-medium-font-size\"><em><a href=\"http:\/\/galegos.galiciadigital.com\/es\/jesus-trashorras-nogueira\" target=\"_blank\" rel=\"noreferrer noopener\">Suso de Lameli\u00f1a<\/a><\/em><\/p>\n\n\n\n<p class=\"has-text-align-right has-medium-font-size\"><strong>NA PROCURA DE INSPIRACI\u00d3N<\/strong><\/p>\n\n\n\n<p><\/p>\n\n\n\n<p><\/p>\n\n\n\n<p><\/p>\n\n\n\n<p><\/p>\n\n\n\n<p><\/p>\n\n\n\n<p><\/p>\n\n\n\n<p class=\"has-text-align-justify\">O parque Rosal\u00eda de Castro \u00e9 un dos meus lugares preferidos da cidade das murallas, algo que arrastro xa desde a \u00e9poca de estudante, cando o estrafalario pavo real despregaba as espectaculares plumas da s\u00faa cola ao tempo que emit\u00eda o co\u00f1ecido son de apareamento.<\/p>\n\n\n\n<p class=\"has-text-align-justify\">As\u00ed, cando preciso de sosego ou, por que non, de inspiraci\u00f3n, al\u00ed acudo. Foi o que fixen o outro d\u00eda. Necesitaba un personaxe para un relato, e que mellor sitio para atopalo. Senteime no meu banco favorito a car\u00f3n da centenaria sequoia e al\u00ed agardei. A tarde estaba bastante agradable, pero apenas hab\u00eda xente: uns pais con d\u00faas fillas d\u00e1ndolles de comer aos parrulos; unha parella de adolescentes sentados nun banco pr\u00f3ximo, cada un absorto no seu m\u00f3bil; alg\u00fan que outro transe\u00fante; un encargado do mantemento varrendo\u2026<\/p>\n\n\n\n<p class=\"has-text-align-justify\">Pasar\u00edan uns dez minutos e unha muller, rondando os corenta, s\u00e9ntase no mesmo banco que hab\u00eda un intre acababan de deixar baleiro os adolescentes. Saca do bolso un cigarro e ponse a fumar. Eu contin\u00fao coma cando cheguei, d\u00e1ndolle ao caletre, por ver se me sa\u00eda algunha historia. Tras darlle a derradeira calada, a muller \u00e9rguese e dir\u00edxese \u00e1 papeleira m\u00e1is pr\u00f3xima para depositar a cabicha; regresa de novo e agora, despois de remexer un bocado no bolso, retira do mesmo, un libro.<\/p>\n\n\n\n<p class=\"has-text-align-justify\">Ao principio non mo pod\u00eda crer. Tiven que esvarar ata o extremo do banco e, mesmo incorporarme un pouco e con certa prudencia para que a compa\u00f1eira de parque non se decatase, a fin de comprobar que, efectivamente , o libro que ti\u00f1a entre as mans era \u201cPaseando canguros\u201d.<\/p>\n\n\n\n<p class=\"has-text-align-justify\">Xa non lle puiden quitar ollo. Totalmente concentrada na lectura pasaba folla tras folla, de vez en cando asom\u00e1ndose un pequeno sorriso por entre os seus beizos. Ti\u00f1a que facer algo para falar con ela. Pero que? Se a\u00ednda fumase, pod\u00eda ir pedirlle lume. Tam\u00e9n pod\u00eda preguntarlle a hora, pero xusto uns segundos antes soara o meu m\u00f3bil, por mor dun WhatsApp, momento en que levantou a vista e ficou mirando cara a min.Ti\u00f1a a opci\u00f3n de dirixirme directamente a ela e preguntarlle que libro estaba a ler, pero a mi\u00f1a timidez, imped\u00edamo.<\/p>\n\n\n\n<p class=\"has-text-align-justify\">Estaba xa a superarme a situaci\u00f3n, cando decid\u00edn marcharme e esquecerme do asunto. Mais xusto ao erguerme, lembreime de que no bolso ti\u00f1a tam\u00e9n un libro dos canguros (sempre levo alg\u00fan, por se se d\u00e1 o caso de encasquetarllo a algu\u00e9n). Volv\u00edn sentarme e saquei o libro. Fixen que l\u00eda e ao cabo dun cacho deixeino sobre o banco. Sacando o m\u00f3bil do bolso p\u00faxenme a falar en voz alta para que me o\u00edra ao tempo que me ergu\u00eda e me encami\u00f1aba cara a sa\u00edda.<\/p>\n\n\n\n<p>\u2014Se\u00f1or, se\u00f1or \u2014o\u00edn como me berraba\u2014que deixa o libro.<\/p>\n\n\n\n<p>\u2014Ah! Que despiste o meu! \u2014exclamei, coll\u00e9ndoo e ergu\u00e9ndoo ben para que o vise\u2014 Moitas grazas.<\/p>\n\n\n\n<p>\u2014Que casualidade. Eu tam\u00e9n estou lendo o mesmo\u2014dixo, mentres mo amosaba.<\/p>\n\n\n\n<p>\u2014Non me diga \u2014respondinlle, simulando sorpresa\u2014. \u00c1s veces danse estas coincidencias.<\/p>\n\n\n\n<p>\u2014Por certo. A s\u00faa cara f\u00e1iseme co\u00f1ecida. Por casualidade non tocar\u00e1 nun grupo?<\/p>\n\n\n\n<p>\u2014Tocar, toco o acorde\u00f3n, pero son un afeccionado. D\u00e9bese confundir con outro \u2014contesteille.<\/p>\n\n\n\n<p>\u2014Pois a verdade \u00e9 que se me fai moi co\u00f1ecido.<\/p>\n\n\n\n<p class=\"has-text-align-justify\">Realmente estaba metido nun canell\u00f3n sen sa\u00edda. Despois de toda a comedia que vi\u00f1a de representar como lle \u00eda dicir que eu era o autor do libro? \u00c9 m\u00e1is, ti\u00f1a que liscar xa. Que vergo\u00f1a se ao final me descubr\u00eda! As\u00ed que despedinme sen m\u00e1is, mesmo dun xeito que pod\u00eda denotar certa mala educaci\u00f3n.<\/p>\n\n\n\n<p class=\"has-text-align-justify\">Non andar\u00eda cen metros, cando escoito a algu\u00e9n detr\u00e1s de min berrando: \u201cSuso, Suso, agarda, agarda\u2026\u201d Pensei que me daba algo.Estaba descuberto. Nese momento recib\u00edn un pequeno golpe no brazo esquerdo. \u201cPerdoe, se\u00f1or\u201d, escoitei, mentres segu\u00eda berrando: \u201cSuso, Suso\u2026\u201d e me adiantaba. Uns metros m\u00e1is adiante un home d\u00e1base a volta e agardaba por ela. Respirei tranquilo.<\/p>\n\n\n\n<p><\/p>\n\n\n\n<p><\/p>\n\n\n\n<p><\/p>\n\n\n\n<p><\/p>\n","protected":false},"excerpt":{"rendered":"<p>Andanzas do Suso de Lameli\u00f1a Suso de Lameli\u00f1a NA PROCURA DE INSPIRACI\u00d3N O parque Rosal\u00eda de Castro \u00e9 un dos meus lugares preferidos da cidade das murallas, algo que arrastro [&hellip;]<\/p>\n","protected":false},"author":39,"featured_media":0,"comment_status":"open","ping_status":"open","sticky":false,"template":"","format":"standard","meta":{"_et_pb_use_builder":"","_et_pb_old_content":"","_et_gb_content_width":"","_jetpack_memberships_contains_paid_content":false,"footnotes":""},"categories":[974,23,967,7,129,1],"tags":[976,1548,993],"class_list":["post-12553","post","type-post","status-publish","format-standard","hentry","category-andanzas-do-suso-de-lamelina","category-autoresas","category-colaboracions","category-creacion","category-literaria","category-xeral","tag-andanzas-do-suso-de-lamelina","tag-na-procura-de-inspiracion","tag-xesus-trashorras"],"jetpack_featured_media_url":"","jetpack_sharing_enabled":true,"_links":{"self":[{"href":"http:\/\/culturaliagz.com\/index.php?rest_route=\/wp\/v2\/posts\/12553","targetHints":{"allow":["GET"]}}],"collection":[{"href":"http:\/\/culturaliagz.com\/index.php?rest_route=\/wp\/v2\/posts"}],"about":[{"href":"http:\/\/culturaliagz.com\/index.php?rest_route=\/wp\/v2\/types\/post"}],"author":[{"embeddable":true,"href":"http:\/\/culturaliagz.com\/index.php?rest_route=\/wp\/v2\/users\/39"}],"replies":[{"embeddable":true,"href":"http:\/\/culturaliagz.com\/index.php?rest_route=%2Fwp%2Fv2%2Fcomments&post=12553"}],"version-history":[{"count":4,"href":"http:\/\/culturaliagz.com\/index.php?rest_route=\/wp\/v2\/posts\/12553\/revisions"}],"predecessor-version":[{"id":12557,"href":"http:\/\/culturaliagz.com\/index.php?rest_route=\/wp\/v2\/posts\/12553\/revisions\/12557"}],"wp:attachment":[{"href":"http:\/\/culturaliagz.com\/index.php?rest_route=%2Fwp%2Fv2%2Fmedia&parent=12553"}],"wp:term":[{"taxonomy":"category","embeddable":true,"href":"http:\/\/culturaliagz.com\/index.php?rest_route=%2Fwp%2Fv2%2Fcategories&post=12553"},{"taxonomy":"post_tag","embeddable":true,"href":"http:\/\/culturaliagz.com\/index.php?rest_route=%2Fwp%2Fv2%2Ftags&post=12553"}],"curies":[{"name":"wp","href":"https:\/\/api.w.org\/{rel}","templated":true}]}}