{"id":12499,"date":"2023-03-14T20:09:53","date_gmt":"2023-03-14T19:09:53","guid":{"rendered":"http:\/\/culturaliagz.com\/?p=12499"},"modified":"2023-03-14T20:40:00","modified_gmt":"2023-03-14T19:40:00","slug":"este-venres-unico-pase-en-compostela-de-ultimo-veran-en-santa-cristina-unha-producion-de-teatro-do-noroeste","status":"publish","type":"post","link":"http:\/\/culturaliagz.com\/?p=12499","title":{"rendered":"Este venres, \u00fanico pase en Compostela de \u2018\u00daltimo ver\u00e1n en Santa Cristina\u2019, unha produci\u00f3n de Teatro do Noroeste"},"content":{"rendered":"\n<p><\/p>\n\n\n<div class=\"wp-block-image\">\n<figure class=\"aligncenter size-large\"><a href=\"http:\/\/culturaliagz.com\/wp-content\/uploads\/2023\/03\/A79E7830-2DF7-4F41-BA51-CFB7AD793095.jpeg\" target=\"_blank\" rel=\"noreferrer noopener\"><img loading=\"lazy\" decoding=\"async\" width=\"724\" height=\"1024\" src=\"http:\/\/culturaliagz.com\/wp-content\/uploads\/2023\/03\/A79E7830-2DF7-4F41-BA51-CFB7AD793095-724x1024.jpeg\" alt=\"\" class=\"wp-image-12500\"\/><\/a><\/figure>\n<\/div>\n\n\n<p><\/p>\n\n\n\n<p><\/p>\n\n\n\n<p class=\"has-text-align-justify\"><strong>A obra poderase ver no Teatro Principal este venres,&nbsp;17 de marzo, \u00e1s 20.30 horas<\/strong><\/p>\n\n\n\n<p class=\"has-text-align-justify\"><strong>\u2018\u00daltimo ver\u00e1n en Santa Cristina\u2019 \u00e9 un texto asinado polo dramaturgo Eduardo Alonso, ambientado nos anos 60, que trata das sensibles e conmovedoras lembranzas dun neno que vive a s\u00faa infancia na Espa\u00f1a franquista<\/strong><\/p>\n\n\n\n<p class=\"has-text-align-justify\"><strong>A veterana compa\u00f1\u00eda de teatro regresa \u00e1 Compostela cunha proposta protagonizada por Xavier Est\u00e9vez, Luma G\u00f3mez, Miguel Pernas, Maxo Barjas e Manuela Varela<\/strong><\/p>\n\n\n\n<p class=\"has-text-align-justify\"><strong>As entradas est\u00e1n dispo\u00f1ibles na web&nbsp;<a href=\"https:\/\/www.compostelacultura.gal\/espectaculos\/evento\/%C3%BAltimo-ver%C3%A1n-en-santa-cristina\" target=\"_blank\" rel=\"noreferrer noopener\">www.compostelacultura.gal<\/a>&nbsp;e, o mesmo d\u00eda da funci\u00f3n, na billeteira do teatro<\/strong><\/p>\n\n\n\n<p><\/p>\n\n\n\n<figure class=\"wp-block-gallery has-nested-images columns-default is-cropped wp-block-gallery-1 is-layout-flex wp-block-gallery-is-layout-flex\">\n<figure class=\"wp-block-image size-large\"><a href=\"http:\/\/culturaliagz.com\/wp-content\/uploads\/2023\/03\/BA66DBD3-4066-4E2B-BD5C-98CCDEA74F93.jpeg\" target=\"_blank\" rel=\"noreferrer noopener\"><img loading=\"lazy\" decoding=\"async\" width=\"1024\" height=\"725\" data-id=\"12502\" src=\"http:\/\/culturaliagz.com\/wp-content\/uploads\/2023\/03\/BA66DBD3-4066-4E2B-BD5C-98CCDEA74F93-1024x725.jpeg\" alt=\"\" class=\"wp-image-12502\" srcset=\"http:\/\/culturaliagz.com\/wp-content\/uploads\/2023\/03\/BA66DBD3-4066-4E2B-BD5C-98CCDEA74F93-980x694.jpeg 980w, http:\/\/culturaliagz.com\/wp-content\/uploads\/2023\/03\/BA66DBD3-4066-4E2B-BD5C-98CCDEA74F93-480x340.jpeg 480w\" sizes=\"auto, (min-width: 0px) and (max-width: 480px) 480px, (min-width: 481px) and (max-width: 980px) 980px, (min-width: 981px) 1024px, 100vw\" \/><\/a><\/figure>\n\n\n\n<figure class=\"wp-block-image size-large\"><a href=\"http:\/\/culturaliagz.com\/wp-content\/uploads\/2023\/03\/D21CB3EE-FD6D-4CAF-9C75-03A0F5CC8B9A.jpeg\" target=\"_blank\" rel=\"noreferrer noopener\"><img loading=\"lazy\" decoding=\"async\" width=\"1024\" height=\"623\" data-id=\"12501\" src=\"http:\/\/culturaliagz.com\/wp-content\/uploads\/2023\/03\/D21CB3EE-FD6D-4CAF-9C75-03A0F5CC8B9A-1024x623.jpeg\" alt=\"\" class=\"wp-image-12501\" srcset=\"http:\/\/culturaliagz.com\/wp-content\/uploads\/2023\/03\/D21CB3EE-FD6D-4CAF-9C75-03A0F5CC8B9A-980x596.jpeg 980w, http:\/\/culturaliagz.com\/wp-content\/uploads\/2023\/03\/D21CB3EE-FD6D-4CAF-9C75-03A0F5CC8B9A-480x292.jpeg 480w\" sizes=\"auto, (min-width: 0px) and (max-width: 480px) 480px, (min-width: 481px) and (max-width: 980px) 980px, (min-width: 981px) 1024px, 100vw\" \/><\/a><\/figure>\n\n\n\n<figure class=\"wp-block-image size-large\"><a href=\"http:\/\/culturaliagz.com\/wp-content\/uploads\/2023\/03\/172914F4-945E-4889-94EF-737FBB2C2FA6.jpeg\" target=\"_blank\" rel=\"noreferrer noopener\"><img loading=\"lazy\" decoding=\"async\" width=\"1024\" height=\"683\" data-id=\"12503\" src=\"http:\/\/culturaliagz.com\/wp-content\/uploads\/2023\/03\/172914F4-945E-4889-94EF-737FBB2C2FA6-1024x683.jpeg\" alt=\"\" class=\"wp-image-12503\" srcset=\"http:\/\/culturaliagz.com\/wp-content\/uploads\/2023\/03\/172914F4-945E-4889-94EF-737FBB2C2FA6-980x653.jpeg 980w, http:\/\/culturaliagz.com\/wp-content\/uploads\/2023\/03\/172914F4-945E-4889-94EF-737FBB2C2FA6-480x320.jpeg 480w\" sizes=\"auto, (min-width: 0px) and (max-width: 480px) 480px, (min-width: 481px) and (max-width: 980px) 980px, (min-width: 981px) 1024px, 100vw\" \/><\/a><\/figure>\n<\/figure>\n\n\n\n<p><\/p>\n\n\n\n<p><\/p>\n\n\n\n<p><\/p>\n\n\n\n<p class=\"has-text-align-justify\">A\u00ednda quedan entradas para o \u00fanico pase de&nbsp;<em><a rel=\"noreferrer noopener\" href=\"https:\/\/www.teatrodonoroeste.com\/obra_g.php?idObra=66\" target=\"_blank\">\u00daltimo ver\u00e1n en Santa Cristina<\/a><\/em>&nbsp;que a compa\u00f1\u00eda galego <a rel=\"noreferrer noopener\" href=\"https:\/\/www.teatrodonoroeste.com\/\" target=\"_blank\">Teatro do Noroeste<\/a> brindar\u00e1 este venres,&nbsp;17 de marzo, no Teatro Principal de Santiago de Compostela \u00e1s 20.30 horas. Esta peza de teatro pol\u00edtico, firmada polo dramaturgo Eduardo Alonso e con pinceladas autobiogr\u00e1ficas, est\u00e1 ambientada nos anos 60 e trata das sensibles e conmovedoras lembranzas dun neno que vive a s\u00faa infancia na Espa\u00f1a franquista.<\/p>\n\n\n\n<p class=\"has-text-align-justify\">No texto, un rapaz de 12 anos realiza o tr\u00e1nsito da adolescencia \u00e1 madureza, descubrindo a natureza da vida e da morte, a esencia do amor e do sexo e, sobre todo, un terrible segredo que oculta a s\u00faa familia de militares franquistas. Teatro do Noroeste regresa deste xeito \u00e1 cidade compostel\u00e1 cunha proposta protagonizada por Xavier Est\u00e9vez, Luma G\u00f3mez, Miguel Pernas, Maxo Barjas e Manuela Varela.<\/p>\n\n\n\n<p class=\"has-text-align-justify\">As entradas para gozar do espect\u00e1culo est\u00e1n dispo\u00f1ibles a trav\u00e9s da plataforma en li\u00f1a&nbsp;<a href=\"https:\/\/www.compostelacultura.gal\/espectaculos\/evento\/%C3%BAltimo-ver%C3%A1n-en-santa-cristina\">www.<\/a><a href=\"https:\/\/www.compostelacultura.gal\/espectaculos\/evento\/%C3%BAltimo-ver%C3%A1n-en-santa-cristina\" target=\"_blank\" rel=\"noreferrer noopener\">compostelacultura.gal<\/a>&nbsp;e, os d\u00edas de funci\u00f3n, na billeteira do propio teatro.<\/p>\n\n\n\n<p class=\"has-text-align-justify\"><strong>SOBRE O ESPECT\u00c1CULO<\/strong><br><em>\u00daltimo ver\u00e1n en Santa Cristina<\/em>&nbsp;conta o acaecido a un rapaz de 12 anos que, no ano 1960, pasa o seu \u00faltimo ver\u00e1n nunha praia preto da cidade na que vive. Moitos anos despois, cando xa \u00e9 un home adulto, recibe unhas cartas supostamente propiedade da s\u00faa nai xa morta e durante a s\u00faa lectura rememora o acontecido daquela.<\/p>\n\n\n\n<p class=\"has-text-align-justify\">Como \u00e9 fillo de militar, o rapaz vive con intensidade os acontecementos da sociedade franquista da \u00e9poca, como os desfiles na praza da cidade que coinciden coa estad\u00eda de Franco no Pazo de Meir\u00e1s, a poucos quil\u00f3metros de onde el veranea. Entre os seus propios recordos, moi escorados nas lembranzas relacionadas co seu paso de neno a adulto, e as cartas agora recibidas, vai descubrindo a relaci\u00f3n da s\u00faa nai, a muller do militar, cun antigo amigo da mocidade, fuxido e enrolado na \u00faltima partida de guerrilleiros antifranquistas que a\u00ednda fica activa en Galicia en 1960.<\/p>\n\n\n\n<p class=\"has-text-align-justify\">M\u00e1is de trinta anos despois, e xa convertido nun adulto, o protagonista vai descubrindo, a trav\u00e9s da lectura das cartas e das lembranzas non moi precisas que a\u00ednda conserva daquela \u00e9poca, as relaci\u00f3ns triangulares da s\u00faa nai, do seu pai e do partisano, que inevitablemente acabar\u00e1n en traxedia.<\/p>\n\n\n\n<p class=\"has-text-align-justify\"><strong>SOBRE A COMPA\u00d1\u00cdA<\/strong><br>Teatro do Noroeste \u00e9 unha compa\u00f1\u00eda de teatro galega fundada en 1987. Na s\u00faa dilatada traxectoria leva producido e distribu\u00eddo unha gran cantidade de espect\u00e1culos. Entre estas pezas at\u00f3panse textos cl\u00e1sicos, como&nbsp;<em>Rei Lear<\/em>,&nbsp;<em>Macbeth&nbsp;<\/em>ou&nbsp;<em>Noite de Reis<\/em>, de William Shakespeare, ou&nbsp;<em>As vodas de F\u00edgaro<\/em>, de Caron de Beaumarchais; textos m\u00e1is contempor\u00e1neos, como&nbsp;<em>Os xustos<\/em>, de Albert Cam\u00fas; de autores galegos, como&nbsp;<em>Historias peregrinas<\/em>&nbsp;e&nbsp;<em>A grande noite de Fiz<\/em>, de Miguel Anxo Murado, e&nbsp;<em>Unha rosa \u00e9 unha rosa<\/em>, de Suso de Toro, ou o musical&nbsp;<em>Imperial: Caf\u00e9 cantante. Vigo 1936<\/em>, de Eduardo Alonso, entre outros.<\/p>\n\n\n\n<p><\/p>\n\n\n<a href=\"http:\/\/culturaliagz.com\/wp-content\/uploads\/2023\/03\/20230314-NP_Ultimo-veran_Santiago.pdf\" class=\"pdfemb-viewer\" style=\"\" data-width=\"max\" data-height=\"max\" data-toolbar=\"bottom\" data-toolbar-fixed=\"off\">20230314-NP_Ultimo-veran_Santiago<\/a>\n<p class=\"wp-block-pdfemb-pdf-embedder-viewer\"><\/p>\n","protected":false},"excerpt":{"rendered":"<p>A obra poderase ver no Teatro Principal este venres,&nbsp;17 de marzo, \u00e1s 20.30 horas \u2018\u00daltimo ver\u00e1n en Santa Cristina\u2019 \u00e9 un texto asinado polo dramaturgo Eduardo Alonso, ambientado nos anos [&hellip;]<\/p>\n","protected":false},"author":1,"featured_media":0,"comment_status":"open","ping_status":"open","sticky":false,"template":"","format":"standard","meta":{"_et_pb_use_builder":"","_et_pb_old_content":"","_et_gb_content_width":"","_jetpack_memberships_contains_paid_content":false,"footnotes":""},"categories":[23,7,129,6,57,1],"tags":[1544,1442,1443],"class_list":["post-12499","post","type-post","status-publish","format-standard","hentry","category-autoresas","category-creacion","category-literaria","category-novas","category-outras-artes","category-xeral","tag-eduardo-alonso","tag-teatro-do-noroeste","tag-ultimo-veran-en-santa-cristina"],"jetpack_featured_media_url":"","jetpack_sharing_enabled":true,"_links":{"self":[{"href":"http:\/\/culturaliagz.com\/index.php?rest_route=\/wp\/v2\/posts\/12499","targetHints":{"allow":["GET"]}}],"collection":[{"href":"http:\/\/culturaliagz.com\/index.php?rest_route=\/wp\/v2\/posts"}],"about":[{"href":"http:\/\/culturaliagz.com\/index.php?rest_route=\/wp\/v2\/types\/post"}],"author":[{"embeddable":true,"href":"http:\/\/culturaliagz.com\/index.php?rest_route=\/wp\/v2\/users\/1"}],"replies":[{"embeddable":true,"href":"http:\/\/culturaliagz.com\/index.php?rest_route=%2Fwp%2Fv2%2Fcomments&post=12499"}],"version-history":[{"count":5,"href":"http:\/\/culturaliagz.com\/index.php?rest_route=\/wp\/v2\/posts\/12499\/revisions"}],"predecessor-version":[{"id":12511,"href":"http:\/\/culturaliagz.com\/index.php?rest_route=\/wp\/v2\/posts\/12499\/revisions\/12511"}],"wp:attachment":[{"href":"http:\/\/culturaliagz.com\/index.php?rest_route=%2Fwp%2Fv2%2Fmedia&parent=12499"}],"wp:term":[{"taxonomy":"category","embeddable":true,"href":"http:\/\/culturaliagz.com\/index.php?rest_route=%2Fwp%2Fv2%2Fcategories&post=12499"},{"taxonomy":"post_tag","embeddable":true,"href":"http:\/\/culturaliagz.com\/index.php?rest_route=%2Fwp%2Fv2%2Ftags&post=12499"}],"curies":[{"name":"wp","href":"https:\/\/api.w.org\/{rel}","templated":true}]}}