{"id":12490,"date":"2023-03-14T01:04:34","date_gmt":"2023-03-14T00:04:34","guid":{"rendered":"http:\/\/culturaliagz.com\/?p=12490"},"modified":"2023-03-14T01:04:37","modified_gmt":"2023-03-14T00:04:37","slug":"a-iv-semana-do-cinema-galego-comeza-este-martes-coa-programacion-de-nove-peliculas-mostra-do-mellor-audiovisual-do-pais","status":"publish","type":"post","link":"http:\/\/culturaliagz.com\/?p=12490","title":{"rendered":"A IV Semana do Cinema Galego comeza\u00a0este martes coa programaci\u00f3n de nove pel\u00edculas, mostra do mellor audiovisual do pa\u00eds"},"content":{"rendered":"\n<p><\/p>\n\n\n<div class=\"wp-block-image\">\n<figure class=\"aligncenter size-large\"><a href=\"http:\/\/culturaliagz.com\/wp-content\/uploads\/2023\/03\/159_ProyectoEmperador_04052021_jaimeolmedo_DSC_9755-scaled.jpg\" target=\"_blank\" rel=\"noreferrer noopener\"><img loading=\"lazy\" decoding=\"async\" width=\"1024\" height=\"683\" src=\"http:\/\/culturaliagz.com\/wp-content\/uploads\/2023\/03\/159_ProyectoEmperador_04052021_jaimeolmedo_DSC_9755-1024x683.jpg\" alt=\"\" class=\"wp-image-12491\" srcset=\"http:\/\/culturaliagz.com\/wp-content\/uploads\/2023\/03\/159_ProyectoEmperador_04052021_jaimeolmedo_DSC_9755-980x653.jpg 980w, http:\/\/culturaliagz.com\/wp-content\/uploads\/2023\/03\/159_ProyectoEmperador_04052021_jaimeolmedo_DSC_9755-480x320.jpg 480w\" sizes=\"auto, (min-width: 0px) and (max-width: 480px) 480px, (min-width: 481px) and (max-width: 980px) 980px, (min-width: 981px) 1024px, 100vw\" \/><\/a><\/figure>\n<\/div>\n\n\n<p><\/p>\n\n\n\n<p class=\"has-text-align-justify\"><strong><em>C\u00f3digo Emperador<\/em>\u00a0ser\u00e1 o filme inaugural e na s\u00faa presentaci\u00f3n intervi\u00f1er\u00e1n\u00a0o director Jorge Coira e a produtora Emma Lustres<\/strong><\/p>\n\n\n\n<p class=\"has-text-align-justify\"><strong>Completan a programaci\u00f3n\u00a0<em>Mar\u00eda Casares. A muller\u00a0que viviu mil vidas<\/em>,\u00a0<em>Onde m\u00e1is doe, O home e o can, A Foreign Song<\/em>,\u00a0<\/strong><\/p>\n\n\n\n<p class=\"has-text-align-justify\"><strong><em>No somos nada, Live is Life<\/em>,<em>\u00a0Valentina e O corpo aberto<\/em>,\u00a0gran triunfadora dos \u00faltimos Premios Mestre Mateo<\/strong><\/p>\n\n\n\n<p class=\"has-text-align-justify\"><strong>Os pases, que contar\u00e1n coa presenza dos equipos art\u00edsticos\u00a0<\/strong> <strong>e t\u00e9cnicos das pel\u00edculas, como Manuel Manqui\u00f1a, Xavier Villaverde,<\/strong><\/p>\n\n\n\n<p class=\"has-text-align-justify\"><strong>Manane Rodr\u00edguez, \u00c1ngel de la Cruz, Chelo Loureiro ou \u00c1ngeles Huerta, entre outros,\u00a0ser\u00e1n con entrada libre ata completar o aforo<\/strong><\/p>\n\n\n\n<p><\/p>\n\n\n\n<p><\/p>\n\n\n\n<p class=\"has-text-align-justify\">A Coru\u00f1a vai acoller a partir de ma\u00f1\u00e1, 14 de marzo, e ata o vindeiro domingo a\u00a0<a href=\"https:\/\/semanadocinemagalego.gal\/\" target=\"_blank\" rel=\"noreferrer noopener\">IV Semana do Cinema Galego<\/a>, a gran celebraci\u00f3n cinematogr\u00e1fica non competitiva do pa\u00eds, que exhibe o m\u00e1is salientable da produci\u00f3n audiovisual galega do \u00faltimo ano. Un total de nove filmes -os finalistas e ga\u00f1adores dos XXI Premios Mestre Mateo celebrados este pasado fin de semana- vanse proxectar no Teatro Col\u00f3n da cidade herculina ao longo destes seis d\u00edas, en sesi\u00f3ns nas que participar\u00e1n os equipos responsables das obras. Deste xeito, visitar\u00e1n A Coru\u00f1a artistas como Jorge Coira, Manuel Manqui\u00f1a, Xavier Villaverde, Manane Rodr\u00edguez, \u00c1ngel de la Cruz, Chelo Loureiro ou \u00c1ngeles Huerta, entre moitas outras figuras do noso cinema.<\/p>\n\n\n\n<p class=\"has-text-align-justify\">O programa da <a href=\"https:\/\/semanadocinemagalego.gal\/\" target=\"_blank\" rel=\"noreferrer noopener\">IV Semana do Cinema Galego<\/a> contar\u00e1 cos largos de ficci\u00f3n\u00a0<em>C\u00f3digo Emperador<\/em>,\u00a0<em>Live is Life<\/em>,\u00a0<em>O corpo aberto<\/em>\u00a0e\u00a0<em>O home e o can<\/em>; os documentais\u00a0<em>A Foreign Song<\/em>,\u00a0<em>Mar\u00eda Casares. A muller que viviu mil vidas<\/em>,\u00a0<em>No somos nada<\/em>\u00a0e\u00a0<em>Onde m\u00e1is doe<\/em>\u00a0e a pel\u00edcula de animaci\u00f3n<em>Valentina<\/em>. O acceso a todas as proxecci\u00f3ns do encontro ser\u00e1 de balde, con entrada libre, por orde de chegada \u00e1 sala, ata completar o aforo.<\/p>\n\n\n\n<p><strong>O talento galego en pantalla grande<\/strong><\/p>\n\n\n\n<p class=\"has-text-align-justify\">A actividade da IV Semana do Cinema Galego botar\u00e1 a andar con&nbsp;<strong><em>C\u00f3digo Emperador<\/em><\/strong>, pel\u00edcula dirixida por&nbsp;<strong>Jorge Coira&nbsp;<\/strong>e protagonizada por&nbsp;<strong>Luis Tosar<\/strong>, que se exhibir\u00e1 o&nbsp;<strong>martes 14 de marzo<\/strong>&nbsp;a partir das 20.00h, tras o acto oficial de inauguraci\u00f3n e o coloquio, coa presentaci\u00f3 por parte do propio director e mais a produtora Emma Lustres.<\/p>\n\n\n\n<p class=\"has-text-align-justify\">O&nbsp;<strong>m\u00e9rcores 15<\/strong>, \u00e1s 20.00 h, ser\u00e1 a quenda do documental&nbsp;<strong><em>Mar\u00eda Casares. A muller que viviu mil vidas<\/em><\/strong>, unha ollada \u00edntima e profunda de&nbsp;<strong>Xavier Villaverde<\/strong>&nbsp;sobre a vida da grande actriz coru\u00f1esa que v\u00e9n de recibir o premio Mestre Mateo ao Mellor Documental.<\/p>\n\n\n\n<p class=\"has-text-align-justify\">No ecuador da Semana, o&nbsp;<strong>xoves 16 de marzo,<\/strong>&nbsp;comezar\u00e1n as sesi\u00f3ns dobres no Teatro Col\u00f3n. \u00c1s 20.00 h vaise proxectar&nbsp;<strong><em>Onde m\u00e1is doe<\/em><\/strong>, un documental da a cineasta uruguaia afincada en Galicia&nbsp;<strong>Manane Rodr\u00edguez<\/strong>. Un chisco m\u00e1is tarde, \u00e1s 22.00 h, exhibirase&nbsp;<strong><em>O home e o can<\/em><\/strong>, dirixida por&nbsp;<strong>\u00c1ngel de la Cruz<\/strong>&nbsp;e protagonizada por&nbsp;<strong>Manuel Manqui\u00f1a<\/strong>.<\/p>\n\n\n\n<p class=\"has-text-align-justify\">O programa do&nbsp;<strong>venres 17<\/strong>&nbsp;<strong>de marzo&nbsp;<\/strong>iniciarase coa proxecci\u00f3n, \u00e1s 20.00 h, de&nbsp;<strong><em>A Foreign Song<\/em><\/strong>, de&nbsp;<strong>C\u00e9sar Souto<\/strong>.&nbsp;Algo m\u00e1is tarde, \u00e1s 22.00 h, o p\u00fablico poder\u00e1 gozar de&nbsp;<strong><em>No somos nada,<\/em><\/strong>&nbsp;de&nbsp;<strong>Javier Corcuera<\/strong>, un repaso aos corenta anos de La Polla Records, unha das bandas m\u00e1is ic\u00f3nicas do punk nacional.<\/p>\n\n\n\n<p class=\"has-text-align-justify\">A sesi\u00f3n do&nbsp;<strong>s\u00e1bado 18<\/strong>&nbsp;estar\u00e1 composta por un programa dobre de longametraxes de ficci\u00f3n con estilos moi diferentes. De primeiro, \u00e1s 19.30 h, a cita \u00e9 coa comedia&nbsp;<strong><em>Live is Life<\/em><\/strong>&nbsp;de&nbsp;<strong>Dani de la Torre<\/strong>. E de segundo, \u00e1s 22.00 h, ser\u00e1 o filme g\u00f3tico&nbsp;<strong><em>O corpo aberto<\/em><\/strong>&nbsp;de&nbsp;<strong>\u00c1ngeles Huerta<\/strong>&nbsp;quen tome a pantalla do Col\u00f3n, con&nbsp;<strong>Tamar Novas<\/strong>&nbsp;e&nbsp;<strong>Mar\u00eda V\u00e1zquez<\/strong>&nbsp;como protagonistas. O p\u00fablico coru\u00f1\u00e9s vai ter a oportunidade de gozar novamente en pantalla grande da gran triunfadora da \u00faltima edici\u00f3n dos Mestre Mateo.&nbsp;<em>O corpo aberto<\/em>&nbsp;alzouse con doce galard\u00f3ns dos dezaseis aos que optaba, entre eles os das categor\u00edas de longametraxe, direcci\u00f3n e gui\u00f3n as\u00ed como as de mellor interpretaci\u00f3n masculina protagonista e de reparto para Tamar Novas e Federico P\u00e9rez, respectivamente.<\/p>\n\n\n\n<p class=\"has-text-align-justify\">A clausura da IV Semana do Cinema Galego ser\u00e1 a ma\u00f1\u00e1 do&nbsp;<strong>domingo 19<\/strong>, \u00e1s 11.30 h, e vir\u00e1 da man de&nbsp;<strong><em>Valentina<\/em><\/strong>, a pel\u00edcula de Chelo Loureiro ga\u00f1adora do Premio Goya \u00e1 mellor longametraxe de animaci\u00f3n no 2022.<\/p>\n\n\n\n<p><strong>Cita co talento<\/strong><\/p>\n\n\n\n<p class=\"has-text-align-justify\">Con esta nova edici\u00f3n, a\u00a0<strong>Semana do Cinema Galego<\/strong>\u00a0consol\u00eddase como mostra consagrada ao talento m\u00e1is pr\u00f3ximo, co foco na\u00a0<strong>complicidade co espectador<\/strong>\u00a0e cristalizando sinerx\u00edas coa cidade herculina, escenario e catalizador dos\u00a0<strong>di\u00e1logos entre o p\u00fablico e os artistas<\/strong>. A\u00a0<strong>Semana do Cinema Galego<\/strong>\u00a0est\u00e1 impulsada pola\u00a0<strong>Academia Galega do Audiovisual (AGA)\u00a0<\/strong>e conta co apoio do\u00a0<strong>Concello da Coru\u00f1a<\/strong>\u00a0e da\u00a0<strong>Deputaci\u00f3n da Coru\u00f1a<\/strong>\u00a0e mais coa colaboraci\u00f3n de\u00a0<strong>Abanca<\/strong>. Toda a informaci\u00f3n sobre os horarios e as pel\u00edculas p\u00f3dese consultar na web\u00a0<a href=\"https:\/\/semanadocinemagalego.gal\/\" target=\"_blank\" rel=\"noreferrer noopener\">https:\/\/semanadocinemagalego.gal\/<\/a>.<\/p>\n\n\n\n<p><\/p>\n\n\n\n<p><\/p>\n\n\n<a href=\"http:\/\/culturaliagz.com\/wp-content\/uploads\/2023\/03\/20230313-NP-Inauguracion-IV-SCG.pdf\" class=\"pdfemb-viewer\" style=\"\" data-width=\"max\" data-height=\"max\" data-toolbar=\"bottom\" data-toolbar-fixed=\"off\">20230313-NP-Inauguracion-IV-SCG<\/a>\n<p class=\"wp-block-pdfemb-pdf-embedder-viewer\"><\/p>\n","protected":false},"excerpt":{"rendered":"<p>C\u00f3digo Emperador\u00a0ser\u00e1 o filme inaugural e na s\u00faa presentaci\u00f3n intervi\u00f1er\u00e1n\u00a0o director Jorge Coira e a produtora Emma Lustres Completan a programaci\u00f3n\u00a0Mar\u00eda Casares. A muller\u00a0que viviu mil vidas,\u00a0Onde m\u00e1is doe, O [&hellip;]<\/p>\n","protected":false},"author":1,"featured_media":0,"comment_status":"open","ping_status":"open","sticky":false,"template":"","format":"standard","meta":{"_et_pb_use_builder":"","_et_pb_old_content":"","_et_gb_content_width":"","_jetpack_memberships_contains_paid_content":false,"footnotes":""},"categories":[23,7,6,57,1],"tags":[1495],"class_list":["post-12490","post","type-post","status-publish","format-standard","hentry","category-autoresas","category-creacion","category-novas","category-outras-artes","category-xeral","tag-iv-semana-do-cinema-galego"],"jetpack_featured_media_url":"","jetpack_sharing_enabled":true,"_links":{"self":[{"href":"http:\/\/culturaliagz.com\/index.php?rest_route=\/wp\/v2\/posts\/12490","targetHints":{"allow":["GET"]}}],"collection":[{"href":"http:\/\/culturaliagz.com\/index.php?rest_route=\/wp\/v2\/posts"}],"about":[{"href":"http:\/\/culturaliagz.com\/index.php?rest_route=\/wp\/v2\/types\/post"}],"author":[{"embeddable":true,"href":"http:\/\/culturaliagz.com\/index.php?rest_route=\/wp\/v2\/users\/1"}],"replies":[{"embeddable":true,"href":"http:\/\/culturaliagz.com\/index.php?rest_route=%2Fwp%2Fv2%2Fcomments&post=12490"}],"version-history":[{"count":1,"href":"http:\/\/culturaliagz.com\/index.php?rest_route=\/wp\/v2\/posts\/12490\/revisions"}],"predecessor-version":[{"id":12493,"href":"http:\/\/culturaliagz.com\/index.php?rest_route=\/wp\/v2\/posts\/12490\/revisions\/12493"}],"wp:attachment":[{"href":"http:\/\/culturaliagz.com\/index.php?rest_route=%2Fwp%2Fv2%2Fmedia&parent=12490"}],"wp:term":[{"taxonomy":"category","embeddable":true,"href":"http:\/\/culturaliagz.com\/index.php?rest_route=%2Fwp%2Fv2%2Fcategories&post=12490"},{"taxonomy":"post_tag","embeddable":true,"href":"http:\/\/culturaliagz.com\/index.php?rest_route=%2Fwp%2Fv2%2Ftags&post=12490"}],"curies":[{"name":"wp","href":"https:\/\/api.w.org\/{rel}","templated":true}]}}