{"id":12437,"date":"2023-03-07T23:27:44","date_gmt":"2023-03-07T22:27:44","guid":{"rendered":"http:\/\/culturaliagz.com\/?p=12437"},"modified":"2023-03-07T23:35:36","modified_gmt":"2023-03-07T22:35:36","slug":"dios-ke-te-crew-contara-con-boyanka-kostova-no-seu-concerto-do-18-de-marzo-na-coruna-no-marco-xira-tremendos-anos-20","status":"publish","type":"post","link":"http:\/\/culturaliagz.com\/?p=12437","title":{"rendered":"Dios Ke Te Crew contar\u00e1 con Boyanka Kostova no seu concerto do 18 de marzo na Coru\u00f1a, no marco xira &#8216;Tremendos Anos 20&#8217;"},"content":{"rendered":"\n<p><\/p>\n\n\n<div class=\"wp-block-image\">\n<figure class=\"aligncenter size-full\"><a href=\"http:\/\/culturaliagz.com\/wp-content\/uploads\/2023\/03\/DKTC-A-CORUNA.jpeg\" target=\"_blank\" rel=\"noreferrer noopener\"><img loading=\"lazy\" decoding=\"async\" width=\"480\" height=\"600\" src=\"http:\/\/culturaliagz.com\/wp-content\/uploads\/2023\/03\/DKTC-A-CORUNA.jpeg\" alt=\"\" class=\"wp-image-12438\" srcset=\"http:\/\/culturaliagz.com\/wp-content\/uploads\/2023\/03\/DKTC-A-CORUNA.jpeg 480w, http:\/\/culturaliagz.com\/wp-content\/uploads\/2023\/03\/DKTC-A-CORUNA-240x300.jpeg 240w\" sizes=\"auto, (max-width: 480px) 100vw, 480px\" \/><\/a><\/figure>\n<\/div>\n\n\n<p><\/p>\n\n\n\n<p><\/p>\n\n\n\n<p class=\"has-text-align-justify\"><strong>A banda m\u00e1is emblem\u00e1tica do hip hop do pa\u00eds actuar\u00e1 na sala Playa Club a partir das 22:00 horas e as entradas para a cita est\u00e1n dispo\u00f1ibles en <\/strong><a href=\"http:\/\/www.enterticket.es\" target=\"_blank\" rel=\"noreferrer noopener\"><strong>www.enterticket.es<\/strong><\/a><strong>&nbsp;<\/strong><\/p>\n\n\n\n<p class=\"has-text-align-justify\"><strong>Tr\u00e1tase do segundo directo dunha xira especial coa que Mou, Sokram, Jamas<\/strong> <strong>e Dj Murdock celebran d\u00faas d\u00e9cadas na escena musical<\/strong><\/p>\n\n\n\n<p><\/p>\n\n\n\n<p><\/p>\n\n\n\n<figure class=\"wp-block-gallery has-nested-images columns-default is-cropped wp-block-gallery-1 is-layout-flex wp-block-gallery-is-layout-flex\">\n<figure class=\"wp-block-image size-large\"><a href=\"http:\/\/culturaliagz.com\/wp-content\/uploads\/2023\/03\/Boyanka-Kostova_by-Alvite-1.jpeg\" target=\"_blank\" rel=\"noreferrer noopener\"><img loading=\"lazy\" decoding=\"async\" width=\"640\" height=\"427\" data-id=\"12442\" src=\"http:\/\/culturaliagz.com\/wp-content\/uploads\/2023\/03\/Boyanka-Kostova_by-Alvite-1.jpeg\" alt=\"\" class=\"wp-image-12442\" srcset=\"http:\/\/culturaliagz.com\/wp-content\/uploads\/2023\/03\/Boyanka-Kostova_by-Alvite-1.jpeg 640w, http:\/\/culturaliagz.com\/wp-content\/uploads\/2023\/03\/Boyanka-Kostova_by-Alvite-1-480x320.jpeg 480w\" sizes=\"auto, (min-width: 0px) and (max-width: 480px) 480px, (min-width: 481px) 640px, 100vw\" \/><\/a><\/figure>\n\n\n\n<figure class=\"wp-block-image size-large\"><a href=\"http:\/\/culturaliagz.com\/wp-content\/uploads\/2023\/03\/DKTC-2-\u00a9-Iago-Vilarinho.jpeg\" target=\"_blank\" rel=\"noreferrer noopener\"><img loading=\"lazy\" decoding=\"async\" width=\"640\" height=\"427\" data-id=\"12441\" src=\"http:\/\/culturaliagz.com\/wp-content\/uploads\/2023\/03\/DKTC-2-\u00a9-Iago-Vilarinho.jpeg\" alt=\"\" class=\"wp-image-12441\" srcset=\"http:\/\/culturaliagz.com\/wp-content\/uploads\/2023\/03\/DKTC-2-\u00a9-Iago-Vilarinho.jpeg 640w, http:\/\/culturaliagz.com\/wp-content\/uploads\/2023\/03\/DKTC-2-\u00a9-Iago-Vilarinho-300x200.jpeg 300w, http:\/\/culturaliagz.com\/wp-content\/uploads\/2023\/03\/DKTC-2-\u00a9-Iago-Vilarinho-480x320.jpeg 480w\" sizes=\"auto, (max-width: 640px) 100vw, 640px\" \/><\/a><\/figure>\n<\/figure>\n\n\n\n<p><\/p>\n\n\n\n<p><\/p>\n\n\n\n<p class=\"has-text-align-justify\"><a href=\"https:\/\/www.diosketecrew.org\/\" target=\"_blank\" rel=\"noreferrer noopener\">Dios Ke Te Crew<\/a>, a banda m\u00e1is emblem\u00e1tica do hip hop galego, actuar\u00e1 na Coru\u00f1a o vindeiro <strong>s\u00e1bado 18 de marzo <\/strong>no marco da <strong>nova xira do grupo, nomeada <em>Tremendos Anos 20<\/em><\/strong>, coa que celebra o seu vix\u00e9simo aniversario sobre os escenarios revisando os grandes \u00e9xitos da s\u00faa traxectoria e presentando as s\u00faas \u00faltimas creaci\u00f3ns. O <strong>Playa Club <\/strong>acoller\u00e1 un directo no que a banda estar\u00e1 acompa\u00f1ada por <strong>Boyanka Kostova, <\/strong>o d\u00fao de referencia do trap galego, formado por <strong>Sibran Yiyi<\/strong> e <strong>O Chico do Funko<\/strong> (co\u00f1ecido tam\u00e9n polo seu proxecto musical Ortiga). As entradas para a cita, que comezar\u00e1 \u00e1s 22:00 horas, est\u00e1n \u00e1 venda na plataforma <a rel=\"noreferrer noopener\" href=\"http:\/\/www.enterticket.es\" target=\"_blank\">www.enterticket.es<\/a><\/p>\n\n\n\n<p class=\"has-text-align-justify\">Dios Ke Te Crew \u00e9 historia do rap en galego. Desde a s\u00faa formaci\u00f3n no 2003, a banda conformada por <strong>Mou, Sokram, Jamas e Dj Murdock<\/strong> destacou polo seu enxe\u00f1o, habilidade narrativa e humor pr\u00f3ximo \u00e1 actualidade. Logo da publicaci\u00f3n de tres LP e percorrer ducias de festivais e salas de concertos por toda Europa, DKTC publicou o pasado 2022 <em>En que ano estamos?!<\/em>, un EP con cinco temas nos que os seus membros demostran por que \u00e9 considerada como a banda m\u00e1is m\u00edtica do hip hop do pa\u00eds. Entre os novos tracks, acompa\u00f1ados por pezas audiovisuais de Xaime Miranda, destaca un dos himnos dos \u00faltimos tempos:<strong> <\/strong><a href=\"https:\/\/youtu.be\/A-UROV8F1AY\" target=\"_blank\" rel=\"noreferrer noopener\"><strong><em>OG<\/em> (Orixinal Galego) con Boyanka Kostova<\/strong><\/a>.<\/p>\n\n\n\n<p class=\"has-text-align-justify\">Este mes de marzo DKTC regresa \u00e1s salas ca xira <strong><em>Tremendos Anos 20<\/em><\/strong>, na que presenta unha potente posta en escena audiovisual: as imaxes creadas polo artista de renome internacional e precursor do Gif Art, <strong>A.L. Crego<\/strong>, arroupan e interact\u00faan co contido das canci\u00f3ns de DKTC, aumentando de maneira exponencial \u00e1s xa de por si en\u00e9rxicas actuaci\u00f3ns que caracterizan \u00e1 banda.<\/p>\n\n\n\n<p><strong><u>CONVOCATORIA &#8211; DIOS KE TE CREW EN A CORU\u00d1A<\/u><\/strong><\/p>\n\n\n\n<p><strong>Acto: concerto na Coru\u00f1a da xira \u2018Tremendos Anos 20\u2019<\/strong><strong><\/strong><\/p>\n\n\n\n<p><strong>Data: s\u00e1bado 18 de marzo<\/strong><strong><\/strong><\/p>\n\n\n\n<p><strong>Hora: 22:00 horas (21:30 horas apertura de portas)<\/strong><strong><\/strong><\/p>\n\n\n\n<p><strong>Lugar: Playa Club (And\u00e9n de Riazor s\/n)<\/strong><\/p>\n\n\n\n<p><\/p>\n\n\n<a href=\"http:\/\/culturaliagz.com\/wp-content\/uploads\/2023\/03\/20230307-DKTC-en-A-Coruna.pdf\" class=\"pdfemb-viewer\" style=\"\" data-width=\"max\" data-height=\"max\" data-toolbar=\"bottom\" data-toolbar-fixed=\"off\">20230307-DKTC-en-A-Coruna<\/a>\n<p class=\"wp-block-pdfemb-pdf-embedder-viewer\"><\/p>\n","protected":false},"excerpt":{"rendered":"<p>A banda m\u00e1is emblem\u00e1tica do hip hop do pa\u00eds actuar\u00e1 na sala Playa Club a partir das 22:00 horas e as entradas para a cita est\u00e1n dispo\u00f1ibles en www.enterticket.es&nbsp; Tr\u00e1tase [&hellip;]<\/p>\n","protected":false},"author":1,"featured_media":0,"comment_status":"open","ping_status":"open","sticky":false,"template":"","format":"standard","meta":{"_et_pb_use_builder":"","_et_pb_old_content":"","_et_gb_content_width":"","_jetpack_memberships_contains_paid_content":false,"footnotes":""},"categories":[23,7,6,57,1],"tags":[1513,1486,1487],"class_list":["post-12437","post","type-post","status-publish","format-standard","hentry","category-autoresas","category-creacion","category-novas","category-outras-artes","category-xeral","tag-boyanka-kostova","tag-dios-ke-te-crew","tag-tremendos-anos-20"],"jetpack_featured_media_url":"","jetpack_sharing_enabled":true,"_links":{"self":[{"href":"http:\/\/culturaliagz.com\/index.php?rest_route=\/wp\/v2\/posts\/12437","targetHints":{"allow":["GET"]}}],"collection":[{"href":"http:\/\/culturaliagz.com\/index.php?rest_route=\/wp\/v2\/posts"}],"about":[{"href":"http:\/\/culturaliagz.com\/index.php?rest_route=\/wp\/v2\/types\/post"}],"author":[{"embeddable":true,"href":"http:\/\/culturaliagz.com\/index.php?rest_route=\/wp\/v2\/users\/1"}],"replies":[{"embeddable":true,"href":"http:\/\/culturaliagz.com\/index.php?rest_route=%2Fwp%2Fv2%2Fcomments&post=12437"}],"version-history":[{"count":3,"href":"http:\/\/culturaliagz.com\/index.php?rest_route=\/wp\/v2\/posts\/12437\/revisions"}],"predecessor-version":[{"id":12445,"href":"http:\/\/culturaliagz.com\/index.php?rest_route=\/wp\/v2\/posts\/12437\/revisions\/12445"}],"wp:attachment":[{"href":"http:\/\/culturaliagz.com\/index.php?rest_route=%2Fwp%2Fv2%2Fmedia&parent=12437"}],"wp:term":[{"taxonomy":"category","embeddable":true,"href":"http:\/\/culturaliagz.com\/index.php?rest_route=%2Fwp%2Fv2%2Fcategories&post=12437"},{"taxonomy":"post_tag","embeddable":true,"href":"http:\/\/culturaliagz.com\/index.php?rest_route=%2Fwp%2Fv2%2Ftags&post=12437"}],"curies":[{"name":"wp","href":"https:\/\/api.w.org\/{rel}","templated":true}]}}