{"id":12245,"date":"2023-02-21T10:10:00","date_gmt":"2023-02-21T09:10:00","guid":{"rendered":"http:\/\/culturaliagz.com\/?p=12245"},"modified":"2023-02-21T02:19:33","modified_gmt":"2023-02-21T01:19:33","slug":"de-ninghures-en-concerto-este-sabado-na-casa-museo-manuel-maria","status":"publish","type":"post","link":"http:\/\/culturaliagz.com\/?p=12245","title":{"rendered":"DE NINGHURES, en concerto, este s\u00e1bado na Casa-Museo Manuel Mar\u00eda"},"content":{"rendered":"\n<p><\/p>\n\n\n<div class=\"wp-block-image\">\n<figure class=\"aligncenter size-large\"><a href=\"http:\/\/culturaliagz.com\/wp-content\/uploads\/2023\/02\/0324D5B9-C289-4EAD-AF7C-05B7EC4A6162-scaled.jpeg\" target=\"_blank\" rel=\"noreferrer noopener\"><img loading=\"lazy\" decoding=\"async\" width=\"1000\" height=\"1024\" src=\"http:\/\/culturaliagz.com\/wp-content\/uploads\/2023\/02\/0324D5B9-C289-4EAD-AF7C-05B7EC4A6162-1000x1024.jpeg\" alt=\"\" class=\"wp-image-12246\" srcset=\"http:\/\/culturaliagz.com\/wp-content\/uploads\/2023\/02\/0324D5B9-C289-4EAD-AF7C-05B7EC4A6162-980x1004.jpeg 980w, http:\/\/culturaliagz.com\/wp-content\/uploads\/2023\/02\/0324D5B9-C289-4EAD-AF7C-05B7EC4A6162-480x492.jpeg 480w\" sizes=\"auto, (min-width: 0px) and (max-width: 480px) 480px, (min-width: 481px) and (max-width: 980px) 980px, (min-width: 981px) 1000px, 100vw\" \/><\/a><\/figure>\n<\/div>\n\n\n<p><\/p>\n\n\n\n<p><\/p>\n\n\n\n<p><\/p>\n\n\n\n<p class=\"has-text-align-justify\">Este s\u00e1bado, 25 de febreiro, \u00e1s 20 horas,&nbsp;<em><strong><a href=\"https:\/\/www.instagram.com\/deninghures\/?hl=es\" target=\"_blank\" rel=\"noreferrer noopener\">De Ninghures<\/a>,<\/strong><\/em>&nbsp;en concerto, presentarannos o seu traballo \u201cAqu\u00ed\u201d na <a rel=\"noreferrer noopener\" href=\"http:\/\/www.casamuseomanuelmaria.gal\/portada.htm;jsessionid=8227AB94D07A0CC99999ED1401BD069F\" target=\"_blank\">Casa-Museo Manuel Mar\u00eda<\/a>. Oito mozos e mozas que nos marabillar\u00e1n tocando as m\u00fasicas de ra\u00edz e cunha grande variedade de instrumentos:&nbsp;viola caipira, bongos, frauta traveseira, viol\u00edn, bombo, ukelele, acorde\u00f3n, pandeireta, clarinete, gaita, guitarras, pandeiro, voces, cab\u00e1s&#8230;&nbsp;<\/p>\n\n\n\n<p>Vela\u00ed algunha mostra da traxectoria musical <a href=\"https:\/\/m.facebook.com\/profile.php?id=100040080407640&amp;_rdr\" target=\"_blank\" rel=\"noreferrer noopener\">deste grupo<\/a>\u2026<\/p>\n\n\n\n<p><\/p>\n\n\n\n<p><\/p>\n\n\n\n<figure class=\"wp-block-embed is-type-video is-provider-youtube wp-block-embed-youtube wp-embed-aspect-4-3 wp-has-aspect-ratio\"><div class=\"wp-block-embed__wrapper\">\n<iframe loading=\"lazy\" title=\"DE NINGHURES - Yalah\" width=\"1080\" height=\"810\" src=\"https:\/\/www.youtube.com\/embed\/PUPSminl_IA?feature=oembed\" frameborder=\"0\" allow=\"accelerometer; autoplay; clipboard-write; encrypted-media; gyroscope; picture-in-picture; web-share\" allowfullscreen><\/iframe>\n<\/div><\/figure>\n\n\n\n<p><\/p>\n\n\n\n<p><\/p>\n\n\n\n<p><\/p>\n\n\n\n<figure class=\"wp-block-embed is-type-video is-provider-youtube wp-block-embed-youtube wp-embed-aspect-16-9 wp-has-aspect-ratio\"><div class=\"wp-block-embed__wrapper\">\n<iframe loading=\"lazy\" title=\"DENINGHURES - Ronsel\" width=\"1080\" height=\"608\" src=\"https:\/\/www.youtube.com\/embed\/CBaikdiQmjE?feature=oembed\" frameborder=\"0\" allow=\"accelerometer; autoplay; clipboard-write; encrypted-media; gyroscope; picture-in-picture; web-share\" allowfullscreen><\/iframe>\n<\/div><\/figure>\n\n\n\n<p><\/p>\n\n\n\n<p><\/p>\n\n\n\n<p><\/p>\n\n\n\n<figure class=\"wp-block-embed is-type-video is-provider-youtube wp-block-embed-youtube wp-embed-aspect-16-9 wp-has-aspect-ratio\"><div class=\"wp-block-embed__wrapper\">\n<iframe loading=\"lazy\" title=\"DE NINGHURES - Pu\u00f1al\" width=\"1080\" height=\"608\" src=\"https:\/\/www.youtube.com\/embed\/P_mJGsIC2As?feature=oembed\" frameborder=\"0\" allow=\"accelerometer; autoplay; clipboard-write; encrypted-media; gyroscope; picture-in-picture; web-share\" allowfullscreen><\/iframe>\n<\/div><\/figure>\n\n\n\n<p><\/p>\n\n\n\n<p><\/p>\n\n\n\n<p><\/p>\n\n\n\n<p class=\"has-text-align-justify\">C\u00f3mpre reservar en&nbsp;<a rel=\"noreferrer noopener\" href=\"mailto:contacto@casamuseomanuelmaria.gal\" target=\"_blank\">contacto@casamuseomanuelmaria.gal<\/a>&nbsp;ou no whatsapp 698177621<\/p>\n","protected":false},"excerpt":{"rendered":"<p>Este s\u00e1bado, 25 de febreiro, \u00e1s 20 horas,&nbsp;De Ninghures,&nbsp;en concerto, presentarannos o seu traballo \u201cAqu\u00ed\u201d na Casa-Museo Manuel Mar\u00eda. Oito mozos e mozas que nos marabillar\u00e1n tocando as m\u00fasicas de [&hellip;]<\/p>\n","protected":false},"author":1,"featured_media":0,"comment_status":"open","ping_status":"open","sticky":false,"template":"","format":"standard","meta":{"_et_pb_use_builder":"","_et_pb_old_content":"","_et_gb_content_width":"","_jetpack_memberships_contains_paid_content":false,"footnotes":""},"categories":[23,7,6,57,1],"tags":[1489,190,1488],"class_list":["post-12245","post","type-post","status-publish","format-standard","hentry","category-autoresas","category-creacion","category-novas","category-outras-artes","category-xeral","tag-aqui","tag-casa-museo-manuel-maria","tag-de-ninghures"],"jetpack_featured_media_url":"","jetpack_sharing_enabled":true,"_links":{"self":[{"href":"http:\/\/culturaliagz.com\/index.php?rest_route=\/wp\/v2\/posts\/12245","targetHints":{"allow":["GET"]}}],"collection":[{"href":"http:\/\/culturaliagz.com\/index.php?rest_route=\/wp\/v2\/posts"}],"about":[{"href":"http:\/\/culturaliagz.com\/index.php?rest_route=\/wp\/v2\/types\/post"}],"author":[{"embeddable":true,"href":"http:\/\/culturaliagz.com\/index.php?rest_route=\/wp\/v2\/users\/1"}],"replies":[{"embeddable":true,"href":"http:\/\/culturaliagz.com\/index.php?rest_route=%2Fwp%2Fv2%2Fcomments&post=12245"}],"version-history":[{"count":6,"href":"http:\/\/culturaliagz.com\/index.php?rest_route=\/wp\/v2\/posts\/12245\/revisions"}],"predecessor-version":[{"id":12254,"href":"http:\/\/culturaliagz.com\/index.php?rest_route=\/wp\/v2\/posts\/12245\/revisions\/12254"}],"wp:attachment":[{"href":"http:\/\/culturaliagz.com\/index.php?rest_route=%2Fwp%2Fv2%2Fmedia&parent=12245"}],"wp:term":[{"taxonomy":"category","embeddable":true,"href":"http:\/\/culturaliagz.com\/index.php?rest_route=%2Fwp%2Fv2%2Fcategories&post=12245"},{"taxonomy":"post_tag","embeddable":true,"href":"http:\/\/culturaliagz.com\/index.php?rest_route=%2Fwp%2Fv2%2Ftags&post=12245"}],"curies":[{"name":"wp","href":"https:\/\/api.w.org\/{rel}","templated":true}]}}