{"id":12111,"date":"2023-01-31T17:11:41","date_gmt":"2023-01-31T16:11:41","guid":{"rendered":"http:\/\/culturaliagz.com\/?p=12111"},"modified":"2023-01-31T17:12:57","modified_gmt":"2023-01-31T16:12:57","slug":"o-espectaculo-infantil-e-familiar-consertasso-na-horta-de-brais-das-hortas-na-casa-museo-manuel-maria","status":"publish","type":"post","link":"http:\/\/culturaliagz.com\/?p=12111","title":{"rendered":"O espect\u00e1culo infantil e familiar \u201cConsertasso na horta\u201d, de Brais das Hortas, na Casa-Museo Manuel Mar\u00eda"},"content":{"rendered":"\n<p><\/p>\n\n\n<div class=\"wp-block-image\">\n<figure class=\"aligncenter size-large\"><a href=\"http:\/\/culturaliagz.com\/wp-content\/uploads\/2023\/01\/19C4922D-FC12-492E-A543-BD32998BF598-scaled.jpeg\" target=\"_blank\" rel=\"noreferrer noopener\"><img loading=\"lazy\" decoding=\"async\" width=\"1000\" height=\"1024\" src=\"http:\/\/culturaliagz.com\/wp-content\/uploads\/2023\/01\/19C4922D-FC12-492E-A543-BD32998BF598-1000x1024.jpeg\" alt=\"\" class=\"wp-image-12112\" srcset=\"http:\/\/culturaliagz.com\/wp-content\/uploads\/2023\/01\/19C4922D-FC12-492E-A543-BD32998BF598-980x1004.jpeg 980w, http:\/\/culturaliagz.com\/wp-content\/uploads\/2023\/01\/19C4922D-FC12-492E-A543-BD32998BF598-480x492.jpeg 480w\" sizes=\"auto, (min-width: 0px) and (max-width: 480px) 480px, (min-width: 481px) and (max-width: 980px) 980px, (min-width: 981px) 1000px, 100vw\" \/><\/a><\/figure>\n<\/div>\n\n\n<p><\/p>\n\n\n\n<p><\/p>\n\n\n\n<p class=\"has-text-align-justify\"><strong>O P\u00daBLICO INFANTIL E FAMILIAR PODER\u00c1 ESTE S\u00c1BADO, NA CASA-MUSEO MANUEL MAR\u00cdA, GOZAR CON BRAIS DAS HORTAS E O SEU ESPECT\u00c1CULO MUSICAL &#8220;CONSERTASSO NA HORTA&#8221;<\/strong><\/p>\n\n\n\n<p class=\"has-text-align-justify\">O auditorio da <a rel=\"noreferrer noopener\" href=\"http:\/\/www.casamuseomanuelmaria.gal\/portada.htm;jsessionid=15D1E0844B7AE9799BCD38CCE97D3A60\" target=\"_blank\">Casa-Museo Manuel Mar\u00eda<\/a> acolle este s\u00e1bado, 4 de febreiro,&nbsp;\u00e1s 17 horas, o espect\u00e1culo, para p\u00fablico infantil e familiar, <a rel=\"noreferrer noopener\" href=\"http:\/\/www.casamuseomanuelmaria.gal\/actividades\/brais-das-hortas-trae-a-casa-de-hortas-casa-museo-manuel-maria-o-seu-consertasso-na-horta.htm?tipo=ACTIVIDADE\" target=\"_blank\">&#8220;Consertasso na horta&#8221;<\/a>, de <em>Brais das Hortas<\/em>.<\/p>\n\n\n\n<p class=\"has-text-align-justify\">Grelos e temazos, cun equilibrio variado de formas e estilos &#8211; como debe ser nun ecosistema musical diverso e saud\u00e1bel! A Santa Compa\u00f1a apar\u00e9cese entre as patacas cantando un<em>&nbsp;trap<\/em>. Hai unha pulga punk da praia de Lim\u00e9ns. As cabras tiran para o monte e os caracois reivindican o seu ritmo: o&nbsp;<em>reggae<\/em>. Entre as cenouras, os lagartos toman o sol ao son dun&nbsp;<em>tumbao<\/em>&nbsp;-\u00e9 o propio!- e os kiwis non paran de brotar bailando&nbsp;<em>ska<\/em>. Tam\u00e9n hai sitio para os so\u00f1os, coma o de ser astronauta, ou para pedirlle axuda \u00e1 veci\u00f1anza para botarlle o sulfato \u00e1s vi\u00f1as. E m\u00e1is temazos entre guitarrazos, charangazos e un lote de instrumentazos m\u00e1is. M\u00fasica e humor para toda a familia. Letras e arranxos coidados para sementar e apa\u00f1ar risos e ganas de cantar xuntas.<\/p>\n\n\n\n<p class=\"has-text-align-justify\">Billete: 2 euros. \u00c9 necesario reservar en&nbsp;<a href=\"mailto:contacto@casamuseomanuelmaria.gal\" target=\"_blank\" rel=\"noreferrer noopener\">contacto@casamuseomanuelmaria.<wbr>gal<\/a>&nbsp;ou a trav\u00e9s do whatsapp 698177621<\/p>\n\n\n\n<figure class=\"wp-block-embed is-type-video is-provider-youtube wp-block-embed-youtube wp-embed-aspect-16-9 wp-has-aspect-ratio\"><div class=\"wp-block-embed__wrapper\">\n<iframe loading=\"lazy\" title=\"BRAIS DAS HORTAS - Consertasso na Horta\" width=\"1080\" height=\"608\" src=\"https:\/\/www.youtube.com\/embed\/QdRiOnjO6DM?feature=oembed\" frameborder=\"0\" allow=\"accelerometer; autoplay; clipboard-write; encrypted-media; gyroscope; picture-in-picture; web-share\" allowfullscreen><\/iframe>\n<\/div><\/figure>\n\n\n\n<p><\/p>\n","protected":false},"excerpt":{"rendered":"<p>O P\u00daBLICO INFANTIL E FAMILIAR PODER\u00c1 ESTE S\u00c1BADO, NA CASA-MUSEO MANUEL MAR\u00cdA, GOZAR CON BRAIS DAS HORTAS E O SEU ESPECT\u00c1CULO MUSICAL &#8220;CONSERTASSO NA HORTA&#8221; O auditorio da Casa-Museo Manuel [&hellip;]<\/p>\n","protected":false},"author":1,"featured_media":0,"comment_status":"open","ping_status":"open","sticky":false,"template":"","format":"standard","meta":{"_et_pb_use_builder":"","_et_pb_old_content":"","_et_gb_content_width":"","_jetpack_memberships_contains_paid_content":false,"footnotes":""},"categories":[23,7,6,57,1],"tags":[1460,190,1461],"class_list":["post-12111","post","type-post","status-publish","format-standard","hentry","category-autoresas","category-creacion","category-novas","category-outras-artes","category-xeral","tag-brais-das-hortas","tag-casa-museo-manuel-maria","tag-concertasso-na-horta"],"jetpack_featured_media_url":"","jetpack_sharing_enabled":true,"_links":{"self":[{"href":"http:\/\/culturaliagz.com\/index.php?rest_route=\/wp\/v2\/posts\/12111","targetHints":{"allow":["GET"]}}],"collection":[{"href":"http:\/\/culturaliagz.com\/index.php?rest_route=\/wp\/v2\/posts"}],"about":[{"href":"http:\/\/culturaliagz.com\/index.php?rest_route=\/wp\/v2\/types\/post"}],"author":[{"embeddable":true,"href":"http:\/\/culturaliagz.com\/index.php?rest_route=\/wp\/v2\/users\/1"}],"replies":[{"embeddable":true,"href":"http:\/\/culturaliagz.com\/index.php?rest_route=%2Fwp%2Fv2%2Fcomments&post=12111"}],"version-history":[{"count":4,"href":"http:\/\/culturaliagz.com\/index.php?rest_route=\/wp\/v2\/posts\/12111\/revisions"}],"predecessor-version":[{"id":12116,"href":"http:\/\/culturaliagz.com\/index.php?rest_route=\/wp\/v2\/posts\/12111\/revisions\/12116"}],"wp:attachment":[{"href":"http:\/\/culturaliagz.com\/index.php?rest_route=%2Fwp%2Fv2%2Fmedia&parent=12111"}],"wp:term":[{"taxonomy":"category","embeddable":true,"href":"http:\/\/culturaliagz.com\/index.php?rest_route=%2Fwp%2Fv2%2Fcategories&post=12111"},{"taxonomy":"post_tag","embeddable":true,"href":"http:\/\/culturaliagz.com\/index.php?rest_route=%2Fwp%2Fv2%2Ftags&post=12111"}],"curies":[{"name":"wp","href":"https:\/\/api.w.org\/{rel}","templated":true}]}}