{"id":11996,"date":"2023-01-09T11:34:04","date_gmt":"2023-01-09T10:34:04","guid":{"rendered":"http:\/\/culturaliagz.com\/?p=11996"},"modified":"2023-01-09T11:38:38","modified_gmt":"2023-01-09T10:38:38","slug":"paco-nogueiras-presenta-o-seu-espectaculo-cnta-contigo-o-sabado-14-na-casa-museo-manuel","status":"publish","type":"post","link":"http:\/\/culturaliagz.com\/?p=11996","title":{"rendered":"Paco Nogueiras presenta o seu espect\u00e1culo \u201cC@nto Contigo\u201d o s\u00e1bado 14 na Casa-Museo Manuel"},"content":{"rendered":"\n<p><\/p>\n\n\n\n<p><\/p>\n\n\n<div class=\"wp-block-image\">\n<figure class=\"aligncenter size-large\"><a href=\"http:\/\/culturaliagz.com\/wp-content\/uploads\/2023\/01\/D3FD0003-D628-4358-A1ED-F2D02DB6D755-scaled.jpeg\" target=\"_blank\" rel=\"noreferrer noopener\"><img loading=\"lazy\" decoding=\"async\" width=\"1000\" height=\"1024\" src=\"http:\/\/culturaliagz.com\/wp-content\/uploads\/2023\/01\/D3FD0003-D628-4358-A1ED-F2D02DB6D755-1000x1024.jpeg\" alt=\"\" class=\"wp-image-11997\" srcset=\"http:\/\/culturaliagz.com\/wp-content\/uploads\/2023\/01\/D3FD0003-D628-4358-A1ED-F2D02DB6D755-980x1004.jpeg 980w, http:\/\/culturaliagz.com\/wp-content\/uploads\/2023\/01\/D3FD0003-D628-4358-A1ED-F2D02DB6D755-480x492.jpeg 480w\" sizes=\"auto, (min-width: 0px) and (max-width: 480px) 480px, (min-width: 481px) and (max-width: 980px) 980px, (min-width: 981px) 1000px, 100vw\" \/><\/a><\/figure>\n<\/div>\n\n\n<p><\/p>\n\n\n\n<p><\/p>\n\n\n\n<p class=\"has-text-align-justify\"><em>Paco Nogueiras<\/em> chega este s\u00e1bado, 14 de xaneiro, \u00e1 <a rel=\"noreferrer noopener\" href=\"http:\/\/www.casamuseomanuelmaria.gal\/portada.htm;jsessionid=9D551C6320B78082C8368D84514290B7\" target=\"_blank\">Casa-Museo Manuel Mar\u00eda<\/a> co seu novo espect\u00e1culo <a rel=\"noreferrer noopener\" href=\"http:\/\/www.casamuseomanuelmaria.gal\/actividades\/paco-nogueiras-estara-este-sabado-na-casa-museo-manuel-maria.htm?tipo=ACTIVIDADE\" target=\"_blank\">C@nto Contigo<\/a>, unha proposta en que fai un percurso por canci\u00f3ns dos seus traballos \u201cBrinca Vai!\u201d, \u201cRadio Bulebule\u201d e \u201cExtra!\u201d e en que procura tirar a nosa lingua a voar de maneira l\u00fadica e divertida. Nestes \u201cgrandes \u00e9xitos\u201d haber\u00e1 retrousos e canci\u00f3ns para participarmos activamente, bailando sen complexos e acompa\u00f1ando coa voz, coas palmas e con acenos.<\/p>\n\n\n\n<p class=\"has-text-align-justify\">Paco Nogueiras, cos seus instrumentos, percorrer\u00e1 por un amplo abano de estilos musicais, desde o techno ao rock, pasando polo reggae ou a m\u00fasica electr\u00f3nica, sen esquecer as influencias tradicionais.<\/p>\n\n\n\n<p class=\"has-text-align-justify\">Por tanto, temos este s\u00e1bado unha boa oportunidade de cantar coas amigas e amigos nun singular concerto onde a m\u00fasica e o humor transformar\u00e1 o noso auditorio nunha festa moi especial onde todas e todos seremos protagonistas.<\/p>\n\n\n\n<p class=\"has-text-align-justify\">Para asistir, coma sempre, \u00e9 necesario realizar a reserva (o custo do billete ser\u00e1 de 2 euros) en\u00a0<a rel=\"noreferrer noopener\" href=\"mailto:contacto@casamuseomanuelmaria.gal\" target=\"_blank\">contacto@casamuseomanuelmaria.gal<\/a>\u00a0ou no whatsapp 698177621.\u00a0<\/p>\n\n\n\n<p class=\"has-text-align-justify\">O espect\u00e1culo vai destinado para crianzas e p\u00fablico familiar, a partir das 17 horas.<\/p>\n\n\n\n<p><\/p>\n\n\n\n<p><\/p>\n","protected":false},"excerpt":{"rendered":"<p>Paco Nogueiras chega este s\u00e1bado, 14 de xaneiro, \u00e1 Casa-Museo Manuel Mar\u00eda co seu novo espect\u00e1culo C@nto Contigo, unha proposta en que fai un percurso por canci\u00f3ns dos seus traballos [&hellip;]<\/p>\n","protected":false},"author":1,"featured_media":0,"comment_status":"open","ping_status":"open","sticky":false,"template":"","format":"standard","meta":{"_et_pb_use_builder":"","_et_pb_old_content":"","_et_gb_content_width":"","_jetpack_memberships_contains_paid_content":false,"footnotes":""},"categories":[23,7,6,57,1],"tags":[1403,190,765],"class_list":["post-11996","post","type-post","status-publish","format-standard","hentry","category-autoresas","category-creacion","category-novas","category-outras-artes","category-xeral","tag-cnto-contigo","tag-casa-museo-manuel-maria","tag-paco-nogueiras"],"jetpack_featured_media_url":"","jetpack_sharing_enabled":true,"_links":{"self":[{"href":"http:\/\/culturaliagz.com\/index.php?rest_route=\/wp\/v2\/posts\/11996","targetHints":{"allow":["GET"]}}],"collection":[{"href":"http:\/\/culturaliagz.com\/index.php?rest_route=\/wp\/v2\/posts"}],"about":[{"href":"http:\/\/culturaliagz.com\/index.php?rest_route=\/wp\/v2\/types\/post"}],"author":[{"embeddable":true,"href":"http:\/\/culturaliagz.com\/index.php?rest_route=\/wp\/v2\/users\/1"}],"replies":[{"embeddable":true,"href":"http:\/\/culturaliagz.com\/index.php?rest_route=%2Fwp%2Fv2%2Fcomments&post=11996"}],"version-history":[{"count":7,"href":"http:\/\/culturaliagz.com\/index.php?rest_route=\/wp\/v2\/posts\/11996\/revisions"}],"predecessor-version":[{"id":12004,"href":"http:\/\/culturaliagz.com\/index.php?rest_route=\/wp\/v2\/posts\/11996\/revisions\/12004"}],"wp:attachment":[{"href":"http:\/\/culturaliagz.com\/index.php?rest_route=%2Fwp%2Fv2%2Fmedia&parent=11996"}],"wp:term":[{"taxonomy":"category","embeddable":true,"href":"http:\/\/culturaliagz.com\/index.php?rest_route=%2Fwp%2Fv2%2Fcategories&post=11996"},{"taxonomy":"post_tag","embeddable":true,"href":"http:\/\/culturaliagz.com\/index.php?rest_route=%2Fwp%2Fv2%2Ftags&post=11996"}],"curies":[{"name":"wp","href":"https:\/\/api.w.org\/{rel}","templated":true}]}}