{"id":11990,"date":"2023-01-09T11:18:46","date_gmt":"2023-01-09T10:18:46","guid":{"rendered":"http:\/\/culturaliagz.com\/?p=11990"},"modified":"2023-01-09T11:19:30","modified_gmt":"2023-01-09T10:19:30","slug":"presentacion-da-revista-cairon-no-6-no-centro-sociocultural-de-monterroso","status":"publish","type":"post","link":"http:\/\/culturaliagz.com\/?p=11990","title":{"rendered":"Presentaci\u00f3n da revista Cair\u00f3n n\u00ba 6 no Centro Sociocultural de Monterroso"},"content":{"rendered":"\n<p><\/p>\n\n\n\n<p><\/p>\n\n\n<div class=\"wp-block-image\">\n<figure class=\"aligncenter size-full\"><a href=\"http:\/\/culturaliagz.com\/wp-content\/uploads\/2023\/01\/57FAD27C-7ACA-4AF4-847C-279807ECAFB7.jpeg\" target=\"_blank\" rel=\"noreferrer noopener\"><img loading=\"lazy\" decoding=\"async\" width=\"591\" height=\"878\" src=\"http:\/\/culturaliagz.com\/wp-content\/uploads\/2023\/01\/57FAD27C-7ACA-4AF4-847C-279807ECAFB7.jpeg\" alt=\"\" class=\"wp-image-11991\" srcset=\"http:\/\/culturaliagz.com\/wp-content\/uploads\/2023\/01\/57FAD27C-7ACA-4AF4-847C-279807ECAFB7.jpeg 591w, http:\/\/culturaliagz.com\/wp-content\/uploads\/2023\/01\/57FAD27C-7ACA-4AF4-847C-279807ECAFB7-480x713.jpeg 480w\" sizes=\"auto, (min-width: 0px) and (max-width: 480px) 480px, (min-width: 481px) 591px, 100vw\" \/><\/a><\/figure>\n<\/div>\n\n\n<p><\/p>\n\n\n\n<p><\/p>\n\n\n\n<p class=\"has-text-align-justify\">O <a rel=\"noreferrer noopener\" href=\"http:\/\/ieu.gal\/\" target=\"_blank\">Instituto de Estudos Ullo\u00e1ns (IEU)<\/a> organiza a primeira presentaci\u00f3n do <a rel=\"noreferrer noopener\" href=\"http:\/\/ieu.gal\/presentacion-de-cairon-no-6-en-monterroso\/\" target=\"_blank\">n\u00ba 6 da Revista CAIR\u00d3N<\/a> que se celebrar\u00e1 en Monterroso o s\u00e1bado 14 de xaneiro \u00e1s 19,00 h, no sal\u00f3n de actos do Centro Sociocultural, coas intervenci\u00f3ns da alcaldesa de Monterroso, Roc\u00edo Seijas; do director de<em>&nbsp;Cair\u00f3n<\/em>, Daniel Salgado; do xornalista Fernando Salgado; do director do IEU, Francisco Pardo, e do poeta Arturo L.Regueiro.<\/p>\n\n\n\n<p class=\"has-text-align-justify\">Est\u00e1n previstas outras presentaci\u00f3ns en Palas de Rei&nbsp; (s\u00e1bado 21 de xaneiro \u00e1s 12,30 h) e Antas de Ulla (21 xaneiro \u00e1s 18 h).<\/p>\n","protected":false},"excerpt":{"rendered":"<p>O Instituto de Estudos Ullo\u00e1ns (IEU) organiza a primeira presentaci\u00f3n do n\u00ba 6 da Revista CAIR\u00d3N que se celebrar\u00e1 en Monterroso o s\u00e1bado 14 de xaneiro \u00e1s 19,00 h, no [&hellip;]<\/p>\n","protected":false},"author":1,"featured_media":0,"comment_status":"open","ping_status":"open","sticky":false,"template":"","format":"standard","meta":{"_et_pb_use_builder":"","_et_pb_old_content":"","_et_gb_content_width":"","_jetpack_memberships_contains_paid_content":false,"footnotes":""},"categories":[23,7,129,6,1],"tags":[1439,1440,425],"class_list":["post-11990","post","type-post","status-publish","format-standard","hentry","category-autoresas","category-creacion","category-literaria","category-novas","category-xeral","tag-cairon-6","tag-centro-sociocultural-de-monterroso","tag-instituto-de-estudos-ulloans"],"jetpack_featured_media_url":"","jetpack_sharing_enabled":true,"_links":{"self":[{"href":"http:\/\/culturaliagz.com\/index.php?rest_route=\/wp\/v2\/posts\/11990","targetHints":{"allow":["GET"]}}],"collection":[{"href":"http:\/\/culturaliagz.com\/index.php?rest_route=\/wp\/v2\/posts"}],"about":[{"href":"http:\/\/culturaliagz.com\/index.php?rest_route=\/wp\/v2\/types\/post"}],"author":[{"embeddable":true,"href":"http:\/\/culturaliagz.com\/index.php?rest_route=\/wp\/v2\/users\/1"}],"replies":[{"embeddable":true,"href":"http:\/\/culturaliagz.com\/index.php?rest_route=%2Fwp%2Fv2%2Fcomments&post=11990"}],"version-history":[{"count":4,"href":"http:\/\/culturaliagz.com\/index.php?rest_route=\/wp\/v2\/posts\/11990\/revisions"}],"predecessor-version":[{"id":11995,"href":"http:\/\/culturaliagz.com\/index.php?rest_route=\/wp\/v2\/posts\/11990\/revisions\/11995"}],"wp:attachment":[{"href":"http:\/\/culturaliagz.com\/index.php?rest_route=%2Fwp%2Fv2%2Fmedia&parent=11990"}],"wp:term":[{"taxonomy":"category","embeddable":true,"href":"http:\/\/culturaliagz.com\/index.php?rest_route=%2Fwp%2Fv2%2Fcategories&post=11990"},{"taxonomy":"post_tag","embeddable":true,"href":"http:\/\/culturaliagz.com\/index.php?rest_route=%2Fwp%2Fv2%2Ftags&post=11990"}],"curies":[{"name":"wp","href":"https:\/\/api.w.org\/{rel}","templated":true}]}}