{"id":11958,"date":"2022-12-28T21:29:25","date_gmt":"2022-12-28T20:29:25","guid":{"rendered":"http:\/\/culturaliagz.com\/?p=11958"},"modified":"2022-12-28T21:32:03","modified_gmt":"2022-12-28T20:32:03","slug":"a-fantasia-do-espectaculo-familiar-inventio-adianto-de-reis-en-vigo","status":"publish","type":"post","link":"http:\/\/culturaliagz.com\/?p=11958","title":{"rendered":"A fantas\u00eda do espect\u00e1culo familiar &#8216;Inventio&#8217;, adianto de Reis en Vigo"},"content":{"rendered":"\n<p><\/p>\n\n\n<div class=\"wp-block-image\">\n<figure class=\"aligncenter size-large\"><a href=\"http:\/\/culturaliagz.com\/wp-content\/uploads\/2022\/12\/Inventio-\u00a9-Vanessa-Rabade-2-copia.jpg\" target=\"_blank\" rel=\"noreferrer noopener\"><img loading=\"lazy\" decoding=\"async\" width=\"1024\" height=\"683\" src=\"http:\/\/culturaliagz.com\/wp-content\/uploads\/2022\/12\/Inventio-\u00a9-Vanessa-Rabade-2-copia-1024x683.jpg\" alt=\"\" class=\"wp-image-11959\" srcset=\"http:\/\/culturaliagz.com\/wp-content\/uploads\/2022\/12\/Inventio-\u00a9-Vanessa-Rabade-2-copia-1024x683.jpg 1024w, http:\/\/culturaliagz.com\/wp-content\/uploads\/2022\/12\/Inventio-\u00a9-Vanessa-Rabade-2-copia-300x200.jpg 300w, http:\/\/culturaliagz.com\/wp-content\/uploads\/2022\/12\/Inventio-\u00a9-Vanessa-Rabade-2-copia-768x512.jpg 768w, http:\/\/culturaliagz.com\/wp-content\/uploads\/2022\/12\/Inventio-\u00a9-Vanessa-Rabade-2-copia-1536x1024.jpg 1536w, http:\/\/culturaliagz.com\/wp-content\/uploads\/2022\/12\/Inventio-\u00a9-Vanessa-Rabade-2-copia-1080x720.jpg 1080w, http:\/\/culturaliagz.com\/wp-content\/uploads\/2022\/12\/Inventio-\u00a9-Vanessa-Rabade-2-copia-1280x854.jpg 1280w, http:\/\/culturaliagz.com\/wp-content\/uploads\/2022\/12\/Inventio-\u00a9-Vanessa-Rabade-2-copia-980x653.jpg 980w, http:\/\/culturaliagz.com\/wp-content\/uploads\/2022\/12\/Inventio-\u00a9-Vanessa-Rabade-2-copia-480x320.jpg 480w, http:\/\/culturaliagz.com\/wp-content\/uploads\/2022\/12\/Inventio-\u00a9-Vanessa-Rabade-2-copia.jpg 1999w\" sizes=\"auto, (max-width: 1024px) 100vw, 1024px\" \/><\/a><\/figure>\n<\/div>\n\n\n<p><\/p>\n\n\n\n<p><\/p>\n\n\n\n<h2 class=\"wp-block-heading\">A fantas\u00eda do espect\u00e1culo familiar &#8216;Inventio&#8217;, adianto de Reis en Vigo<\/h2>\n\n\n\n<ul class=\"wp-block-list\"><li><strong>Esta proposta esc\u00e9nica galega de gran formato brindar\u00e1 un total de tres funci\u00f3ns no Auditorio Mar de Vigo os d\u00edas 3 e 4 de xaneiro<\/strong><\/li><li><strong>Comedia, ilusionismo e artes circenses mest\u00faranse neste espect\u00e1culo para todos os p\u00fablicos sobre o imaxinario Xacobeo<\/strong><\/li><li><strong>Os billetes para as funci\u00f3ns est\u00e1n \u00e1 venda na web teuticket.com<\/strong><\/li><\/ul>\n\n\n\n<p><\/p>\n\n\n<div class=\"wp-block-image\">\n<figure class=\"alignleft size-medium\"><a href=\"http:\/\/culturaliagz.com\/wp-content\/uploads\/2022\/12\/Inventio-\u00a9-Vanessa-Rabade-1-1.jpg\" target=\"_blank\" rel=\"noreferrer noopener\"><img loading=\"lazy\" decoding=\"async\" width=\"300\" height=\"239\" src=\"http:\/\/culturaliagz.com\/wp-content\/uploads\/2022\/12\/Inventio-\u00a9-Vanessa-Rabade-1-1-300x239.jpg\" alt=\"\" class=\"wp-image-11960\" srcset=\"http:\/\/culturaliagz.com\/wp-content\/uploads\/2022\/12\/Inventio-\u00a9-Vanessa-Rabade-1-1-300x239.jpg 300w, http:\/\/culturaliagz.com\/wp-content\/uploads\/2022\/12\/Inventio-\u00a9-Vanessa-Rabade-1-1-1024x816.jpg 1024w, http:\/\/culturaliagz.com\/wp-content\/uploads\/2022\/12\/Inventio-\u00a9-Vanessa-Rabade-1-1-768x612.jpg 768w, http:\/\/culturaliagz.com\/wp-content\/uploads\/2022\/12\/Inventio-\u00a9-Vanessa-Rabade-1-1-1536x1223.jpg 1536w, http:\/\/culturaliagz.com\/wp-content\/uploads\/2022\/12\/Inventio-\u00a9-Vanessa-Rabade-1-1-1080x860.jpg 1080w, http:\/\/culturaliagz.com\/wp-content\/uploads\/2022\/12\/Inventio-\u00a9-Vanessa-Rabade-1-1-1280x1020.jpg 1280w, http:\/\/culturaliagz.com\/wp-content\/uploads\/2022\/12\/Inventio-\u00a9-Vanessa-Rabade-1-1-980x781.jpg 980w, http:\/\/culturaliagz.com\/wp-content\/uploads\/2022\/12\/Inventio-\u00a9-Vanessa-Rabade-1-1-480x382.jpg 480w, http:\/\/culturaliagz.com\/wp-content\/uploads\/2022\/12\/Inventio-\u00a9-Vanessa-Rabade-1-1.jpg 2000w\" sizes=\"auto, (max-width: 300px) 100vw, 300px\" \/><\/a><\/figure>\n<\/div>\n\n\n<p class=\"has-text-align-justify\">Xa est\u00e1 todo a punto para o desembarco do espect\u00e1culo <a rel=\"noreferrer noopener\" href=\"https:\/\/www.inventio.gal\/\" target=\"_blank\"><em>Inventio <\/em><\/a>no <strong>Auditorio Mar de Vigo os d\u00edas 3 e 4 de xaneiro<\/strong>. A maxia, o circo e a danza est\u00e1n garantidos con esta proposta esc\u00e9nica de gran formato concibida para p\u00fablico familiar e inspirada no universo xacobeo. Os billetes para as tres funci\u00f3ns previstas en na cidade ol\u00edvica oscilan entre os 15 e os 25 euros m\u00e1is gastos de xesti\u00f3n e est\u00e1n \u00e1 venda na web <a rel=\"noreferrer noopener\" href=\"https:\/\/www.teuticket.com\/es\/ver\/inventio\" target=\"_blank\">www.teuticket.com<\/a>. Ademais, hai desconto para os usuarios do Carn\u00e9 Xove e os menores de dous anos non pagan sempre que non ocupen butaca.<br><br><em>Inventio<\/em>, un espect\u00e1culo para todos os p\u00fablicos que reborda humor, misterio e fantas\u00eda, e no que conviven a comedia e o drama, a danza, o ilusionismo e as artes circenses. Est\u00e1 concibido como un convite para gozar cos sentidos dunha historia onde o pasado e o futuro danse a man grazas \u00e1 sucesi\u00f3n de n\u00fameros de maxia, levitaci\u00f3ns, equilibrios, malabares, a\u00e9reos, audiovisuais e mais composici\u00f3ns de m\u00fasica tradicional galega fundidas con sons electr\u00f3nicos. Cunha atmosfera m\u00e1xica e unha posta en escena vangardista, <em>Inventio <\/em>recupera a paisaxe, os costumes, a m\u00fasica, a arte ou a arquitectura de Galicia nun espect\u00e1culo delicado e cegador, de busca e descubrimento. <em>Inventio <\/em>\u00e9 un cami\u00f1o de regreso \u00e1 sensibilidade a partir da tradici\u00f3n e a modernidade.<br><br>Para materializar esta ambiciosa proposta esc\u00e9nica, <em>Inventio <\/em>conta cun numeroso equipo creativo e art\u00edstico formado por m\u00e1is de 40 persoas, entre elas seis bailar\u00edns e seis artistas circenses. Na direcci\u00f3n at\u00f3pase o mago Mart\u00edn Varela, que tam\u00e9n exerce de gu\u00eda do espect\u00e1culo. Como responsable da dramaturxia figura Jos\u00e9 L. Prieto e na direcci\u00f3n art\u00edstica est\u00e1 Suso Montero. A direcci\u00f3n de maxia recae sobre os ilusionistas Fani Triana e Mart\u00edn Cami\u00f1a e a de circo en Jorge Miquel. A direcci\u00f3n musical leva o selo de Jos\u00e9 Trincado &#8216;Triki&#8217; e o ballet e as coreograf\u00edas son unha creaci\u00f3n de Mercedes Su\u00e1rez. Completan o equipo Alberto Casas no dese\u00f1o de iluminaci\u00f3n e Conchi Silvent na direcci\u00f3n de vestiario. Inventio \u00e9 unha iniciativa da promotora galega Thinking Up Events, da Xunta de Galicia a trav\u00e9s do programa Xacobeo 21-22 e mais da Fundaci\u00f3n \u201cla Caixa\u201d, e conta tam\u00e9n co apoio de Sargadelos.<br><br><strong>A HISTORIA.<\/strong> Ano 2094. O noso mundo \u00e9 branco, as\u00e9ptico, limpo, ordenado. O noso universo \u00e9 fr\u00edo e tan impersoal coma o quir\u00f3fano dun hospital. Deixamos de sentir e de comunicarnos. Aterramos no futuro, si, pero perdemos a memoria e a emoci\u00f3n. Galicia. \u00daltimo ano Xacobeo deste s\u00e9culo XXI. Unha troupe de doce artistas guiada por un ilusionista comproba que xa non existe o Cami\u00f1o de Santiago, que xa ningu\u00e9n o lembra. Non quedan peregrinos nin un cami\u00f1o que percorrer xuntos. Tampouco a auga ou a chuvia, o son das gaitas, o verde dos campos ou a pegada do mar na area. Nin pegada nin lembranza ningunha. Que era todo aquilo? Onde quedaron a viaxe, a busca e o descubrimento? Onde liscou a sensibilidade? Velaqu\u00ed as preguntas que van guiar a esa troupe circense que teima nunha misi\u00f3n: reconstru\u00edr a s\u00faa identidade cultural. Sobre as t\u00e1boas, os artistas vense envoltos nunha aventura sen igual. O pasado t\u00f3caos maxicamente e unha forza sobrenatural transformaraos.<br><br><em>Inventio <\/em>nace co obxectivo de servir de veh\u00edculo de co\u00f1ecemento e de divulgaci\u00f3n do Cami\u00f1o de Santiago e da cultura galega a trav\u00e9s dunha historia de buscas e encontros, apta para p\u00fablico familiar e adulto. Tr\u00e1tase dun espect\u00e1culo que dota o noso patrimonio cultural dun enorme poder simb\u00f3lico: tradici\u00f3ns nadas hai s\u00e9culos que perduran hoxe, e que o fan enriquecidas e felizmente contaminadas doutras manifestaci\u00f3ns art\u00edsticas, cunha ollada aberta que pon en valor o que nos constr\u00fae e o que nos une.<br><br>Desde a s\u00faa estrea en Ferrol, o espect\u00e1culo est\u00e1 a desenvolver unha intensa xira que xa recalou en Santiago, Salamanca, Lugo, Pontevedra e Ourense e que vai chegar nas vindeiras semanas a Bilbao (29-30 decembro), Vigo (3-4 xaneiro 2023) e A Coru\u00f1a (13-14 xaneiro). Toda a informaci\u00f3n actualizada sobre a xira e os billetes est\u00e1 dispo\u00f1ible no espazo web <a rel=\"noreferrer noopener\" href=\"https:\/\/www.inventio.gal\/\" target=\"_blank\">www.inventio.gal<\/a>.<\/p>\n\n\n\n<p><\/p>\n\n\n<a href=\"http:\/\/culturaliagz.com\/wp-content\/uploads\/2022\/12\/20221228-NP-Presentacio\u0301n-Inventio-VIGO.pdf\" class=\"pdfemb-viewer\" style=\"\" data-width=\"max\" data-height=\"max\" data-toolbar=\"bottom\" data-toolbar-fixed=\"off\">20221228-NP-Presentacio\u0301n-Inventio-VIGO<\/a>\n<p class=\"wp-block-pdfemb-pdf-embedder-viewer\"><\/p>\n\n\n\n<p class=\"has-text-align-justify\"><br><\/p>\n","protected":false},"excerpt":{"rendered":"<p>A fantas\u00eda do espect\u00e1culo familiar &#8216;Inventio&#8217;, adianto de Reis en Vigo Esta proposta esc\u00e9nica galega de gran formato brindar\u00e1 un total de tres funci\u00f3ns no Auditorio Mar de Vigo os [&hellip;]<\/p>\n","protected":false},"author":1,"featured_media":0,"comment_status":"open","ping_status":"open","sticky":false,"template":"","format":"standard","meta":{"_et_pb_use_builder":"","_et_pb_old_content":"","_et_gb_content_width":"","_jetpack_memberships_contains_paid_content":false,"footnotes":""},"categories":[23,7,6,57,1],"tags":[1434,1307],"class_list":["post-11958","post","type-post","status-publish","format-standard","hentry","category-autoresas","category-creacion","category-novas","category-outras-artes","category-xeral","tag-auditorio-mar-de-vigo","tag-inventio"],"jetpack_featured_media_url":"","jetpack_sharing_enabled":true,"_links":{"self":[{"href":"http:\/\/culturaliagz.com\/index.php?rest_route=\/wp\/v2\/posts\/11958","targetHints":{"allow":["GET"]}}],"collection":[{"href":"http:\/\/culturaliagz.com\/index.php?rest_route=\/wp\/v2\/posts"}],"about":[{"href":"http:\/\/culturaliagz.com\/index.php?rest_route=\/wp\/v2\/types\/post"}],"author":[{"embeddable":true,"href":"http:\/\/culturaliagz.com\/index.php?rest_route=\/wp\/v2\/users\/1"}],"replies":[{"embeddable":true,"href":"http:\/\/culturaliagz.com\/index.php?rest_route=%2Fwp%2Fv2%2Fcomments&post=11958"}],"version-history":[{"count":2,"href":"http:\/\/culturaliagz.com\/index.php?rest_route=\/wp\/v2\/posts\/11958\/revisions"}],"predecessor-version":[{"id":11964,"href":"http:\/\/culturaliagz.com\/index.php?rest_route=\/wp\/v2\/posts\/11958\/revisions\/11964"}],"wp:attachment":[{"href":"http:\/\/culturaliagz.com\/index.php?rest_route=%2Fwp%2Fv2%2Fmedia&parent=11958"}],"wp:term":[{"taxonomy":"category","embeddable":true,"href":"http:\/\/culturaliagz.com\/index.php?rest_route=%2Fwp%2Fv2%2Fcategories&post=11958"},{"taxonomy":"post_tag","embeddable":true,"href":"http:\/\/culturaliagz.com\/index.php?rest_route=%2Fwp%2Fv2%2Ftags&post=11958"}],"curies":[{"name":"wp","href":"https:\/\/api.w.org\/{rel}","templated":true}]}}