{"id":11952,"date":"2022-12-28T19:59:22","date_gmt":"2022-12-28T18:59:22","guid":{"rendered":"http:\/\/culturaliagz.com\/?p=11952"},"modified":"2022-12-28T21:40:31","modified_gmt":"2022-12-28T20:40:31","slug":"homenaxe-a-bernando-garcia-cendan-polo-seu-x-cabodano-na-praza-da-igrexa-de-vilalba","status":"publish","type":"post","link":"http:\/\/culturaliagz.com\/?p=11952","title":{"rendered":"Homenaxe a Bernando Garc\u00eda Cend\u00e1n polo seu X cabodano na Praza da Igrexa de Vilalba"},"content":{"rendered":"\n<p><\/p>\n\n\n\n<p><\/p>\n\n\n<div class=\"wp-block-image\">\n<figure class=\"aligncenter size-full\"><a href=\"http:\/\/culturaliagz.com\/wp-content\/uploads\/2022\/12\/CARTAZ-BERNARDO22-copia.jpg\" target=\"_blank\" rel=\"noreferrer noopener\"><img loading=\"lazy\" decoding=\"async\" width=\"698\" height=\"960\" src=\"http:\/\/culturaliagz.com\/wp-content\/uploads\/2022\/12\/CARTAZ-BERNARDO22-copia.jpg\" alt=\"\" class=\"wp-image-11953\" srcset=\"http:\/\/culturaliagz.com\/wp-content\/uploads\/2022\/12\/CARTAZ-BERNARDO22-copia.jpg 698w, http:\/\/culturaliagz.com\/wp-content\/uploads\/2022\/12\/CARTAZ-BERNARDO22-copia-480x660.jpg 480w\" sizes=\"auto, (min-width: 0px) and (max-width: 480px) 480px, (min-width: 481px) 698px, 100vw\" \/><\/a><\/figure>\n<\/div>\n\n\n<p><\/p>\n\n\n\n<p class=\"has-text-align-justify\">O\u00a0<strong>s\u00e1bado 31 de decembro de 2022, \u00e1s 12:30<\/strong>\u00a0horas, na\u00a0<strong>PRAZA DA IGREXA DE VILALBA<\/strong>, o <a rel=\"noreferrer noopener\" href=\"https:\/\/estudoschairegos.gal\/\" target=\"_blank\">Instituto de Estudos Chairegos (<strong>IESCHA<\/strong>)<\/a> levar\u00e1 a cabo a inauguraci\u00f3n da inscripci\u00f3n conmemorativa nunha das lousas da praza (obra do canteiro\u00a0<strong><em>Jos\u00e9 G\u00f3mez de Bernardo \u201cPep\u00f3n\u201d<\/em><\/strong>) cando se cumplen dez anos do pasamento do benquerido<a href=\"https:\/\/estudoschairegos.gal\/homenaxe-a-bernardo-garcia-cendan-no-x-cabodano-sabado-31-de-decembro-de-2022-as-1230-horas-na-praza-da-igrexa\/\" target=\"_blank\" rel=\"noreferrer noopener\">\u00a0<strong>BERNARDO GARC\u00cdA CEND\u00c1N<\/strong><\/a>.<\/p>\n\n\n\n<p class=\"has-text-align-justify\">O acto ter\u00e1 tam\u00e9n un apartado po\u00e9tico (no que poder\u00e1n participar todas as persoas que o desexen) co recitado de poemas do propio Bernardo, e outro musical no que intervir\u00e1n d\u00faas alumnas do&nbsp;Conservatorio vilalb\u00e9s:&nbsp;<strong><em>Ic\u00eda Saavedra Corti\u00f1as<\/em><\/strong>, coa guitarra, e&nbsp;<strong><em>Sara Puentes Antas<\/em><\/strong>, coa frauta.&nbsp;&nbsp;&nbsp;&nbsp;<\/p>\n","protected":false},"excerpt":{"rendered":"<p>O\u00a0s\u00e1bado 31 de decembro de 2022, \u00e1s 12:30\u00a0horas, na\u00a0PRAZA DA IGREXA DE VILALBA, o Instituto de Estudos Chairegos (IESCHA) levar\u00e1 a cabo a inauguraci\u00f3n da inscripci\u00f3n conmemorativa nunha das lousas [&hellip;]<\/p>\n","protected":false},"author":1,"featured_media":0,"comment_status":"open","ping_status":"open","sticky":false,"template":"","format":"standard","meta":{"_et_pb_use_builder":"","_et_pb_old_content":"","_et_gb_content_width":"","_jetpack_memberships_contains_paid_content":false,"footnotes":""},"categories":[23,7,129,6,1],"tags":[1432,234,1433],"class_list":["post-11952","post","type-post","status-publish","format-standard","hentry","category-autoresas","category-creacion","category-literaria","category-novas","category-xeral","tag-bernardo-garcia-cendan","tag-iescha","tag-praza-da-igrexa-de-vilalba"],"jetpack_featured_media_url":"","jetpack_sharing_enabled":true,"_links":{"self":[{"href":"http:\/\/culturaliagz.com\/index.php?rest_route=\/wp\/v2\/posts\/11952","targetHints":{"allow":["GET"]}}],"collection":[{"href":"http:\/\/culturaliagz.com\/index.php?rest_route=\/wp\/v2\/posts"}],"about":[{"href":"http:\/\/culturaliagz.com\/index.php?rest_route=\/wp\/v2\/types\/post"}],"author":[{"embeddable":true,"href":"http:\/\/culturaliagz.com\/index.php?rest_route=\/wp\/v2\/users\/1"}],"replies":[{"embeddable":true,"href":"http:\/\/culturaliagz.com\/index.php?rest_route=%2Fwp%2Fv2%2Fcomments&post=11952"}],"version-history":[{"count":5,"href":"http:\/\/culturaliagz.com\/index.php?rest_route=\/wp\/v2\/posts\/11952\/revisions"}],"predecessor-version":[{"id":11968,"href":"http:\/\/culturaliagz.com\/index.php?rest_route=\/wp\/v2\/posts\/11952\/revisions\/11968"}],"wp:attachment":[{"href":"http:\/\/culturaliagz.com\/index.php?rest_route=%2Fwp%2Fv2%2Fmedia&parent=11952"}],"wp:term":[{"taxonomy":"category","embeddable":true,"href":"http:\/\/culturaliagz.com\/index.php?rest_route=%2Fwp%2Fv2%2Fcategories&post=11952"},{"taxonomy":"post_tag","embeddable":true,"href":"http:\/\/culturaliagz.com\/index.php?rest_route=%2Fwp%2Fv2%2Ftags&post=11952"}],"curies":[{"name":"wp","href":"https:\/\/api.w.org\/{rel}","templated":true}]}}