{"id":11782,"date":"2022-12-06T01:03:29","date_gmt":"2022-12-06T00:03:29","guid":{"rendered":"http:\/\/culturaliagz.com\/?p=11782"},"modified":"2022-12-06T01:06:29","modified_gmt":"2022-12-06T00:06:29","slug":"a-comunidade-galega-de-cataluna-leva-ao-gran-teatre-do-liceu-de-barcelona-o-seu-espectaculo-unha-xeracion-dous-mundos","status":"publish","type":"post","link":"http:\/\/culturaliagz.com\/?p=11782","title":{"rendered":"A Comunidade Galega de Catalu\u00f1a leva ao Gran Teatre do Liceu de Barcelona o seu espect\u00e1culo \u201dUnha Xeraci\u00f3n. Dous Mundos\u201d"},"content":{"rendered":"\n<p><\/p>\n\n\n\n<p><\/p>\n\n\n<div class=\"wp-block-image\">\n<figure class=\"aligncenter size-full\"><a href=\"http:\/\/culturaliagz.com\/wp-content\/uploads\/2022\/12\/51C4E47E-383A-46FE-9D88-39AAF43BC919.jpeg\" target=\"_blank\" rel=\"noreferrer noopener\"><img loading=\"lazy\" decoding=\"async\" width=\"600\" height=\"200\" src=\"http:\/\/culturaliagz.com\/wp-content\/uploads\/2022\/12\/51C4E47E-383A-46FE-9D88-39AAF43BC919.jpeg\" alt=\"\" class=\"wp-image-11783\" srcset=\"http:\/\/culturaliagz.com\/wp-content\/uploads\/2022\/12\/51C4E47E-383A-46FE-9D88-39AAF43BC919.jpeg 600w, http:\/\/culturaliagz.com\/wp-content\/uploads\/2022\/12\/51C4E47E-383A-46FE-9D88-39AAF43BC919-480x160.jpeg 480w\" sizes=\"auto, (min-width: 0px) and (max-width: 480px) 480px, (min-width: 481px) 600px, 100vw\" \/><\/a><\/figure>\n<\/div>\n\n\n<p><\/p>\n\n\n\n<p><\/p>\n\n\n\n<p class=\"has-text-align-justify\" style=\"font-size:16px\"><strong>A Comunidade Galega de Catalu\u00f1a leva ao Gran&nbsp;Teatre&nbsp;do&nbsp;Liceu&nbsp;de Barcelona&nbsp;o seu espect\u00e1culo \u201cUnha Xeraci\u00f3n. Dous Mundos\u201d<\/strong><\/p>\n\n\n\n<p class=\"has-text-align-justify\"><em>A gala de teatro musical \u00e9 unha homenaxe \u00e1 emigraci\u00f3n galega chegada a Catalu\u00f1a nas d\u00e9cadas dos 60 e 70<\/em><\/p>\n\n\n\n<p><\/p>\n\n\n\n<p class=\"has-text-align-justify\" style=\"font-size:14px\">A Comunidade Galega de Catalu\u00f1a presentar\u00e1 o pr\u00f3ximo 10 de decembro \u00e1s 18.00 horas, no Gran&nbsp;Teatre&nbsp;do&nbsp;Liceu&nbsp;de Barcelona o seu espect\u00e1culo <a href=\"https:\/\/www.cronicasdelaemigracion.com\/articulo\/galicia\/deputacion-lugo-impulsa-comunidad-gallega-cataluna-gran-homenaje-emigracion\/20221118144557111441.html\" target=\"_blank\" rel=\"noreferrer noopener\">\u201cUnha Xeraci\u00f3n. Dous Mundos\u201d<\/a>.<\/p>\n\n\n\n<p class=\"has-text-align-justify\" style=\"font-size:14px\">\u201cUnha Xeraci\u00f3n. Dous Mundos\u201d \u00e9 unha gala de teatro musical que explica varias historias da Emigraci\u00f3n Galega en Catalu\u00f1a desde a d\u00e9cada dos 60 e 70 ata os nosos d\u00edas, unha \u00e9poca na que se crearon a maior\u00eda de Centros Galegos e Casas de Galicia, as\u00ed como instituci\u00f3ns sociais e empresariais, contribu\u00edndo a constru\u00edr e mellorar a nosa sociedade e a terra de acollida, Catalu\u00f1a.<\/p>\n\n\n\n<p class=\"has-text-align-justify\" style=\"font-size:14px\">Por iniciativa da Casa Galega de L\u2019Hospitalet e Xuntanza de&nbsp;Catalunya, \u201cUnha Xeraci\u00f3n. Dous Mundos\u201d \u00e9 unha realidade grazas \u00e1 suma de m\u00e1is de vinte entidades&nbsp;galegas&nbsp;colaboradoras&nbsp;(Comunidade Galega de&nbsp;Catalunya)&nbsp;e ao apoio da Xunta de Galicia, a Deputaci\u00f3n de Lugo&nbsp;e a Deputaci\u00f3n de Barcelona, as\u00ed como AEGA-CAT (Asociaci\u00f3n de Empresarios Galegos de Catalu\u00f1a).<\/p>\n\n\n\n<p class=\"has-text-align-justify\" style=\"font-size:14px\">\u201cUnha Xeraci\u00f3n. Dous Mundos\u201d conta cun elenco de m\u00e1is de 250&nbsp;participantes, actores e m\u00fasicos, que dar\u00e1n vida a un&nbsp;gui\u00f3n&nbsp;escrito por Xos\u00e9 Carlos Garc\u00eda e Manuel Prados.&nbsp;Os reco\u00f1ecidos artistas galegos Artur&nbsp;Puga e&nbsp;Xisco&nbsp;Feijo\u00f3&nbsp;son,&nbsp;pola s\u00faa banda, directores art\u00edsticos da obra, cuxa&nbsp;direcci\u00f3n&nbsp;teatral e musical recae en Cote Gonz\u00e1lez e Xurxo G\u00e1ndara, respectivamente.&nbsp;Por outra&nbsp;parte,&nbsp;Fidel V\u00e1zquez&nbsp;\u00e9&nbsp;o responsable da iluminaci\u00f3n do espect\u00e1culo, mentres que Alberto&nbsp;Quint\u00e1&nbsp;\u00e9&nbsp;o responsable de son.<\/p>\n\n\n\n<p class=\"has-text-align-justify\" style=\"font-size:14px\">M\u00fasica, baile, teatro e emoci\u00f3n daranse cita neste espect\u00e1culo, que levar\u00e1 Galicia \u00e1 capital&nbsp;catalana, para homenaxear a todas aquelas persoas que tiveron que vivir \u201centre dous mundos\u201d.<\/p>\n\n\n\n<p><\/p>\n","protected":false},"excerpt":{"rendered":"<p>A Comunidade Galega de Catalu\u00f1a leva ao Gran&nbsp;Teatre&nbsp;do&nbsp;Liceu&nbsp;de Barcelona&nbsp;o seu espect\u00e1culo \u201cUnha Xeraci\u00f3n. Dous Mundos\u201d A gala de teatro musical \u00e9 unha homenaxe \u00e1 emigraci\u00f3n galega chegada a Catalu\u00f1a nas [&hellip;]<\/p>\n","protected":false},"author":1,"featured_media":0,"comment_status":"open","ping_status":"open","sticky":false,"template":"","format":"standard","meta":{"_et_pb_use_builder":"","_et_pb_old_content":"","_et_gb_content_width":"","_jetpack_memberships_contains_paid_content":false,"footnotes":""},"categories":[23,7,6,57,1],"tags":[1412,1414,1413],"class_list":["post-11782","post","type-post","status-publish","format-standard","hentry","category-autoresas","category-creacion","category-novas","category-outras-artes","category-xeral","tag-comunidade-galega-de-cataluna","tag-gran-teatre-do-liceu","tag-unha-xeracion-dous-mundos"],"jetpack_featured_media_url":"","jetpack_sharing_enabled":true,"_links":{"self":[{"href":"http:\/\/culturaliagz.com\/index.php?rest_route=\/wp\/v2\/posts\/11782","targetHints":{"allow":["GET"]}}],"collection":[{"href":"http:\/\/culturaliagz.com\/index.php?rest_route=\/wp\/v2\/posts"}],"about":[{"href":"http:\/\/culturaliagz.com\/index.php?rest_route=\/wp\/v2\/types\/post"}],"author":[{"embeddable":true,"href":"http:\/\/culturaliagz.com\/index.php?rest_route=\/wp\/v2\/users\/1"}],"replies":[{"embeddable":true,"href":"http:\/\/culturaliagz.com\/index.php?rest_route=%2Fwp%2Fv2%2Fcomments&post=11782"}],"version-history":[{"count":5,"href":"http:\/\/culturaliagz.com\/index.php?rest_route=\/wp\/v2\/posts\/11782\/revisions"}],"predecessor-version":[{"id":11788,"href":"http:\/\/culturaliagz.com\/index.php?rest_route=\/wp\/v2\/posts\/11782\/revisions\/11788"}],"wp:attachment":[{"href":"http:\/\/culturaliagz.com\/index.php?rest_route=%2Fwp%2Fv2%2Fmedia&parent=11782"}],"wp:term":[{"taxonomy":"category","embeddable":true,"href":"http:\/\/culturaliagz.com\/index.php?rest_route=%2Fwp%2Fv2%2Fcategories&post=11782"},{"taxonomy":"post_tag","embeddable":true,"href":"http:\/\/culturaliagz.com\/index.php?rest_route=%2Fwp%2Fv2%2Ftags&post=11782"}],"curies":[{"name":"wp","href":"https:\/\/api.w.org\/{rel}","templated":true}]}}