{"id":11760,"date":"2022-11-29T10:01:00","date_gmt":"2022-11-29T09:01:00","guid":{"rendered":"http:\/\/culturaliagz.com\/?p=11760"},"modified":"2022-11-28T23:59:02","modified_gmt":"2022-11-28T22:59:02","slug":"proxeccion-da-pelicula-jacinto-de-javi-camino-no-auditorio-municipal-de-vilalba","status":"publish","type":"post","link":"http:\/\/culturaliagz.com\/?p=11760","title":{"rendered":"Proxecci\u00f3n da pel\u00edcula JACINTO, de Javi Camino, no Auditorio Municipal de Vilalba"},"content":{"rendered":"\n<p><\/p>\n\n\n\n<p><\/p>\n\n\n<div class=\"wp-block-image\">\n<figure class=\"aligncenter size-large\"><a href=\"http:\/\/culturaliagz.com\/wp-content\/uploads\/2022\/11\/586116A2-CC97-4C33-969E-B857E49BB864-scaled.jpeg\" target=\"_blank\" rel=\"noreferrer noopener\"><img loading=\"lazy\" decoding=\"async\" width=\"724\" height=\"1024\" src=\"http:\/\/culturaliagz.com\/wp-content\/uploads\/2022\/11\/586116A2-CC97-4C33-969E-B857E49BB864-724x1024.jpeg\" alt=\"\" class=\"wp-image-11761\"\/><\/a><\/figure>\n<\/div>\n\n\n<p><\/p>\n\n\n\n<p class=\"has-text-align-justify\">O <a rel=\"noreferrer noopener\" href=\"https:\/\/estudoschairegos.gal\/\" target=\"_blank\">IESCHA<\/a> organiza a proxecci\u00f3n da pel\u00edcula <strong><a rel=\"noreferrer noopener\" href=\"https:\/\/estudoschairegos.gal\/ciclo-mestre-mateo-proxeccion-da-pelicula-jacinto-de-javi-camino-auditorio-de-vilalba-03-12-2022-2000\/\" target=\"_blank\">JACINTO<\/a><\/strong>,  de Javi Camino, dentro do <em><a rel=\"noreferrer noopener\" href=\"https:\/\/premiosmestremateo.gal\/edicions-anteriores\/xx-premios-mestre-mateo\/\" target=\"_blank\">Ciclo Premios MESTRE MATEO<\/a><\/em>. Dita proxecci\u00f3n ter\u00e1 lugar este s\u00e1bado, 3 de decembro, \u00e1s 20 h. no Auditorio Municipal de Vilalba.<\/p>\n\n\n\n<p><\/p>\n\n\n<a href=\"http:\/\/culturaliagz.com\/wp-content\/uploads\/2022\/11\/NOTA-INFORMATIVA_JACINTO.pdf\" class=\"pdfemb-viewer\" style=\"\" data-width=\"max\" data-height=\"max\" data-toolbar=\"bottom\" data-toolbar-fixed=\"off\">NOTA-INFORMATIVA_JACINTO<\/a>\n<p class=\"wp-block-pdfemb-pdf-embedder-viewer\"><\/p>\n","protected":false},"excerpt":{"rendered":"<p>O IESCHA organiza a proxecci\u00f3n da pel\u00edcula JACINTO, de Javi Camino, dentro do Ciclo Premios MESTRE MATEO. Dita proxecci\u00f3n ter\u00e1 lugar este s\u00e1bado, 3 de decembro, \u00e1s 20 h. no [&hellip;]<\/p>\n","protected":false},"author":1,"featured_media":0,"comment_status":"open","ping_status":"open","sticky":false,"template":"","format":"standard","meta":{"_et_pb_use_builder":"","_et_pb_old_content":"","_et_gb_content_width":"","_jetpack_memberships_contains_paid_content":false,"footnotes":""},"categories":[23,7,6,57,1],"tags":[313,234,1407,1408,1393],"class_list":["post-11760","post","type-post","status-publish","format-standard","hentry","category-autoresas","category-creacion","category-novas","category-outras-artes","category-xeral","tag-auditorio-municipal-de-vilalba","tag-iescha","tag-jacinto","tag-javi-camino","tag-premios-mestre-mateo"],"jetpack_featured_media_url":"","jetpack_sharing_enabled":true,"_links":{"self":[{"href":"http:\/\/culturaliagz.com\/index.php?rest_route=\/wp\/v2\/posts\/11760","targetHints":{"allow":["GET"]}}],"collection":[{"href":"http:\/\/culturaliagz.com\/index.php?rest_route=\/wp\/v2\/posts"}],"about":[{"href":"http:\/\/culturaliagz.com\/index.php?rest_route=\/wp\/v2\/types\/post"}],"author":[{"embeddable":true,"href":"http:\/\/culturaliagz.com\/index.php?rest_route=\/wp\/v2\/users\/1"}],"replies":[{"embeddable":true,"href":"http:\/\/culturaliagz.com\/index.php?rest_route=%2Fwp%2Fv2%2Fcomments&post=11760"}],"version-history":[{"count":5,"href":"http:\/\/culturaliagz.com\/index.php?rest_route=\/wp\/v2\/posts\/11760\/revisions"}],"predecessor-version":[{"id":11767,"href":"http:\/\/culturaliagz.com\/index.php?rest_route=\/wp\/v2\/posts\/11760\/revisions\/11767"}],"wp:attachment":[{"href":"http:\/\/culturaliagz.com\/index.php?rest_route=%2Fwp%2Fv2%2Fmedia&parent=11760"}],"wp:term":[{"taxonomy":"category","embeddable":true,"href":"http:\/\/culturaliagz.com\/index.php?rest_route=%2Fwp%2Fv2%2Fcategories&post=11760"},{"taxonomy":"post_tag","embeddable":true,"href":"http:\/\/culturaliagz.com\/index.php?rest_route=%2Fwp%2Fv2%2Ftags&post=11760"}],"curies":[{"name":"wp","href":"https:\/\/api.w.org\/{rel}","templated":true}]}}