{"id":11728,"date":"2022-11-23T11:32:25","date_gmt":"2022-11-23T10:32:25","guid":{"rendered":"http:\/\/culturaliagz.com\/?p=11728"},"modified":"2022-11-23T11:35:14","modified_gmt":"2022-11-23T10:35:14","slug":"xornadas-pola-diversidade-afectivo-sexual-e-de-xenero-na-casa-da-cultura-de-vilalba","status":"publish","type":"post","link":"http:\/\/culturaliagz.com\/?p=11728","title":{"rendered":"\u201cXornadas pola Diversidade Afectivo-Sexual e de X\u00e9nero\u201d na Casa da Cultura de Vilalba"},"content":{"rendered":"\n<p><\/p>\n\n\n\n<p><\/p>\n\n\n<div class=\"wp-block-image\">\n<figure class=\"aligncenter size-large\"><a href=\"http:\/\/culturaliagz.com\/wp-content\/uploads\/2022\/11\/DE76E8CF-88E8-4073-8DCD-1BEC22B1B07F-scaled.jpeg\" target=\"_blank\" rel=\"noreferrer noopener\"><img loading=\"lazy\" decoding=\"async\" width=\"724\" height=\"1024\" src=\"http:\/\/culturaliagz.com\/wp-content\/uploads\/2022\/11\/DE76E8CF-88E8-4073-8DCD-1BEC22B1B07F-724x1024.jpeg\" alt=\"\" class=\"wp-image-11729\"\/><\/a><\/figure>\n<\/div>\n\n\n<p><\/p>\n\n\n\n<p><\/p>\n\n\n\n<p><\/p>\n\n\n\n<p class=\"has-text-align-justify\" style=\"font-size:15px\">O <a rel=\"noreferrer noopener\" href=\"https:\/\/estudoschairegos.gal\/\" target=\"_blank\">Instituto de Estudos Chairegos<\/a> e o <a rel=\"noreferrer noopener\" href=\"http:\/\/consellodacultura.gal\/\" target=\"_blank\">Consello da Cultura Galega<\/a>, en colaboraci\u00f3n co <a href=\"https:\/\/www.vilalba.gal\/\">Concello de Vilalba<\/a>, organizan as&nbsp;<strong><a rel=\"noreferrer noopener\" href=\"https:\/\/estudoschairegos.gal\/xornadas-pola-diversidade-afectivo-sexual-e-de-xenero-venres-25-e-sabad0-26-de-novembro-de-2022-casa-da-cultura-de-vilalba\/\" target=\"_blank\">XORNADAS&nbsp;POLA DIVERSIDADE AFECTIVO-SEXUAL E DE X\u00c9NERO<\/a><\/strong>,&nbsp;que se levar\u00e1n a cabo na Casa da Cultura de Vilalba, os d\u00edas 25 e&nbsp;26 de novembro de 2022.<\/p>\n\n\n\n<p><\/p>\n\n\n\n<p><\/p>\n\n\n\n<p><\/p>\n\n\n<a href=\"http:\/\/culturaliagz.com\/wp-content\/uploads\/2022\/11\/NOTA_INFORMATIVA_XORNADAS-2022.pdf\" class=\"pdfemb-viewer\" style=\"\" data-width=\"max\" data-height=\"max\" data-toolbar=\"bottom\" data-toolbar-fixed=\"off\">NOTA_INFORMATIVA_XORNADAS-2022<\/a>\n<p class=\"wp-block-pdfemb-pdf-embedder-viewer\"><\/p>\n\n\n\n<p><\/p>\n","protected":false},"excerpt":{"rendered":"<p>O Instituto de Estudos Chairegos e o Consello da Cultura Galega, en colaboraci\u00f3n co Concello de Vilalba, organizan as&nbsp;XORNADAS&nbsp;POLA DIVERSIDADE AFECTIVO-SEXUAL E DE X\u00c9NERO,&nbsp;que se levar\u00e1n a cabo na Casa [&hellip;]<\/p>\n","protected":false},"author":1,"featured_media":0,"comment_status":"open","ping_status":"open","sticky":false,"template":"","format":"standard","meta":{"_et_pb_use_builder":"","_et_pb_old_content":"","_et_gb_content_width":"","_jetpack_memberships_contains_paid_content":false,"footnotes":""},"categories":[23,7,6,57,1],"tags":[30,562,234,1404],"class_list":["post-11728","post","type-post","status-publish","format-standard","hentry","category-autoresas","category-creacion","category-novas","category-outras-artes","category-xeral","tag-concello-de-vilalba","tag-consello-da-cultura-galega","tag-iescha","tag-xornadas-pola-diversidade-afectivo-sexual-e-de-xenero"],"jetpack_featured_media_url":"","jetpack_sharing_enabled":true,"_links":{"self":[{"href":"http:\/\/culturaliagz.com\/index.php?rest_route=\/wp\/v2\/posts\/11728","targetHints":{"allow":["GET"]}}],"collection":[{"href":"http:\/\/culturaliagz.com\/index.php?rest_route=\/wp\/v2\/posts"}],"about":[{"href":"http:\/\/culturaliagz.com\/index.php?rest_route=\/wp\/v2\/types\/post"}],"author":[{"embeddable":true,"href":"http:\/\/culturaliagz.com\/index.php?rest_route=\/wp\/v2\/users\/1"}],"replies":[{"embeddable":true,"href":"http:\/\/culturaliagz.com\/index.php?rest_route=%2Fwp%2Fv2%2Fcomments&post=11728"}],"version-history":[{"count":8,"href":"http:\/\/culturaliagz.com\/index.php?rest_route=\/wp\/v2\/posts\/11728\/revisions"}],"predecessor-version":[{"id":11738,"href":"http:\/\/culturaliagz.com\/index.php?rest_route=\/wp\/v2\/posts\/11728\/revisions\/11738"}],"wp:attachment":[{"href":"http:\/\/culturaliagz.com\/index.php?rest_route=%2Fwp%2Fv2%2Fmedia&parent=11728"}],"wp:term":[{"taxonomy":"category","embeddable":true,"href":"http:\/\/culturaliagz.com\/index.php?rest_route=%2Fwp%2Fv2%2Fcategories&post=11728"},{"taxonomy":"post_tag","embeddable":true,"href":"http:\/\/culturaliagz.com\/index.php?rest_route=%2Fwp%2Fv2%2Ftags&post=11728"}],"curies":[{"name":"wp","href":"https:\/\/api.w.org\/{rel}","templated":true}]}}