{"id":1161,"date":"2017-04-22T21:22:14","date_gmt":"2017-04-22T21:22:14","guid":{"rendered":"http:\/\/culturaliagz.com\/?p=1161"},"modified":"2017-04-24T13:27:41","modified_gmt":"2017-04-24T13:27:41","slug":"cicatriz","status":"publish","type":"post","link":"http:\/\/culturaliagz.com\/?p=1161","title":{"rendered":"Cicatriz"},"content":{"rendered":"<p><img loading=\"lazy\" decoding=\"async\" class=\"size-medium wp-image-1162 aligncenter\" src=\"http:\/\/culturaliagz.com\/wp-content\/uploads\/2017\/04\/Screenshot_2017-04-22-22-11-30-2-300x300.png\" alt=\"\" width=\"300\" height=\"300\" srcset=\"http:\/\/culturaliagz.com\/wp-content\/uploads\/2017\/04\/Screenshot_2017-04-22-22-11-30-2-300x300.png 300w, http:\/\/culturaliagz.com\/wp-content\/uploads\/2017\/04\/Screenshot_2017-04-22-22-11-30-2-150x150.png 150w, http:\/\/culturaliagz.com\/wp-content\/uploads\/2017\/04\/Screenshot_2017-04-22-22-11-30-2.png 464w\" sizes=\"auto, (max-width: 300px) 100vw, 300px\" \/><\/p>\n<p style=\"text-align: right;\"><em>A Marcos Hermida e Herminio do Grueira; in memoriam.<\/em><\/p>\n<p style=\"text-align: center;\">ALAGADAS as p\u00e1lpebras do so\u00f1o perdido,<\/p>\n<p style=\"text-align: center;\">na transparencia azul que engana a esperanza<\/p>\n<p style=\"text-align: center;\">un poeta \u00e9 unha lamia deglutindo o instante parido,<\/p>\n<p style=\"text-align: center;\">coa vertixe do l\u00f3strego na s\u00faa pel<\/p>\n<p style=\"text-align: center;\">palpando o silencio desgarrado<\/p>\n<p style=\"text-align: center;\">por mim\u00e9ticos ecos de dor herdada,<\/p>\n<p style=\"text-align: center;\">un poeta \u00e9 un f\u00f3sforo declamando a hora dos r\u00edos<\/p>\n<p style=\"text-align: center;\">que non volver\u00e1n ferilo nas pedras irtas da linguaxe<\/p>\n<p style=\"text-align: center;\">pois cada polgada do seu ollar<\/p>\n<p style=\"text-align: center;\">irrompe coma unha cris\u00e1lida<\/p>\n<p style=\"text-align: center;\">que xamais divisou outonar.<\/p>\n<p style=\"text-align: center;\">Ser poeta non \u00e9 co\u00f1ecerse a un mesmo<\/p>\n<p style=\"text-align: center;\">sen\u00f3n comprender o que un non \u00e9,<\/p>\n<p style=\"text-align: center;\">un home recatado, mentireiro compulsivo,<\/p>\n<p style=\"text-align: center;\">cariz de fraude cos vermes na boca,<\/p>\n<p style=\"text-align: center;\">manido c\u00e1ncaro en primavera,<\/p>\n<p style=\"text-align: center;\">cifras e descifras o que non es<\/p>\n<p style=\"text-align: center;\">porque o estrato remanente da xen\u00e9tica<\/p>\n<p style=\"text-align: center;\">non \u00e9 unha f\u00edsica amoral.<\/p>\n<p style=\"text-align: center;\">A\u00ednda as\u00ed, ap\u00f3s das mi\u00f1as melism\u00e1ticas farsas,<\/p>\n<p style=\"text-align: center;\">chamade ao inferno que traia a incandescencia<\/p>\n<p style=\"text-align: center;\">das ascuas da furia, pois direivos realmente<\/p>\n<p style=\"text-align: center;\">o que un poeta \u00e9:<\/p>\n<p style=\"text-align: center;\">terra<\/p>\n<p style=\"text-align: center;\">terra<\/p>\n<p style=\"text-align: center;\">terra<\/p>\n<p style=\"text-align: center;\">terra<\/p>\n<p style=\"text-align: center;\">terra<\/p>\n<p style=\"text-align: center;\">terra<\/p>\n<p style=\"text-align: center;\">un mill\u00f3n duascentas mil veces terra,<\/p>\n<p style=\"text-align: center;\">terra de oso pulverizado<\/p>\n<p style=\"text-align: center;\">nutrindo a incerteza noutra carne.<\/p>\n<p style=\"text-align: center;\">E&#8230; AQU\u00cd ESTAMOS, amigos os poetas,<\/p>\n<p style=\"text-align: center;\">cami\u00f1os longu\u00edsimos coma versos interminables;<\/p>\n<p style=\"text-align: center;\">que carallo queredes m\u00e1is!?<\/p>\n<p style=\"text-align: center;\">(porque non despuntar a remanencia da mi\u00f1a irregular personalidade?)<\/p>\n<p style=\"text-align: center;\">que carallo queredes m\u00e1is que coroar de loanza inmortal<\/p>\n<p style=\"text-align: center;\">a todos aqueles que nos amaron e nos deixaron?<\/p>\n<p style=\"text-align: center;\">NON, non bifurcarse nunha galla que estoura no silencio<\/p>\n<p style=\"text-align: center;\">\u00e9 ser unha momia encinta de neurose,<\/p>\n<p style=\"text-align: center;\">emporiso deix\u00e1deme dicir con m\u00e1is xenio que enxe\u00f1o,<\/p>\n<p style=\"text-align: center;\">coa voz tersa en ollos azuis renovados,<\/p>\n<p style=\"text-align: center;\">que a vida \u00e9 un resoar de morte:<\/p>\n<p style=\"text-align: center;\">un licor amargo bebido a grolos de inxustiza.<\/p>\n<p style=\"text-align: center;\">E despois de todo, cando o solpor musita co seu chasco,<\/p>\n<p style=\"text-align: center;\">sentirse un home que fala sen dicir nada,<\/p>\n<p style=\"text-align: center;\">ou perd\u00f3n, aceptade as mi\u00f1as introspectivas desculpas,<\/p>\n<p style=\"text-align: center;\">que lle fala \u00e1 nada sumida no estertor do baleiro,<\/p>\n<p style=\"text-align: center;\">despois de todo o vivido:<\/p>\n<p style=\"text-align: center;\">ter no c\u00e1lamo dos dedos<\/p>\n<p style=\"text-align: center;\">as persoas que te amaron,<\/p>\n<p style=\"text-align: center;\">que te seguen amando a pesar<\/p>\n<p style=\"text-align: center;\">da t\u00faa eterna impureza retrospectiva<\/p>\n<p style=\"text-align: center;\">de pasadas chagas pragada;<\/p>\n<p style=\"text-align: center;\">TER, na memoria as persoas<\/p>\n<p style=\"text-align: center;\">que estarabouzan na cicatriz do coraz\u00f3n,<\/p>\n<p style=\"text-align: center;\">pois sempre estiveron vivas.<\/p>\n","protected":false},"excerpt":{"rendered":"<p>A Marcos Hermida e Herminio do Grueira; in memoriam. ALAGADAS as p\u00e1lpebras do so\u00f1o perdido, na transparencia azul que engana a esperanza un poeta \u00e9 unha lamia deglutindo o instante [&hellip;]<\/p>\n","protected":false},"author":24,"featured_media":0,"comment_status":"open","ping_status":"open","sticky":false,"template":"","format":"standard","meta":{"_et_pb_use_builder":"","_et_pb_old_content":"","_et_gb_content_width":"","_jetpack_memberships_contains_paid_content":false,"footnotes":""},"categories":[23,7],"tags":[],"class_list":["post-1161","post","type-post","status-publish","format-standard","hentry","category-autoresas","category-creacion"],"jetpack_featured_media_url":"","jetpack_sharing_enabled":true,"_links":{"self":[{"href":"http:\/\/culturaliagz.com\/index.php?rest_route=\/wp\/v2\/posts\/1161","targetHints":{"allow":["GET"]}}],"collection":[{"href":"http:\/\/culturaliagz.com\/index.php?rest_route=\/wp\/v2\/posts"}],"about":[{"href":"http:\/\/culturaliagz.com\/index.php?rest_route=\/wp\/v2\/types\/post"}],"author":[{"embeddable":true,"href":"http:\/\/culturaliagz.com\/index.php?rest_route=\/wp\/v2\/users\/24"}],"replies":[{"embeddable":true,"href":"http:\/\/culturaliagz.com\/index.php?rest_route=%2Fwp%2Fv2%2Fcomments&post=1161"}],"version-history":[{"count":5,"href":"http:\/\/culturaliagz.com\/index.php?rest_route=\/wp\/v2\/posts\/1161\/revisions"}],"predecessor-version":[{"id":1167,"href":"http:\/\/culturaliagz.com\/index.php?rest_route=\/wp\/v2\/posts\/1161\/revisions\/1167"}],"wp:attachment":[{"href":"http:\/\/culturaliagz.com\/index.php?rest_route=%2Fwp%2Fv2%2Fmedia&parent=1161"}],"wp:term":[{"taxonomy":"category","embeddable":true,"href":"http:\/\/culturaliagz.com\/index.php?rest_route=%2Fwp%2Fv2%2Fcategories&post=1161"},{"taxonomy":"post_tag","embeddable":true,"href":"http:\/\/culturaliagz.com\/index.php?rest_route=%2Fwp%2Fv2%2Ftags&post=1161"}],"curies":[{"name":"wp","href":"https:\/\/api.w.org\/{rel}","templated":true}]}}