{"id":11404,"date":"2022-10-21T10:40:08","date_gmt":"2022-10-21T09:40:08","guid":{"rendered":"http:\/\/culturaliagz.com\/?p=11404"},"modified":"2022-10-21T10:44:08","modified_gmt":"2022-10-21T09:44:08","slug":"papagena-a-opera-electronica-en-galego-dirixida-por-butacazero-chega-a-tui-este-venres-21-de-outubro","status":"publish","type":"post","link":"http:\/\/culturaliagz.com\/?p=11404","title":{"rendered":"\u2018Papagena\u2019, a \u00f3pera electr\u00f3nica en galego dirixida por ButacaZero, chega a Tui este venres 21 de outubro"},"content":{"rendered":"\n<p><\/p>\n\n\n\n<p><\/p>\n\n\n<div class=\"wp-block-image\">\n<figure class=\"aligncenter size-large\"><a href=\"http:\/\/culturaliagz.com\/wp-content\/uploads\/2022\/10\/28317B26-3DAF-4347-8037-76C21C0BF7C9.jpeg\"><img loading=\"lazy\" decoding=\"async\" width=\"724\" height=\"1024\" src=\"http:\/\/culturaliagz.com\/wp-content\/uploads\/2022\/10\/28317B26-3DAF-4347-8037-76C21C0BF7C9-724x1024.jpeg\" alt=\"\" class=\"wp-image-11405\"\/><\/a><\/figure>\n<\/div>\n\n\n<p><\/p>\n\n\n\n<p class=\"has-text-align-justify\" style=\"font-size:15px\"><strong>\u2018Papagena\u2019, a \u00f3pera electr\u00f3nica en galego dirixida por ButacaZero, chega a Tui este venres 21 de outubro<\/strong><\/p>\n\n\n\n<ul class=\"wp-block-list\"><li><strong>Sobre o escenario estar\u00e1n a soprano Esperanza Mara e o bar\u00edtono cambad\u00e9s Jacobo Rubianes que act\u00faan acompa\u00f1ados no escenario polo director musical da peza, Iago Hermo, compositor ademais da m\u00fasica e do libreto<\/strong><\/li><li><strong>A \u00f3pera ser\u00e1 no Teatro Municipal de Tui \u00e1s\u00a021.30 h\u00a0e a entrada gratu\u00edta<\/strong> <strong>p\u00f3dese reservar na web tui.gal<\/strong><\/li><\/ul>\n\n\n\n<p><\/p>\n\n\n\n<p><\/p>\n\n\n\n<figure class=\"wp-block-gallery has-nested-images columns-default is-cropped wp-block-gallery-1 is-layout-flex wp-block-gallery-is-layout-flex\">\n<figure class=\"wp-block-image size-large\"><a href=\"http:\/\/culturaliagz.com\/wp-content\/uploads\/2022\/10\/B0F6179B-D97F-4770-861D-534367492265.jpeg\" target=\"_blank\" rel=\"noreferrer noopener\"><img loading=\"lazy\" decoding=\"async\" width=\"1024\" height=\"682\" data-id=\"11406\" src=\"http:\/\/culturaliagz.com\/wp-content\/uploads\/2022\/10\/B0F6179B-D97F-4770-861D-534367492265-1024x682.jpeg\" alt=\"\" class=\"wp-image-11406\" srcset=\"http:\/\/culturaliagz.com\/wp-content\/uploads\/2022\/10\/B0F6179B-D97F-4770-861D-534367492265-980x653.jpeg 980w, http:\/\/culturaliagz.com\/wp-content\/uploads\/2022\/10\/B0F6179B-D97F-4770-861D-534367492265-480x320.jpeg 480w\" sizes=\"auto, (min-width: 0px) and (max-width: 480px) 480px, (min-width: 481px) and (max-width: 980px) 980px, (min-width: 981px) 1024px, 100vw\" \/><\/a><\/figure>\n\n\n\n<figure class=\"wp-block-image size-large\"><a href=\"http:\/\/culturaliagz.com\/wp-content\/uploads\/2022\/10\/CC9D7009-9075-4B5D-90C5-D934E101C0B1.jpeg\" target=\"_blank\" rel=\"noreferrer noopener\"><img loading=\"lazy\" decoding=\"async\" width=\"1024\" height=\"682\" data-id=\"11407\" src=\"http:\/\/culturaliagz.com\/wp-content\/uploads\/2022\/10\/CC9D7009-9075-4B5D-90C5-D934E101C0B1-1024x682.jpeg\" alt=\"\" class=\"wp-image-11407\" srcset=\"http:\/\/culturaliagz.com\/wp-content\/uploads\/2022\/10\/CC9D7009-9075-4B5D-90C5-D934E101C0B1-980x653.jpeg 980w, http:\/\/culturaliagz.com\/wp-content\/uploads\/2022\/10\/CC9D7009-9075-4B5D-90C5-D934E101C0B1-480x320.jpeg 480w\" sizes=\"auto, (min-width: 0px) and (max-width: 480px) 480px, (min-width: 481px) and (max-width: 980px) 980px, (min-width: 981px) 1024px, 100vw\" \/><\/a><\/figure>\n<\/figure>\n\n\n\n<p><\/p>\n\n\n\n<p><\/p>\n\n\n\n<p class=\"has-text-align-justify\"><a href=\"https:\/\/butacazero.net\/espectaculo\/papagena\/\" target=\"_blank\" rel=\"noreferrer noopener\">Papagena<\/a>, \u00e1 \u00faltima creaci\u00f3n da compa\u00f1\u00eda <a href=\"https:\/\/butacazero.net\/\" target=\"_blank\" rel=\"noreferrer noopener\">ButacaZero<\/a>, dirixida por Xavier Casti\u00f1eira e Esther F. Carrodeguas, vaise representar este venres 21 de outubro, \u00e1s&nbsp;21.30 h, no Teatro Municipal de Tui. Tr\u00e1tase dunha \u00f3pera electr\u00f3nica contempor\u00e1nea de pequeno formato en galego, con perspectiva de x\u00e9nero, que narra a historia dunha parella engaiolada nunha relaci\u00f3n t\u00f3xica. O elenco est\u00e1 formado pola soprano Esperanza Mara e o bar\u00edtono cambad\u00e9s Jacobo Rubianes que act\u00faan acompa\u00f1ados no escenario por Iago Hermo, compositor da \u00f3pera e do libreto e tam\u00e9n director musical da peza.<br><br>O espect\u00e1culo \u00e9 gratu\u00edto pero c\u00f3mpre reservar a entrada na web tui.gal. Esta funci\u00f3n enm\u00e1rcase no programa \u2018Con-fiando Cultura\u2019 da Deputaci\u00f3n de Pontevedra que tam\u00e9n levar\u00e1 proximamente Papagena ata Gondomar (5 de novembro) e Bueu (19 de novembro).<br><br>Papagena \u00e9 unha \u00f3pera electr\u00f3nica inspirada na parella de persoas-paxaro da c\u00e9lebre A frauta m\u00e1xica, de Wolfgang Amadeus Mozart. A peza, na que Casti\u00f1eira e Carrodeguas asumen por primeira vez a direcci\u00f3n esc\u00e9nica dunha \u00f3pera, nace da vontade de afondar nos clix\u00e9s de x\u00e9nero presentes no eido da creaci\u00f3n oper\u00edstica, mais tam\u00e9n pretende rachar con outras percepci\u00f3ns habitualmente asociadas ao mundo da l\u00edrica: a lingua, os espazos de representaci\u00f3n, o p\u00fablico destinatario ou mesmo o formato. Para conseguilo, Iago Hermo dese\u00f1ou unha \u00f3pera electr\u00f3nica, baseada nas s\u00faas investigaci\u00f3ns arredor do espectralismo minimalista. O resultado, coa colaboraci\u00f3n de Ana Arteaga na escenograf\u00eda e de Diego Valeiras no vestiario, \u00e9 un espect\u00e1culo musicalmente inmersivo e visualmente contempor\u00e1neo que levar\u00e1 a \u00f3pera a vilas onde non adoita chegar este estilo musical.&nbsp;<br><br>As\u00ed, al\u00e9n de Pontevedra, a xira de Papagena tam\u00e9n ten previstas funci\u00f3ns en Oleiros (29 de outubro), Celanova (6 de novembro), Muros (12 de novembro), Boiro (18 de novembro) e Foz (25 de novembro). Na meirande parte das vilas o p\u00fablico poder\u00e1 gozar desta experiencia \u00fanica e inmersiva de xeito totalmente gratu\u00edto. Todas as datas, horarios e sistema de acceso \u00e1s funci\u00f3ns de Papagena est\u00e1 dispo\u00f1ible na p\u00e1xina web da compa\u00f1\u00eda,&nbsp;butacazero.net.<br><br><strong>APOSTA POLA CREACI\u00d3N EMERXENTE E O TERRITORIO<\/strong><br><br>Con esta nova produci\u00f3n, unha \u00f3pera galega e en galego, ButacaZero mant\u00e9n a s\u00faa aposta polo risco esc\u00e9nico, pola creaci\u00f3n emerxente a trav\u00e9s da colaboraci\u00f3n con artistas de Galicia e pola creaci\u00f3n vinculada \u00e1 tem\u00e1tica social e cunha fonda implicaci\u00f3n no territorio. Neste sentido, un dos principais obxectivos da compa\u00f1\u00eda viguesa \u00e9 constru\u00edr pa\u00eds arredor da cultura. Para iso, adaptar\u00e1n a \u00f3pera contempor\u00e1nea \u00e1 realidade social galega, lev\u00e1ndoa, ao longo do vindeiro trimestre, a espazos non convencionais para a s\u00faa representaci\u00f3n. A entrada ser\u00e1 de balde en todas as funci\u00f3ns para favorecer, deste xeito, o achegamento \u00e1 \u00f3pera tanto do p\u00fablico adolescente coma adulto.<\/p>\n\n\n\n<p><\/p>\n\n\n<a href=\"http:\/\/culturaliagz.com\/wp-content\/uploads\/2022\/10\/20221018-NP-ButacaZero-Papagena-TUI.pdf\" class=\"pdfemb-viewer\" style=\"\" data-width=\"max\" data-height=\"max\" data-toolbar=\"bottom\" data-toolbar-fixed=\"off\">20221018-NP-ButacaZero-Papagena-TUI<\/a>\n<p class=\"wp-block-pdfemb-pdf-embedder-viewer\"><\/p>\n","protected":false},"excerpt":{"rendered":"<p>\u2018Papagena\u2019, a \u00f3pera electr\u00f3nica en galego dirixida por ButacaZero, chega a Tui este venres 21 de outubro Sobre o escenario estar\u00e1n a soprano Esperanza Mara e o bar\u00edtono cambad\u00e9s Jacobo [&hellip;]<\/p>\n","protected":false},"author":1,"featured_media":0,"comment_status":"open","ping_status":"open","sticky":false,"template":"","format":"standard","meta":{"_et_pb_use_builder":"","_et_pb_old_content":"","_et_gb_content_width":"","_jetpack_memberships_contains_paid_content":false,"footnotes":""},"categories":[23,7,6,57,1],"tags":[1191,1277],"class_list":["post-11404","post","type-post","status-publish","format-standard","hentry","category-autoresas","category-creacion","category-novas","category-outras-artes","category-xeral","tag-butacazero","tag-papagena"],"jetpack_featured_media_url":"","jetpack_sharing_enabled":true,"_links":{"self":[{"href":"http:\/\/culturaliagz.com\/index.php?rest_route=\/wp\/v2\/posts\/11404","targetHints":{"allow":["GET"]}}],"collection":[{"href":"http:\/\/culturaliagz.com\/index.php?rest_route=\/wp\/v2\/posts"}],"about":[{"href":"http:\/\/culturaliagz.com\/index.php?rest_route=\/wp\/v2\/types\/post"}],"author":[{"embeddable":true,"href":"http:\/\/culturaliagz.com\/index.php?rest_route=\/wp\/v2\/users\/1"}],"replies":[{"embeddable":true,"href":"http:\/\/culturaliagz.com\/index.php?rest_route=%2Fwp%2Fv2%2Fcomments&post=11404"}],"version-history":[{"count":5,"href":"http:\/\/culturaliagz.com\/index.php?rest_route=\/wp\/v2\/posts\/11404\/revisions"}],"predecessor-version":[{"id":11413,"href":"http:\/\/culturaliagz.com\/index.php?rest_route=\/wp\/v2\/posts\/11404\/revisions\/11413"}],"wp:attachment":[{"href":"http:\/\/culturaliagz.com\/index.php?rest_route=%2Fwp%2Fv2%2Fmedia&parent=11404"}],"wp:term":[{"taxonomy":"category","embeddable":true,"href":"http:\/\/culturaliagz.com\/index.php?rest_route=%2Fwp%2Fv2%2Fcategories&post=11404"},{"taxonomy":"post_tag","embeddable":true,"href":"http:\/\/culturaliagz.com\/index.php?rest_route=%2Fwp%2Fv2%2Ftags&post=11404"}],"curies":[{"name":"wp","href":"https:\/\/api.w.org\/{rel}","templated":true}]}}