{"id":11276,"date":"2022-10-07T21:26:17","date_gmt":"2022-10-07T20:26:17","guid":{"rendered":"http:\/\/culturaliagz.com\/?p=11276"},"modified":"2022-10-07T21:26:20","modified_gmt":"2022-10-07T20:26:20","slug":"camino-escena-norte-bota-o-pano-en-santiago-co-espectaculo-infantil-el-secreto-de-julio-verne","status":"publish","type":"post","link":"http:\/\/culturaliagz.com\/?p=11276","title":{"rendered":"Cami\u00f1o Escena Norte bota o pano en Santiago co espect\u00e1culo infantil \u2018El secreto de Julio Verne\u2019"},"content":{"rendered":"\n<p><\/p>\n\n\n\n<p><\/p>\n\n\n<div class=\"wp-block-image\">\n<figure class=\"aligncenter size-large\"><a href=\"http:\/\/culturaliagz.com\/wp-content\/uploads\/2022\/10\/4C9B6327-5B81-4053-9697-EC9C3BDBE6A6.jpeg\" target=\"_blank\" rel=\"noreferrer noopener\"><img loading=\"lazy\" decoding=\"async\" width=\"1024\" height=\"576\" src=\"http:\/\/culturaliagz.com\/wp-content\/uploads\/2022\/10\/4C9B6327-5B81-4053-9697-EC9C3BDBE6A6-1024x576.jpeg\" alt=\"\" class=\"wp-image-11277\" srcset=\"http:\/\/culturaliagz.com\/wp-content\/uploads\/2022\/10\/4C9B6327-5B81-4053-9697-EC9C3BDBE6A6-980x551.jpeg 980w, http:\/\/culturaliagz.com\/wp-content\/uploads\/2022\/10\/4C9B6327-5B81-4053-9697-EC9C3BDBE6A6-480x270.jpeg 480w\" sizes=\"auto, (min-width: 0px) and (max-width: 480px) 480px, (min-width: 481px) and (max-width: 980px) 980px, (min-width: 981px) 1024px, 100vw\" \/><\/a><\/figure>\n<\/div>\n\n\n<p><\/p>\n\n\n\n<p><strong>Cami\u00f1o Escena Norte 2022 presenta\u00a0\u2018El secreto de Julio Verne\u2019<\/strong><\/p>\n\n\n\n<p><\/p>\n\n\n<div class=\"wp-block-image\">\n<figure class=\"alignleft size-medium\"><a href=\"http:\/\/culturaliagz.com\/wp-content\/uploads\/2022\/10\/E2471709-FB1B-4092-8EEF-3470368877E9.jpeg\" target=\"_blank\" rel=\"noreferrer noopener\"><img loading=\"lazy\" decoding=\"async\" width=\"300\" height=\"165\" src=\"http:\/\/culturaliagz.com\/wp-content\/uploads\/2022\/10\/E2471709-FB1B-4092-8EEF-3470368877E9-300x165.jpeg\" alt=\"\" class=\"wp-image-11278\"\/><\/a><\/figure>\n<\/div>\n\n\n<p class=\"has-text-align-justify\"><a href=\"https:\/\/escenanorte.com\/gl\/\" target=\"_blank\" rel=\"noreferrer noopener\">Cami\u00f1o Escena Norte<\/a> bota o pano da s\u00faa cuarta edici\u00f3n coa presentaci\u00f3n,\u00a0este domingo 9, do espect\u00e1culo para p\u00fablico infantil e familiar \u2018<strong>El secreto de Julio Verne\u2019 da compa\u00f1\u00eda asturiana Fantastique Company.<\/strong>\u00a0 A funci\u00f3n comezar\u00e1 \u00e1s 18.30 no andar -1 do Museo Gai\u00e1s, da Cidade da Cultura de Galicia, e a entrada ser\u00e1 libre e de balde ata completar a capacidade do espazo.\u00a0<\/p>\n\n\n\n<p class=\"has-text-align-justify\">Posteriormente, a partir das 19.45 horas, celebrarase un<strong>&nbsp;encontro entre Fantastique Company e o alumnado da ESAD de Galicia<\/strong>, no marco da actividade paralela \u2018ESADs no Cami\u00f1o\u2019, novidade na programaci\u00f3n expandida desta cuarta edici\u00f3n de Cami\u00f1o Escena Norte e que pretende p\u00f3r en contacto \u00e1s futuras profesionais das artes esc\u00e9nicas con compa\u00f1\u00edas en activo.&nbsp;<br><\/p>\n\n\n\n<p class=\"has-text-align-justify\"><strong>Data<\/strong>:&nbsp;9 de outubro de 2022<br><strong>Hora<\/strong>: 18.30 horas<br><strong>Lugar<\/strong>: Andar -1 do Museo do Gai\u00e1s na Cidade da Cultura<br><strong>Acto<\/strong>: Funci\u00f3n de &#8216;El secreto de Julio Verne\u2019. Ao finalizar celebrarase un encontro co p\u00fablico asistente que tam\u00e9n contar\u00e1 coa participaci\u00f3n de Tone Mart\u00ednez e Alba Berm\u00fadez, da compa\u00f1\u00eda galega Galeatro.&nbsp;<br><br><strong>Data<\/strong>:&nbsp;9 de outubro de 2022<br><strong>Hora<\/strong>: 19.45 horas<br><strong>Lugar<\/strong>: Museo do Gai\u00e1s na Cidade da Cultura.&nbsp;<br><strong>Acto<\/strong>: Encontro do alumnado da ESAD de Galicia con Fantastique Company<\/p>\n\n\n\n<p class=\"has-text-align-justify\">SINOPSE \u2018EL SECRETO DE JULIO VERNE\u2019<br>\u2018El secreto de Julio Verne\u2019, de Irene Santos, comeza na v\u00e9spera de aninovo, no momento no que Val\u00e9rie descobre que a casa que sempre foi o seu fogar se converter\u00e1 nun museo, o que lles obriga, tanto ela como a s\u00faa familia, a ter que marchar. Triste e enfadada pola noticia, decide agocharse no seu lugar favorito da casa: o gabinete do seu av\u00f3, Julio Verne. Esa noite co\u00f1ecer\u00e1 al\u00ed a un curioso ourizo latriqueiro que lle desvelar\u00e1 o secreto do seu av\u00f3: este non foi s\u00f3 un escritor, sen\u00f3n un grande aventureiro que viviu todas as historias que conta nos seus libros.<\/p>\n\n\n\n<p><\/p>\n\n\n<a href=\"http:\/\/culturaliagz.com\/wp-content\/uploads\/2022\/10\/20221007-CONVO-CEN-SANTIAGO.pdf\" class=\"pdfemb-viewer\" style=\"\" data-width=\"max\" data-height=\"max\" data-toolbar=\"bottom\" data-toolbar-fixed=\"off\">20221007-CONVO-CEN-SANTIAGO<\/a>\n<p class=\"wp-block-pdfemb-pdf-embedder-viewer\"><\/p>\n","protected":false},"excerpt":{"rendered":"<p>Cami\u00f1o Escena Norte 2022 presenta\u00a0\u2018El secreto de Julio Verne\u2019 Cami\u00f1o Escena Norte bota o pano da s\u00faa cuarta edici\u00f3n coa presentaci\u00f3n,\u00a0este domingo 9, do espect\u00e1culo para p\u00fablico infantil e familiar [&hellip;]<\/p>\n","protected":false},"author":1,"featured_media":0,"comment_status":"open","ping_status":"open","sticky":false,"template":"","format":"standard","meta":{"_et_pb_use_builder":"","_et_pb_old_content":"","_et_gb_content_width":"","_jetpack_memberships_contains_paid_content":false,"footnotes":""},"categories":[23,7,6,57,1],"tags":[1282,1341],"class_list":["post-11276","post","type-post","status-publish","format-standard","hentry","category-autoresas","category-creacion","category-novas","category-outras-artes","category-xeral","tag-camino-escena-norte","tag-el-secreto-de-julio-verne"],"jetpack_featured_media_url":"","jetpack_sharing_enabled":true,"_links":{"self":[{"href":"http:\/\/culturaliagz.com\/index.php?rest_route=\/wp\/v2\/posts\/11276","targetHints":{"allow":["GET"]}}],"collection":[{"href":"http:\/\/culturaliagz.com\/index.php?rest_route=\/wp\/v2\/posts"}],"about":[{"href":"http:\/\/culturaliagz.com\/index.php?rest_route=\/wp\/v2\/types\/post"}],"author":[{"embeddable":true,"href":"http:\/\/culturaliagz.com\/index.php?rest_route=\/wp\/v2\/users\/1"}],"replies":[{"embeddable":true,"href":"http:\/\/culturaliagz.com\/index.php?rest_route=%2Fwp%2Fv2%2Fcomments&post=11276"}],"version-history":[{"count":2,"href":"http:\/\/culturaliagz.com\/index.php?rest_route=\/wp\/v2\/posts\/11276\/revisions"}],"predecessor-version":[{"id":11281,"href":"http:\/\/culturaliagz.com\/index.php?rest_route=\/wp\/v2\/posts\/11276\/revisions\/11281"}],"wp:attachment":[{"href":"http:\/\/culturaliagz.com\/index.php?rest_route=%2Fwp%2Fv2%2Fmedia&parent=11276"}],"wp:term":[{"taxonomy":"category","embeddable":true,"href":"http:\/\/culturaliagz.com\/index.php?rest_route=%2Fwp%2Fv2%2Fcategories&post=11276"},{"taxonomy":"post_tag","embeddable":true,"href":"http:\/\/culturaliagz.com\/index.php?rest_route=%2Fwp%2Fv2%2Ftags&post=11276"}],"curies":[{"name":"wp","href":"https:\/\/api.w.org\/{rel}","templated":true}]}}