{"id":11269,"date":"2022-10-06T23:43:11","date_gmt":"2022-10-06T22:43:11","guid":{"rendered":"http:\/\/culturaliagz.com\/?p=11269"},"modified":"2022-10-06T23:59:57","modified_gmt":"2022-10-06T22:59:57","slug":"o-humor-e-a-memoria-fian-a-programacion-da-segunda-fin-de-semana-do-fiot31","status":"publish","type":"post","link":"http:\/\/culturaliagz.com\/?p=11269","title":{"rendered":"O humor e a memoria f\u00edan a programaci\u00f3n\u00a0da segunda fin de semana do FIOT31"},"content":{"rendered":"\n<p><\/p>\n\n\n\n<p><\/p>\n\n\n<div class=\"wp-block-image\">\n<figure class=\"aligncenter size-large\"><a href=\"http:\/\/culturaliagz.com\/wp-content\/uploads\/2022\/09\/2842A428-7495-4FE6-A234-DFC222A2641B.jpeg\" target=\"_blank\" rel=\"noreferrer noopener\"><img loading=\"lazy\" decoding=\"async\" width=\"1024\" height=\"1024\" src=\"http:\/\/culturaliagz.com\/wp-content\/uploads\/2022\/09\/2842A428-7495-4FE6-A234-DFC222A2641B-1024x1024.jpeg\" alt=\"\" class=\"wp-image-11032\" srcset=\"http:\/\/culturaliagz.com\/wp-content\/uploads\/2022\/09\/2842A428-7495-4FE6-A234-DFC222A2641B-1024x1024.jpeg 1024w, http:\/\/culturaliagz.com\/wp-content\/uploads\/2022\/09\/2842A428-7495-4FE6-A234-DFC222A2641B-980x980.jpeg 980w, http:\/\/culturaliagz.com\/wp-content\/uploads\/2022\/09\/2842A428-7495-4FE6-A234-DFC222A2641B-480x480.jpeg 480w\" sizes=\"auto, (min-width: 0px) and (max-width: 480px) 480px, (min-width: 481px) and (max-width: 980px) 980px, (min-width: 981px) 1024px, 100vw\" \/><\/a><\/figure>\n<\/div>\n\n\n<p><\/p>\n\n\n\n<p><\/p>\n\n\n\n<p><strong>O humor e a memoria f\u00edan a programaci\u00f3n&nbsp;<\/strong><strong>da segunda fin de semana do FIOT31<\/strong><\/p>\n\n\n\n<ul class=\"wp-block-list\"><li><strong>O Programa de Sala, a programaci\u00f3n no Auditorio do Pazo da Cultura da que sair\u00e1 o Premio&nbsp;do P\u00fablico 2022, inicia este venres 7 a s\u00faa andaina coa estrea absoluta de \u2018Pirol\u00edticos\u2019&nbsp;<br><\/strong><\/li><li><strong>A compa\u00f1\u00eda navarra La Caja Flotante representar\u00e1 por primeira vez en Galicia o seu espect\u00e1culo \u2018Beautiful Stranger\u2019 no marco co ciclo OTNI, mentres que a compa\u00f1\u00eda vasca Good Sex Maritxu estrear\u00e1 no pa\u00eds as s\u00faas \u2018Sexperiencias en clave de humor\u2019 na R\u00faa dos Contos<br><\/strong><\/li><li><strong>O venres 7 ter\u00e1 lugar o segundo dos espect\u00e1culos de r\u00faa coa exc\u00e9ntrica \u2018Carman\u2019 de Javier Ariza; mentres que o&nbsp;domingo 9&nbsp;celebrarase a primeira funci\u00f3n do FIOT en ruta, a li\u00f1a de programaci\u00f3n que expande as artes esc\u00e9nicas pola comarca e que levar\u00e1 a Berrobamb\u00e1n ao Centro Social de Verdillo<br><\/strong><\/li><li><strong>O&nbsp;s\u00e1bado 8&nbsp;gravarase a primeira sesi\u00f3n da \u2018Escola do espectador nas ondas\u2019, nunha cita aberta&nbsp;ao p\u00fablico e que comezar\u00e1 \u00e1s 13.00 horas no Pazo da Cultura<\/strong><\/li><\/ul>\n\n\n\n<p><\/p>\n\n\n\n<p class=\"has-text-align-justify\">As VocesFIOT toman de novo Carballo esta fin de semana para ofrecer coidadas&nbsp;<strong>propostas esc\u00e9nicas para os p\u00fablicos e gustos m\u00e1is diversos,<\/strong>&nbsp;onde non faltar\u00e1n a&nbsp;<strong>diversi\u00f3n e a reflexi\u00f3n,<\/strong>&nbsp;dous elementos centrais da programaci\u00f3n deste FIOT31. As\u00ed, este venres o Festival Internacional Outono de Teatro inaugura o seu esperado Programa de Sala e irrompe con humor cun marcado selo galego: Mofa e Befa presentan a estrea absoluta da s\u00faa nova creaci\u00f3n, \u2018Pirol\u00edticos\u2019. As risas tam\u00e9n estar\u00e1n presentes na R\u00faa dos Contos, coa estrea en Galicia de \u2018SEXperiencias en clave de humor\u2019, ou mesmo no espazo p\u00fablico grazas ao Teatro de R\u00faa, co \u2018Carman\u2019 de Javier Ariza. Ademais, o ciclo OTNI inicia a s\u00faa andaina coa visita da compa\u00f1\u00eda navarra La Caja Flotante, que presenta por primeira vez en Galicia \u2018Beautiful Stranger\u2019, unha singular proposta sobre as lembranzas. E sobre a memoria tam\u00e9n xirar\u00e1 outra das propostas m\u00e1is especiais desta 31\u00aa edici\u00f3n do festival: Paula Carballeira e Berrobamb\u00e1n protagonizan o primeiro espect\u00e1culo do FIOT en ruta coa s\u00faa proposta \u2018Facer memoria\u2019, coa que est\u00e1 a percorrer estes d\u00edas a comarca para conversar coa veci\u00f1anza.<br><br>Ma\u00f1\u00e1 bota a andar o&nbsp;<strong>Programa de Sala<\/strong>, un dos eixos principais da programaci\u00f3n de funci\u00f3ns do FIOT e que prop\u00f3n espect\u00e1culos das compa\u00f1\u00edas m\u00e1is destacadas do panorama esc\u00e9nico. Precisamente destas representaci\u00f3ns, que decorrer\u00e1n desde o venres 7 e at\u00e9 o luns&nbsp;31 de outubro, sair\u00e1 o espect\u00e1culo merecedor do&nbsp;<strong>Premio do P\u00fablico 2022<\/strong>, que outorgar\u00e1n cos seus votos as e os asistentes do festival. Na anterior edici\u00f3n do festival a obra ga\u00f1adora foi \u2018Cigarreiras\u2019.&nbsp;<br><br>O Programa de Sala abrirase co humor de Mofa e Befa por partida dobre: o venres 7, \u00e1s 21.00 horas ter\u00e1 lugar a&nbsp;<strong>estrea absoluta de \u2018Pirol\u00edticos<\/strong>\u2019 -coa entrega do premio Xograr de Outono a Evaristo Calvo ao remate- e, ao d\u00eda seguinte, celebrarase unha segunda funci\u00f3n \u00e1s 20.30 horas. A obra, unha coproduci\u00f3n de FIOT e Produci\u00f3ns Teatrais Exc\u00e9ntricas dirixida por Clara Gayo e asinada pola propia Gayo, Mar\u00eda Lado e Luc\u00eda Aldao, prop\u00f3n unha revisi\u00f3n feminista do impacto que o patriarcado ten sobre os propios homes.&nbsp;<\/p>\n\n\n\n<p class=\"has-text-align-justify\">A fin de semana no espazo p\u00fablico abrirase co&nbsp;humor de&nbsp;<strong>Javier Ariza e o seu \u2018Carman<\/strong>\u2019&nbsp;no marco do ciclo&nbsp;Teatro de R\u00faa. Un exc\u00e9ntrico showman e un Seat 600 son os protagonistas desta comedia urbana de r\u00faa na que o m\u00edtico veh\u00edculo cobrar\u00e1 vida. M\u00fasica, circo, humor,&nbsp;&nbsp;obxectos e superpoderes encher\u00e1n de sorrisos e ilusi\u00f3n a Praza do Concello a partir das 19.30 horas do venres 7.<\/p>\n\n\n\n<p class=\"has-text-align-justify\">O&nbsp;s\u00e1bado 8&nbsp;ter\u00e1 lugar a apertura do&nbsp;<strong>XII Ciclo OTNI<\/strong>&nbsp;(Obxecto Teatral Non Identificado), a li\u00f1a de programaci\u00f3n na que o p\u00fablico atopar\u00e1 as voces m\u00e1is singulares do FIOT. Experimentaci\u00f3n e innovaci\u00f3n sen l\u00edmites definen a proposta m\u00e1is alternativa do festival, que comezar\u00e1 coa<strong>&nbsp;estrea en Galicia de \u2018Beautiful Stranger\u2019,<\/strong>&nbsp;da compa\u00f1\u00eda navarra La Caja Flotante.&nbsp;Tr\u00e1tase dunha comedia de autoficci\u00f3n existencial e linguaxe cinematogr\u00e1fica que aborda as m\u00faltiples identidades que habitan nunha soa persoa, e como a memoria \u00e9 invadida, constantemente, pola imaxinaci\u00f3n. A creaci\u00f3n chega ao FIOT31 da man do proxecto de intercambio cultural&nbsp;Cami\u00f1o Escena Norte, que apoia a visualizaci\u00f3n e o estabelecemento de sinerx\u00edas entre as compa\u00f1\u00edas de artes esc\u00e9nicas de Galicia, Asturias, Cantabria, Euskadi e Navarra. Como parte do programa de actividades, ap\u00f3s a funci\u00f3n -que comezar\u00e1 \u00e1s 20.45 horas no Sal\u00f3n de Actos do Pazo da Cultura- celebrarase un encontro co p\u00fablico asistente, no que tam\u00e9n participar\u00e1 Sonsoles Cord\u00f3n, da compa\u00f1\u00eda galega Olivas Negras.&nbsp;<\/p>\n\n\n\n<p class=\"has-text-align-justify\">Xa en horario nocturno, no marco da R\u00faa dos Contos, chegar\u00e1 a quenda&nbsp;<strong>doutra das estreas en Galicia que ofrecer\u00e1 o FIOT31:&nbsp;<\/strong><strong>\u2018SEXperiencias en clave de humor\u2019<\/strong>, da compa\u00f1\u00eda vasca Good Sex Maritxu.Tres mulleres (interpretadas por Susana Soleto, Itxaso Kintana e Gurutze Beitia) recrear\u00e1n as s\u00faas experiencias e contar\u00e1n \u2018a primeira vez\u2019 dunha delas nunha comedia de enredos e reacci\u00f3ns inesperadas. O humor e as risas est\u00e1n garantidas nesta adaptaci\u00f3n que fai Jos\u00e9 Cruz Gurrutxaga a partir da obra de Yolanda Garc\u00eda Serrano (\u2018Todos los hombres sois iguales\u2019).&nbsp;<\/p>\n\n\n\n<p class=\"has-text-align-justify\"><strong>FIOT en ruta<\/strong><br><br>Por segundo ano consecutivo o FIOT levar\u00e1 as artes esc\u00e9nicas \u00e1s parroquias da comarca co seu FIOT en ruta. O&nbsp;domingo 9&nbsp;chegar\u00e1 ao Centro Social de Verdillo&nbsp;<strong>\u2018Facer Memoria\u2019, de Berrobamb\u00e1n, na que a narradora e Xograresa de Outono Paula Carballeira recupera lembranzas de Carballo<\/strong>. Tr\u00e1tase dunha experiencia participativa que se comp\u00f3n de tres espect\u00e1culos-encontros que Carballeira est\u00e1 a ter esta semana con persoas de distintas parroquias do municipio, e no que se esvaecen os l\u00edmites entre o escenario e o patio de butacas, d\u00e1ndolles voz \u00e1s lembranzas do p\u00fablico. Na funci\u00f3n final do&nbsp;domingo 9(19.00 horas), Berrobamb\u00e1n compartir\u00e1 as conversas mantidas ao longo destes d\u00edas e a s\u00faa particular reconstruci\u00f3n da historia local e lembranzas dos lugares que visitaron.&nbsp;<\/p>\n\n\n\n<p class=\"has-text-align-justify\">Xa pasada a fin de semana, e aproveitando a festividade do&nbsp;12 de outubro, FIOT programa no Centro Social de Arda\u00f1a (19.00 horas)&nbsp;<strong>unha funci\u00f3n de \u2018Esas cousas marabillosas\u2019, de Empat\u00eda teatro,<\/strong>unha divertida e conmovedora comedia sobre a depresi\u00f3n, o suicidio e todo o que unha persoa est\u00e1 a disposta a facer polas persoas que quere.&nbsp;<br><br><strong>Arquivos sonoros no FIOT<\/strong><\/p>\n\n\n\n<p class=\"has-text-align-justify\"><br>As iniciativas sonoras ter\u00e1n especial protagonismo nesta segunda fin de semana do FIOT31. Por unha banda, o venres 7 o festival acoller\u00e1 a<strong>&nbsp;emisi\u00f3n ao vivo do programa&nbsp;Diario Cultural<\/strong>&nbsp;da Radio Galega. A cita ser\u00e1 \u00e1s 17.00 horas no Pazo da Cultura e contar\u00e1 coa presenza de int\u00e9rpretes, dramaturgas e directoras que participar\u00e1n no FIOT esta fin de semana. Ao d\u00eda seguinte, \u00e1s 13.00 horas, ter\u00e1 lugar&nbsp;<strong>a primeira sesi\u00f3n da \u2018Escola do espectador nas ondas\u2019,<\/strong>&nbsp;iniciativa sonora en formato podcast que recupera o pioneiro proxecto de formaci\u00f3n de p\u00fablicos \u2018Escola do espectador. Cada fin de semana ser\u00e1 conducida por unha xornalista especializada en artes esc\u00e9nicas, \u00e1 fin de facilitar ao p\u00fablico as claves dos distintos espect\u00e1culos que forman parte da programaci\u00f3n a trav\u00e9s da conversa coas compa\u00f1\u00edas.&nbsp;<br><br>Esta primeira sesi\u00f3n da<strong>&nbsp;\u2018Escola do espectador nas ondas\u2019 celebrarase o d\u00eda 8, entre as 13.00 e as 14.00 horas,<\/strong>&nbsp;no Sal\u00f3n Social do Pazo da Cultura e ser\u00e1 de acceso libre para o p\u00fablico. Baixo a conduci\u00f3n do xornalista e cr\u00edtico teatral&nbsp;Camilo Franco,&nbsp;abordarase a creaci\u00f3n galega da man dos protagonistas que abren e pechan esta edici\u00f3n do Programa de Sala:&nbsp;Evaristo Calvo e V\u00edctor Mosqueira(\u2018Pirol\u00edticos) e&nbsp;Tito Asorey e Xos\u00e9 A. Touri\u00f1\u00e1n&nbsp;(\u2018Recortes, caneos e outras formas de driblar\u2019). A conversa, que se gravar\u00e1 ao vivo, estar\u00e1 dispo\u00f1ible no espazo&nbsp;Onda FIOT&nbsp;da web oficial&nbsp;<a rel=\"noreferrer noopener\" href=\"http:\/\/www.fiot.gal\/\" target=\"_blank\">www.fiot.gal<\/a>.&nbsp;<\/p>\n\n\n\n<p><\/p>\n\n\n<a href=\"http:\/\/culturaliagz.com\/wp-content\/uploads\/2022\/10\/20221006-Axenda-FIOT-07_12-OUT.pdf\" class=\"pdfemb-viewer\" style=\"\" data-width=\"max\" data-height=\"max\" data-toolbar=\"bottom\" data-toolbar-fixed=\"off\">20221006-Axenda-FIOT-07_12-OUT<\/a>\n<p class=\"wp-block-pdfemb-pdf-embedder-viewer\"><\/p>\n","protected":false},"excerpt":{"rendered":"<p>O humor e a memoria f\u00edan a programaci\u00f3n&nbsp;da segunda fin de semana do FIOT31 O Programa de Sala, a programaci\u00f3n no Auditorio do Pazo da Cultura da que sair\u00e1 o [&hellip;]<\/p>\n","protected":false},"author":1,"featured_media":0,"comment_status":"open","ping_status":"open","sticky":false,"template":"","format":"standard","meta":{"_et_pb_use_builder":"","_et_pb_old_content":"","_et_gb_content_width":"","_jetpack_memberships_contains_paid_content":false,"footnotes":""},"categories":[23,7,6,57,1],"tags":[1297],"class_list":["post-11269","post","type-post","status-publish","format-standard","hentry","category-autoresas","category-creacion","category-novas","category-outras-artes","category-xeral","tag-fiot-31-carballo"],"jetpack_featured_media_url":"","jetpack_sharing_enabled":true,"_links":{"self":[{"href":"http:\/\/culturaliagz.com\/index.php?rest_route=\/wp\/v2\/posts\/11269","targetHints":{"allow":["GET"]}}],"collection":[{"href":"http:\/\/culturaliagz.com\/index.php?rest_route=\/wp\/v2\/posts"}],"about":[{"href":"http:\/\/culturaliagz.com\/index.php?rest_route=\/wp\/v2\/types\/post"}],"author":[{"embeddable":true,"href":"http:\/\/culturaliagz.com\/index.php?rest_route=\/wp\/v2\/users\/1"}],"replies":[{"embeddable":true,"href":"http:\/\/culturaliagz.com\/index.php?rest_route=%2Fwp%2Fv2%2Fcomments&post=11269"}],"version-history":[{"count":4,"href":"http:\/\/culturaliagz.com\/index.php?rest_route=\/wp\/v2\/posts\/11269\/revisions"}],"predecessor-version":[{"id":11275,"href":"http:\/\/culturaliagz.com\/index.php?rest_route=\/wp\/v2\/posts\/11269\/revisions\/11275"}],"wp:attachment":[{"href":"http:\/\/culturaliagz.com\/index.php?rest_route=%2Fwp%2Fv2%2Fmedia&parent=11269"}],"wp:term":[{"taxonomy":"category","embeddable":true,"href":"http:\/\/culturaliagz.com\/index.php?rest_route=%2Fwp%2Fv2%2Fcategories&post=11269"},{"taxonomy":"post_tag","embeddable":true,"href":"http:\/\/culturaliagz.com\/index.php?rest_route=%2Fwp%2Fv2%2Ftags&post=11269"}],"curies":[{"name":"wp","href":"https:\/\/api.w.org\/{rel}","templated":true}]}}