{"id":1087,"date":"2017-04-06T21:21:21","date_gmt":"2017-04-06T21:21:21","guid":{"rendered":"http:\/\/culturaliagz.com\/?p=1087"},"modified":"2017-04-07T13:03:46","modified_gmt":"2017-04-07T13:03:46","slug":"encontro","status":"publish","type":"post","link":"http:\/\/culturaliagz.com\/?p=1087","title":{"rendered":"Encontro"},"content":{"rendered":"<p><img loading=\"lazy\" decoding=\"async\" class=\" wp-image-1088 aligncenter\" src=\"http:\/\/culturaliagz.com\/wp-content\/uploads\/2017\/04\/IMG_20170406_194832-300x225.jpg\" alt=\"\" width=\"416\" height=\"312\" srcset=\"http:\/\/culturaliagz.com\/wp-content\/uploads\/2017\/04\/IMG_20170406_194832-300x225.jpg 300w, http:\/\/culturaliagz.com\/wp-content\/uploads\/2017\/04\/IMG_20170406_194832-768x576.jpg 768w, http:\/\/culturaliagz.com\/wp-content\/uploads\/2017\/04\/IMG_20170406_194832-1024x768.jpg 1024w, http:\/\/culturaliagz.com\/wp-content\/uploads\/2017\/04\/IMG_20170406_194832-510x382.jpg 510w, http:\/\/culturaliagz.com\/wp-content\/uploads\/2017\/04\/IMG_20170406_194832-1080x810.jpg 1080w\" sizes=\"auto, (max-width: 416px) 100vw, 416px\" \/><\/p>\n<p style=\"text-align: center\">\n<p style=\"text-align: center\">FUXIRON silandeiras as pombas da esperanza<\/p>\n<p style=\"text-align: center\">coa s\u00faa tregua palp\u00e1ndonos por dentro,<\/p>\n<p style=\"text-align: center\">fuxiron das carballeiras que arelaron ser mencer<\/p>\n<p style=\"text-align: center\">ou desexo exiliado do l\u00edmite dos solpores.<\/p>\n<p style=\"text-align: center\">\n<p style=\"text-align: center\">Ta s\u00f3 quedou a cerna alustrada de certezas,<\/p>\n<p style=\"text-align: center\">o sol, no seu devalar tremelucente, deitar\u00e1 unha paisaxe<\/p>\n<p style=\"text-align: center\">por veces m\u00e1is h\u00famida c\u00e1s canles do recordo,<\/p>\n<p style=\"text-align: center\">por veces m\u00e1is seca c\u00e1s veas da memoria.<\/p>\n<p style=\"text-align: center\">\n<p style=\"text-align: center\">Da estancia que te xungue ao pasado, quedar\u00e1s ti<\/p>\n<p style=\"text-align: center\">coa t\u00faa \u00edntima sombra de formigas preguiceiras,<\/p>\n<p style=\"text-align: center\">coa t\u00faa ex\u00e1nime pedra cristalizando na melod\u00eda das pegas,<\/p>\n<p style=\"text-align: center\">aquelas que sempre auspiciaron o lugar do encontro:<\/p>\n<p style=\"text-align: center\">o teu primeiro papado de auga.<\/p>\n<p>&nbsp;<\/p>\n","protected":false},"excerpt":{"rendered":"<p>FUXIRON silandeiras as pombas da esperanza coa s\u00faa tregua palp\u00e1ndonos por dentro, fuxiron das carballeiras que arelaron ser mencer ou desexo exiliado do l\u00edmite dos solpores. Ta s\u00f3 quedou a [&hellip;]<\/p>\n","protected":false},"author":24,"featured_media":0,"comment_status":"open","ping_status":"open","sticky":false,"template":"","format":"standard","meta":{"_et_pb_use_builder":"","_et_pb_old_content":"","_et_gb_content_width":"","_jetpack_memberships_contains_paid_content":false,"footnotes":""},"categories":[23,7],"tags":[],"class_list":["post-1087","post","type-post","status-publish","format-standard","hentry","category-autoresas","category-creacion"],"jetpack_featured_media_url":"","jetpack_sharing_enabled":true,"_links":{"self":[{"href":"http:\/\/culturaliagz.com\/index.php?rest_route=\/wp\/v2\/posts\/1087","targetHints":{"allow":["GET"]}}],"collection":[{"href":"http:\/\/culturaliagz.com\/index.php?rest_route=\/wp\/v2\/posts"}],"about":[{"href":"http:\/\/culturaliagz.com\/index.php?rest_route=\/wp\/v2\/types\/post"}],"author":[{"embeddable":true,"href":"http:\/\/culturaliagz.com\/index.php?rest_route=\/wp\/v2\/users\/24"}],"replies":[{"embeddable":true,"href":"http:\/\/culturaliagz.com\/index.php?rest_route=%2Fwp%2Fv2%2Fcomments&post=1087"}],"version-history":[{"count":5,"href":"http:\/\/culturaliagz.com\/index.php?rest_route=\/wp\/v2\/posts\/1087\/revisions"}],"predecessor-version":[{"id":1093,"href":"http:\/\/culturaliagz.com\/index.php?rest_route=\/wp\/v2\/posts\/1087\/revisions\/1093"}],"wp:attachment":[{"href":"http:\/\/culturaliagz.com\/index.php?rest_route=%2Fwp%2Fv2%2Fmedia&parent=1087"}],"wp:term":[{"taxonomy":"category","embeddable":true,"href":"http:\/\/culturaliagz.com\/index.php?rest_route=%2Fwp%2Fv2%2Fcategories&post=1087"},{"taxonomy":"post_tag","embeddable":true,"href":"http:\/\/culturaliagz.com\/index.php?rest_route=%2Fwp%2Fv2%2Ftags&post=1087"}],"curies":[{"name":"wp","href":"https:\/\/api.w.org\/{rel}","templated":true}]}}