{"id":10501,"date":"2022-07-07T10:01:00","date_gmt":"2022-07-07T09:01:00","guid":{"rendered":"http:\/\/culturaliagz.com\/?p=10501"},"modified":"2022-07-06T23:05:37","modified_gmt":"2022-07-06T22:05:37","slug":"o-festival-atlantica-retoma-a-actividade-en-santiago-e-teo-cunha-quincena-de-espectaculos","status":"publish","type":"post","link":"http:\/\/culturaliagz.com\/?p=10501","title":{"rendered":"O Festival Atl\u00e1ntica retoma a actividade en Santiago e Teo cunha quincena de espect\u00e1culos"},"content":{"rendered":"\n<p><\/p>\n\n\n\n<p><\/p>\n\n\n<div class=\"wp-block-image\">\n<figure class=\"aligncenter size-large\"><a href=\"http:\/\/culturaliagz.com\/wp-content\/uploads\/2022\/07\/C1BFB72F-BD36-405F-AECC-094BC1D2DF3E.png\" target=\"_blank\" rel=\"noreferrer noopener\"><img loading=\"lazy\" decoding=\"async\" width=\"724\" height=\"1024\" src=\"http:\/\/culturaliagz.com\/wp-content\/uploads\/2022\/07\/C1BFB72F-BD36-405F-AECC-094BC1D2DF3E-724x1024.png\" alt=\"\" class=\"wp-image-10502\"\/><\/a><\/figure>\n<\/div>\n\n\n<p><\/p>\n\n\n\n<p><\/p>\n\n\n\n<p><strong>O FESTIVAL ATL\u00c1NTICA RETOMA A ACTIVIDADE EN SANTIAGO E TEO CUNHA QUINCENA DE ESPECT\u00c1CULOS<\/strong><\/p>\n\n\n\n<p>\u00b7&nbsp;&nbsp;&nbsp;&nbsp;&nbsp;&nbsp;&nbsp;&nbsp;<strong>Victoria Siedlecky, Carme Varela, Anxo Moure, Celso Fern\u00e1ndez Sanmart\u00edn, Dani Blanco e F\u00e9lix Albo participan na xornada do xoves en Santiago<\/strong><\/p>\n\n\n\n<p>\u00b7\u00a0\u00a0\u00a0\u00a0\u00a0\u00a0\u00a0\u00a0<strong>En paralelo, Atl\u00e1ntica contin\u00faa programando espect\u00e1culos noutros concellos de Galicia<\/strong><\/p>\n\n\n\n<p><\/p>\n\n\n\n<figure class=\"wp-block-gallery has-nested-images columns-2 is-cropped wp-block-gallery-1 is-layout-flex wp-block-gallery-is-layout-flex\">\n<figure class=\"wp-block-image size-large\"><a href=\"http:\/\/culturaliagz.com\/wp-content\/uploads\/2022\/07\/3BCB42B2-8F48-4C79-BC4C-4908903555F5.jpeg\" target=\"_blank\" rel=\"noreferrer noopener\"><img loading=\"lazy\" decoding=\"async\" width=\"960\" height=\"539\" data-id=\"10503\" src=\"http:\/\/culturaliagz.com\/wp-content\/uploads\/2022\/07\/3BCB42B2-8F48-4C79-BC4C-4908903555F5.jpeg\" alt=\"\" class=\"wp-image-10503\" srcset=\"http:\/\/culturaliagz.com\/wp-content\/uploads\/2022\/07\/3BCB42B2-8F48-4C79-BC4C-4908903555F5.jpeg 960w, http:\/\/culturaliagz.com\/wp-content\/uploads\/2022\/07\/3BCB42B2-8F48-4C79-BC4C-4908903555F5-480x270.jpeg 480w\" sizes=\"auto, (min-width: 0px) and (max-width: 480px) 480px, (min-width: 481px) 960px, 100vw\" \/><\/a><\/figure>\n\n\n\n<figure class=\"wp-block-image size-large\"><a href=\"http:\/\/culturaliagz.com\/wp-content\/uploads\/2022\/07\/2E049CB3-80A3-468E-8D32-E18CAE78C669.jpeg\" target=\"_blank\" rel=\"noreferrer noopener\"><img loading=\"lazy\" decoding=\"async\" width=\"820\" height=\"1024\" data-id=\"10505\" src=\"http:\/\/culturaliagz.com\/wp-content\/uploads\/2022\/07\/2E049CB3-80A3-468E-8D32-E18CAE78C669-820x1024.jpeg\" alt=\"\" class=\"wp-image-10505\"\/><\/a><\/figure>\n\n\n\n<figure class=\"wp-block-image size-large\"><a href=\"http:\/\/culturaliagz.com\/wp-content\/uploads\/2022\/07\/855854E5-7A53-462D-94CE-468CE7C5CB52.jpeg\" target=\"_blank\" rel=\"noreferrer noopener\"><img loading=\"lazy\" decoding=\"async\" width=\"697\" height=\"697\" data-id=\"10504\" src=\"http:\/\/culturaliagz.com\/wp-content\/uploads\/2022\/07\/855854E5-7A53-462D-94CE-468CE7C5CB52.jpeg\" alt=\"\" class=\"wp-image-10504\" srcset=\"http:\/\/culturaliagz.com\/wp-content\/uploads\/2022\/07\/855854E5-7A53-462D-94CE-468CE7C5CB52.jpeg 697w, http:\/\/culturaliagz.com\/wp-content\/uploads\/2022\/07\/855854E5-7A53-462D-94CE-468CE7C5CB52-480x480.jpeg 480w\" sizes=\"auto, (min-width: 0px) and (max-width: 480px) 480px, (min-width: 481px) 697px, 100vw\" \/><\/a><\/figure>\n\n\n\n<figure class=\"wp-block-image size-large\"><a href=\"http:\/\/culturaliagz.com\/wp-content\/uploads\/2022\/07\/00522B3C-83DD-453F-9112-AE5DE8AFBD49.jpeg\" target=\"_blank\" rel=\"noreferrer noopener\"><img loading=\"lazy\" decoding=\"async\" width=\"1024\" height=\"683\" data-id=\"10507\" src=\"http:\/\/culturaliagz.com\/wp-content\/uploads\/2022\/07\/00522B3C-83DD-453F-9112-AE5DE8AFBD49-1024x683.jpeg\" alt=\"\" class=\"wp-image-10507\" srcset=\"http:\/\/culturaliagz.com\/wp-content\/uploads\/2022\/07\/00522B3C-83DD-453F-9112-AE5DE8AFBD49-980x654.jpeg 980w, http:\/\/culturaliagz.com\/wp-content\/uploads\/2022\/07\/00522B3C-83DD-453F-9112-AE5DE8AFBD49-480x320.jpeg 480w\" sizes=\"auto, (min-width: 0px) and (max-width: 480px) 480px, (min-width: 481px) and (max-width: 980px) 980px, (min-width: 981px) 1024px, 100vw\" \/><\/a><\/figure>\n\n\n\n<figure class=\"wp-block-image size-large\"><a href=\"http:\/\/culturaliagz.com\/wp-content\/uploads\/2022\/07\/873852E9-AA6F-4DF8-B6DE-0E82279279C7-scaled.jpeg\" target=\"_blank\" rel=\"noreferrer noopener\"><img loading=\"lazy\" decoding=\"async\" width=\"1024\" height=\"683\" data-id=\"10509\" src=\"http:\/\/culturaliagz.com\/wp-content\/uploads\/2022\/07\/873852E9-AA6F-4DF8-B6DE-0E82279279C7-1024x683.jpeg\" alt=\"\" class=\"wp-image-10509\" srcset=\"http:\/\/culturaliagz.com\/wp-content\/uploads\/2022\/07\/873852E9-AA6F-4DF8-B6DE-0E82279279C7-980x653.jpeg 980w, http:\/\/culturaliagz.com\/wp-content\/uploads\/2022\/07\/873852E9-AA6F-4DF8-B6DE-0E82279279C7-480x320.jpeg 480w\" sizes=\"auto, (min-width: 0px) and (max-width: 480px) 480px, (min-width: 481px) and (max-width: 980px) 980px, (min-width: 981px) 1024px, 100vw\" \/><\/a><\/figure>\n\n\n\n<figure class=\"wp-block-image size-full\"><a href=\"http:\/\/culturaliagz.com\/wp-content\/uploads\/2022\/07\/F609A407-6ECA-4280-BA73-0F571447670F.jpeg\" target=\"_blank\" rel=\"noreferrer noopener\"><img loading=\"lazy\" decoding=\"async\" width=\"2500\" height=\"1667\" data-id=\"10506\" src=\"http:\/\/culturaliagz.com\/wp-content\/uploads\/2022\/07\/F609A407-6ECA-4280-BA73-0F571447670F.jpeg\" alt=\"\" class=\"wp-image-10506\" srcset=\"http:\/\/culturaliagz.com\/wp-content\/uploads\/2022\/07\/F609A407-6ECA-4280-BA73-0F571447670F.jpeg 2500w, http:\/\/culturaliagz.com\/wp-content\/uploads\/2022\/07\/F609A407-6ECA-4280-BA73-0F571447670F-1280x854.jpeg 1280w, http:\/\/culturaliagz.com\/wp-content\/uploads\/2022\/07\/F609A407-6ECA-4280-BA73-0F571447670F-980x653.jpeg 980w, http:\/\/culturaliagz.com\/wp-content\/uploads\/2022\/07\/F609A407-6ECA-4280-BA73-0F571447670F-480x320.jpeg 480w\" sizes=\"auto, (min-width: 0px) and (max-width: 480px) 480px, (min-width: 481px) and (max-width: 980px) 980px, (min-width: 981px) and (max-width: 1280px) 1280px, (min-width: 1281px) 2500px, 100vw\" \/><\/a><\/figure>\n\n\n\n<figure class=\"wp-block-image size-full\"><a href=\"http:\/\/culturaliagz.com\/wp-content\/uploads\/2022\/07\/35C48D46-662E-4125-86D9-7C6A57419694-scaled.jpeg\" target=\"_blank\" rel=\"noreferrer noopener\"><img loading=\"lazy\" decoding=\"async\" width=\"2560\" height=\"1513\" data-id=\"10508\" src=\"http:\/\/culturaliagz.com\/wp-content\/uploads\/2022\/07\/35C48D46-662E-4125-86D9-7C6A57419694-scaled.jpeg\" alt=\"\" class=\"wp-image-10508\" srcset=\"http:\/\/culturaliagz.com\/wp-content\/uploads\/2022\/07\/35C48D46-662E-4125-86D9-7C6A57419694-scaled.jpeg 2560w, http:\/\/culturaliagz.com\/wp-content\/uploads\/2022\/07\/35C48D46-662E-4125-86D9-7C6A57419694-1280x757.jpeg 1280w, http:\/\/culturaliagz.com\/wp-content\/uploads\/2022\/07\/35C48D46-662E-4125-86D9-7C6A57419694-980x579.jpeg 980w, http:\/\/culturaliagz.com\/wp-content\/uploads\/2022\/07\/35C48D46-662E-4125-86D9-7C6A57419694-480x284.jpeg 480w\" sizes=\"auto, (min-width: 0px) and (max-width: 480px) 480px, (min-width: 481px) and (max-width: 980px) 980px, (min-width: 981px) and (max-width: 1280px) 1280px, (min-width: 1281px) 2560px, 100vw\" \/><\/a><\/figure>\n<\/figure>\n\n\n\n<p><\/p>\n\n\n\n<p><\/p>\n\n\n\n<p>Logo dun breve descanso, o Festival Atl\u00e1ntica afronta a s\u00faa segunda metade con novos espect\u00e1culos por todo o pa\u00eds. No caso concreto de Santiago e Teo, est\u00e1n previstos un total de 15 funci\u00f3ns que se desenvolver\u00e1n ata a clausura do encontro o vindeiro s\u00e1bado, 9 de xullo. Esta intensa programaci\u00f3n \u00e9 posible grazas ao financiamento da Xunta de Galicia e da Deputaci\u00f3n da Coru\u00f1a e \u00e1 colaboraci\u00f3n dos concellos de Santiago e Teo e m\u00e1is as entidades participantes.<\/p>\n\n\n\n<p>A actividade en&nbsp;<strong>Santiago<\/strong>&nbsp;comezar\u00e1 esta tarde, m\u00e9rcores 6 de xullo,&nbsp;\u00e1s 17:30&nbsp;horas, co espect\u00e1culo \u2018Maxia\u2019 de&nbsp;<strong>Charo Pita<\/strong>&nbsp;na Aula de Pediatr\u00eda do Hospital Cl\u00ednico. A funci\u00f3n, destinada exclusivamente para o p\u00fablico infantil do CHUS, conta coa colaboraci\u00f3n de Asanog (Asociaci\u00f3n de Ayuda a Ni\u00f1os Oncol\u00f3gicos de Galicia).<\/p>\n\n\n\n<p>No tocante ao xoves, 7 de xullo, a primeira funci\u00f3n vai ser \u00e1 sombra do carballo centenario de Conxo e na compa\u00f1\u00eda da arxentina&nbsp;<strong>Victoria Siedlecky<\/strong>. O espect\u00e1culo programado \u00e9 \u2018Pequeno pa\u00eds\u2019 e est\u00e1 concibido para p\u00fablico familiar e infantil (nenos maiores de 4 anos).<\/p>\n\n\n\n<p>Pola tarde, \u00e1s 19 horas, dar\u00e1 comezo o \u2018Roteiro das desterradas\u2019 con&nbsp;<strong>Carme Varela<\/strong>, autora da premiada obra \u2018As desterradas\u2019 que vai ser o f\u00edo condutor deste paseo narrado. Os convites para esta actividade as\u00ed como para a outra edici\u00f3n prevista para o s\u00e1bado est\u00e1n esgotados desde hai semanas. Esta actividade conta coa colaboraci\u00f3n do Sorriso de Daniel, unha asociaci\u00f3n que traballa a prol da divulgaci\u00f3n e conservaci\u00f3n do rom\u00e1nico galego.<\/p>\n\n\n\n<p>Un chisco m\u00e1is tarde,&nbsp;\u00e1s 19:30&nbsp;horas, o Museo do Pobo Galego acoller\u00e1 a proxecci\u00f3n da curtametraxe documental<strong>&nbsp;\u2018Verbas no ar\u2019<\/strong>&nbsp;de&nbsp;<strong>Paco Paz e Ernesto Muleiro<\/strong>. Logo do visionado est\u00e1 previsto un coloquio no que participar\u00e1n Muleiro e os contadores&nbsp;<strong>Anxo Moure<\/strong>&nbsp;e&nbsp;<strong>Celso Fern\u00e1ndez Sanmart\u00edn<\/strong>, protagonistas do audiovisual.<\/p>\n\n\n\n<p>A xornada picheleira rematar\u00e1 cunha dobre funci\u00f3n na Carballeira de Conxo, a partir das&nbsp;21:30&nbsp;horas, protagonizada polas \u2018Historias de boca a boca\u2019 do galego&nbsp;<strong>Dani Blanco<\/strong>&nbsp;e as \u2018Yayer\u00edas\u2019 do valenciano&nbsp;<strong>F\u00e9lix Albo<\/strong>.<\/p>\n\n\n\n<p><strong>MARAT\u00d3N DE CONTOS<\/strong><\/p>\n\n\n\n<p>Pero Atl\u00e1ntica segue a espallar contos por toda Galicia e mentres todo isto est\u00e1 a acontecer en Santiago, o xoves tam\u00e9n haber\u00e1 espect\u00e1culo en&nbsp;<strong>Ourense<\/strong>&nbsp;con Rilo e Penadique (11:30 h, Praza da Rep\u00fablica, soportais da Biblioteca Municipal N\u00f3s) e mais&nbsp;<strong>Boiro<\/strong>&nbsp;con Mar\u00eda da Pontragha nun enclave singular: o Centro Arqueol\u00f3xico do Barbanza &#8211; Castros de Neix\u00f3n (21:30 h).<\/p>\n\n\n\n<p>Mais c\u00f3mpre visitar a web do festival para estar informado do resto de funci\u00f3ns porque ata o vindeiro 9 de xullo tam\u00e9n est\u00e1n programadas actividades en Cuntis, Dodro, Ribeira, Campo Lameiro, Paderne, Mondo\u00f1edo, Alfoz, Zas, A Pobra do Carami\u00f1al, Outes, Sanxenxo e Carnota ademais de Santiago e Teo.<\/p>\n\n\n\n<p><strong>Festival Atl\u00e1ntica<\/strong><\/p>\n\n\n\n<p>Atl\u00e1ntica, Festival Internacional de Narraci\u00f3n Oral, naceu no ano 2013 con sede en Santiago de Compostela cunha clara vocaci\u00f3n de ser un encontro de voces e historias de perfil atlantista. O seu obxectivo inicial era indagar nas ra\u00edces das historias do oc\u00e9ano, na procura da identidade cultural com\u00fan do Atl\u00e1ntico e nas historias que se foron difundindo polos cami\u00f1os do mar. Co paso do tempo este obxectivo ampliouse coa incorporaci\u00f3n da rede de festivais do atl\u00e1ntico e a interacci\u00f3n do patrimonio inmaterial das historias co patrimonio material e cultural de Galicia. Na actualidade, Atl\u00e1ntica presenta unha identidade propia e singular que o converte nun referente dentro dos encontros de narraci\u00f3n oral da Pen\u00ednsula Ib\u00e9rica e de Am\u00e9rica Latina.<\/p>\n\n\n\n<p><strong>+INFO:<\/strong>\u00a0<a href=\"http:\/\/festivalatlantica.gal\/\">http:\/\/<\/a><a href=\"http:\/\/festivalatlantica.gal\/\" target=\"_blank\" rel=\"noreferrer noopener\">festivalatlantica<\/a><a href=\"http:\/\/festivalatlantica.gal\/\">.gal<\/a><\/p>\n\n\n\n<p><\/p>\n\n\n<a href=\"http:\/\/culturaliagz.com\/wp-content\/uploads\/2022\/07\/20220706-NP-SANTIAGO_FestivalAtlantica.pdf\" class=\"pdfemb-viewer\" style=\"\" data-width=\"max\" data-height=\"max\" data-toolbar=\"bottom\" data-toolbar-fixed=\"off\">20220706-NP-SANTIAGO_FestivalAtlantica<\/a>\n<p class=\"wp-block-pdfemb-pdf-embedder-viewer\"><\/p>\n","protected":false},"excerpt":{"rendered":"<p>O FESTIVAL ATL\u00c1NTICA RETOMA A ACTIVIDADE EN SANTIAGO E TEO CUNHA QUINCENA DE ESPECT\u00c1CULOS \u00b7&nbsp;&nbsp;&nbsp;&nbsp;&nbsp;&nbsp;&nbsp;&nbsp;Victoria Siedlecky, Carme Varela, Anxo Moure, Celso Fern\u00e1ndez Sanmart\u00edn, Dani Blanco e F\u00e9lix Albo participan na [&hellip;]<\/p>\n","protected":false},"author":1,"featured_media":0,"comment_status":"open","ping_status":"open","sticky":false,"template":"","format":"standard","meta":{"_et_pb_use_builder":"","_et_pb_old_content":"","_et_gb_content_width":"","_jetpack_memberships_contains_paid_content":false,"footnotes":""},"categories":[23,7,129,6,1],"tags":[629],"class_list":["post-10501","post","type-post","status-publish","format-standard","hentry","category-autoresas","category-creacion","category-literaria","category-novas","category-xeral","tag-festival-atlantica"],"jetpack_featured_media_url":"","jetpack_sharing_enabled":true,"_links":{"self":[{"href":"http:\/\/culturaliagz.com\/index.php?rest_route=\/wp\/v2\/posts\/10501","targetHints":{"allow":["GET"]}}],"collection":[{"href":"http:\/\/culturaliagz.com\/index.php?rest_route=\/wp\/v2\/posts"}],"about":[{"href":"http:\/\/culturaliagz.com\/index.php?rest_route=\/wp\/v2\/types\/post"}],"author":[{"embeddable":true,"href":"http:\/\/culturaliagz.com\/index.php?rest_route=\/wp\/v2\/users\/1"}],"replies":[{"embeddable":true,"href":"http:\/\/culturaliagz.com\/index.php?rest_route=%2Fwp%2Fv2%2Fcomments&post=10501"}],"version-history":[{"count":3,"href":"http:\/\/culturaliagz.com\/index.php?rest_route=\/wp\/v2\/posts\/10501\/revisions"}],"predecessor-version":[{"id":10513,"href":"http:\/\/culturaliagz.com\/index.php?rest_route=\/wp\/v2\/posts\/10501\/revisions\/10513"}],"wp:attachment":[{"href":"http:\/\/culturaliagz.com\/index.php?rest_route=%2Fwp%2Fv2%2Fmedia&parent=10501"}],"wp:term":[{"taxonomy":"category","embeddable":true,"href":"http:\/\/culturaliagz.com\/index.php?rest_route=%2Fwp%2Fv2%2Fcategories&post=10501"},{"taxonomy":"post_tag","embeddable":true,"href":"http:\/\/culturaliagz.com\/index.php?rest_route=%2Fwp%2Fv2%2Ftags&post=10501"}],"curies":[{"name":"wp","href":"https:\/\/api.w.org\/{rel}","templated":true}]}}