{"id":10492,"date":"2022-07-01T18:49:00","date_gmt":"2022-07-01T17:49:00","guid":{"rendered":"http:\/\/culturaliagz.com\/?p=10492"},"modified":"2022-07-01T18:49:03","modified_gmt":"2022-07-01T17:49:03","slug":"diluvio-asi-e-o-terceiro-disco-de-tanxugueiras","status":"publish","type":"post","link":"http:\/\/culturaliagz.com\/?p=10492","title":{"rendered":"DILUVIO: as\u00ed \u00e9 o terceiro disco de Tanxugueiras"},"content":{"rendered":"\n<p><\/p>\n\n\n\n<p><\/p>\n\n\n\n<figure class=\"wp-block-image size-large\"><a href=\"http:\/\/culturaliagz.com\/wp-content\/uploads\/2022\/07\/56ABAB86-DD92-4CEF-BC00-D568314C7FEC.jpeg\" target=\"_blank\" rel=\"noreferrer noopener\"><img loading=\"lazy\" decoding=\"async\" width=\"1024\" height=\"1024\" src=\"http:\/\/culturaliagz.com\/wp-content\/uploads\/2022\/07\/56ABAB86-DD92-4CEF-BC00-D568314C7FEC-1024x1024.jpeg\" alt=\"\" class=\"wp-image-10493\" srcset=\"http:\/\/culturaliagz.com\/wp-content\/uploads\/2022\/07\/56ABAB86-DD92-4CEF-BC00-D568314C7FEC-980x980.jpeg 980w, http:\/\/culturaliagz.com\/wp-content\/uploads\/2022\/07\/56ABAB86-DD92-4CEF-BC00-D568314C7FEC-480x480.jpeg 480w\" sizes=\"auto, (min-width: 0px) and (max-width: 480px) 480px, (min-width: 481px) and (max-width: 980px) 980px, (min-width: 981px) 1024px, 100vw\" \/><\/a><\/figure>\n\n\n\n<p><\/p>\n\n\n\n<p><\/p>\n\n\n\n<p><strong>O \u00e1lbum incl\u00fae dez temas nos que as pandeireteiras cuestionan crenzas&nbsp;<\/strong>&nbsp;<\/p>\n\n\n\n<p><strong>e presuntas culpas para reformulalas como aprendizaxes vitais transformadoras<\/strong>&nbsp;<\/p>\n\n\n\n<p><strong>O disco, que estar\u00e1 dispo\u00f1ible en tendas e plataformas dixitais a partir do 29 de xullo, xa se pode reservar a trav\u00e9s da p\u00e1xina web oficial\u00a0<\/strong><a href=\"http:\/\/www.tanxugueiras.gal\/\" target=\"_blank\" rel=\"noreferrer noopener\">www.tanxugueiras.gal<\/a><strong>\u00a0<\/strong>\u00a0<\/p>\n\n\n\n<p>O terceiro disco de Tanxugueiras xa ten t\u00edtulo: \u2018<strong>DILUVIO<\/strong>\u2019. As pandeireteiras desvelan nesta xornada o<strong>\u00a0nome, portada e t\u00edtulos das canci\u00f3ns<\/strong>\u00a0do novo \u00e1lbum, que estar\u00e1 dispo\u00f1ible nas plataformas dixitais e tendas f\u00edsicas a partir do vindeiro 29 de xullo, e que xa se pode reservar a trav\u00e9s do espazo web oficial\u00a0\u00a0<a rel=\"noreferrer noopener\" href=\"http:\/\/www.tanxugueiras.gal\/\" target=\"_blank\">www.tanxugueiras.gal<\/a>.\u00a0\u00a0<\/p>\n\n\n\n<p>&nbsp;<br>Este terceiro traballo discogr\u00e1fico de Tanxugueiras, editado por Calaverita Records, referenda a li\u00f1a musical de Sabela Maneiro, Aida Tarr\u00edo e Olaia Maneiro, na que apostan pola reinterpretaci\u00f3n da tradici\u00f3n galega a trav\u00e9s da s\u00faa fusi\u00f3n con ritmos urbanos, pr\u00f3ximos ao trap ou a electr\u00f3nica. Neste sentido, \u2018DILUVIO\u2019, cuxa foto de portada \u00e9 obra de Neelam Khan Vela, nace como unha&nbsp;<strong>viaxe de revisi\u00f3n e cuestionamento de crenzas ou presuntas culpas instaladas na sociedade.<\/strong>&nbsp;<\/p>\n\n\n\n<p>Se con \u2018Contrapunto\u2019 as cantareiras propo\u00f1\u00edan un particular xogo de espello entre o lado bo e malo da vida, co novo \u00e1lbum pretenden provocar un&nbsp;<strong>aut\u00e9ntico \u2018DILUVIO\u2019 sobre o establecido<\/strong>: \u00e9 un cami\u00f1o que as pandeireteiras percorren a trav\u00e9s de verbos como ver, escoitar, equivocar, lembrar ou apoderar. Apoiadas sobre estes, a<strong>s m\u00fasicas apostan por reformular esas crenzas ou m\u00e1ximas e convertelas nunha serie de aprendizaxes transformadoras para a vida<\/strong>.&nbsp;<\/p>\n\n\n\n<p>\u00a0\u00a0<br><strong>\u2018DILUVIO\u2019<\/strong>\u00a0incl\u00fae dez temas \u2013e outros dous instrumentais de apertura e peche do disco-, dos que o p\u00fablico xa co\u00f1ece \u00e9xitos como \u2018Midas\u2019, \u2018Figa\u2019 \u2018Averno\u2019 ou \u2018Terra\u2019, ademais dos sinxelos recentemente publicados: \u2019Seghadoras\u2019, \u2018Desidia\u2019 e \u2018Pano Corado\u2019. Precisamente estes tres \u00faltimos temas dan boa conta da conceptualizaci\u00f3n do disco e reverte os discursos de odio e a opresi\u00f3n coa dignidade das \u2018Seghadoras\u2019, defende o dereito ao autocoidado con \u2018Desidia\u2019, ou chama pola defensa do amor libre en \u2018Pano Corado\u2019.\u00a0<strong>O venres 29 de xullo, d\u00eda do lanzamento do \u00e1lbum, daranse a co\u00f1ecer os cinco novos temas que pechan o DILUVIO<\/strong>: \u2018Treboada\u2019, \u2018Arica\u2019, \u2018Sorora\u2019, \u2018Fame de Odio\u2019 e \u2018Acougo\u2019.\u00a0<\/p>\n\n\n\n<p><\/p>\n\n\n<a href=\"http:\/\/culturaliagz.com\/wp-content\/uploads\/2022\/07\/20220701-NP-GAL-DILUVIO-e-o-novo-disco-de-Tanxugueiras.pdf\" class=\"pdfemb-viewer\" style=\"\" data-width=\"max\" data-height=\"max\" data-toolbar=\"bottom\" data-toolbar-fixed=\"off\">20220701-NP-GAL-DILUVIO-e-o-novo-disco-de-Tanxugueiras<\/a>\n<p class=\"wp-block-pdfemb-pdf-embedder-viewer\"><\/p>\n\n\n\n<p><\/p>\n","protected":false},"excerpt":{"rendered":"<p>O \u00e1lbum incl\u00fae dez temas nos que as pandeireteiras cuestionan crenzas&nbsp;&nbsp; e presuntas culpas para reformulalas como aprendizaxes vitais transformadoras&nbsp; O disco, que estar\u00e1 dispo\u00f1ible en tendas e plataformas dixitais [&hellip;]<\/p>\n","protected":false},"author":1,"featured_media":0,"comment_status":"open","ping_status":"open","sticky":false,"template":"","format":"standard","meta":{"_et_pb_use_builder":"","_et_pb_old_content":"","_et_gb_content_width":"","_jetpack_memberships_contains_paid_content":false,"footnotes":""},"categories":[23,7,6,57,1],"tags":[1222,1182],"class_list":["post-10492","post","type-post","status-publish","format-standard","hentry","category-autoresas","category-creacion","category-novas","category-outras-artes","category-xeral","tag-diluvio","tag-tanxugueiras"],"jetpack_featured_media_url":"","jetpack_sharing_enabled":true,"_links":{"self":[{"href":"http:\/\/culturaliagz.com\/index.php?rest_route=\/wp\/v2\/posts\/10492","targetHints":{"allow":["GET"]}}],"collection":[{"href":"http:\/\/culturaliagz.com\/index.php?rest_route=\/wp\/v2\/posts"}],"about":[{"href":"http:\/\/culturaliagz.com\/index.php?rest_route=\/wp\/v2\/types\/post"}],"author":[{"embeddable":true,"href":"http:\/\/culturaliagz.com\/index.php?rest_route=\/wp\/v2\/users\/1"}],"replies":[{"embeddable":true,"href":"http:\/\/culturaliagz.com\/index.php?rest_route=%2Fwp%2Fv2%2Fcomments&post=10492"}],"version-history":[{"count":2,"href":"http:\/\/culturaliagz.com\/index.php?rest_route=\/wp\/v2\/posts\/10492\/revisions"}],"predecessor-version":[{"id":10496,"href":"http:\/\/culturaliagz.com\/index.php?rest_route=\/wp\/v2\/posts\/10492\/revisions\/10496"}],"wp:attachment":[{"href":"http:\/\/culturaliagz.com\/index.php?rest_route=%2Fwp%2Fv2%2Fmedia&parent=10492"}],"wp:term":[{"taxonomy":"category","embeddable":true,"href":"http:\/\/culturaliagz.com\/index.php?rest_route=%2Fwp%2Fv2%2Fcategories&post=10492"},{"taxonomy":"post_tag","embeddable":true,"href":"http:\/\/culturaliagz.com\/index.php?rest_route=%2Fwp%2Fv2%2Ftags&post=10492"}],"curies":[{"name":"wp","href":"https:\/\/api.w.org\/{rel}","templated":true}]}}